{"id":1266757,"date":"2026-08-28T20:24:26","date_gmt":"2026-08-28T20:24:26","guid":{"rendered":"https:\/\/www.europesays.com\/de\/1266757\/"},"modified":"2026-08-28T20:24:26","modified_gmt":"2026-08-28T20:24:26","slug":"stromausfall-in-karlsruhe-ampelanlage-in-rueppurr-ausgefallen","status":"publish","type":"post","link":"https:\/\/www.europesays.com\/de\/1266757\/","title":{"rendered":"Stromausfall in Karlsruhe: Ampelanlage in R\u00fcppurr ausgefallen"},"content":{"rendered":"<p>            Aktualisierung, 14.36 Uhr: St\u00f6rung behoben<\/p>\n<p class=\"mb-6 text-xs-varying md:text-m lg:text-l font-serif group-[.font-sans]:font-sans \">\n    Auf Anfrage der Redaktion teilten die Stadtwerke mit, dass die <strong class=\"font-bold\">St\u00f6rung inzwischen behoben<\/strong> ist. Ursache war ein Defekt an einem Mittelspannungskabel. Betroffen waren die Stadtteile Durlach und R\u00fcppurr. Der Stromausfall dauerte rund eine Stunde an.\n  <\/p>\n<p>            28. August, 14.15 Uhr: Stromausfall legt Ampelanlage lahm<\/p>\n<p class=\"mb-6 text-xs-varying md:text-m lg:text-l font-serif group-[.font-sans]:font-sans \">\n    In <a href=\"https:\/\/www.ka-news.de\/karlsruhe\" target=\"_self\" class=\"underline \" rel=\"nofollow noopener\">Karlsruhe<\/a> kam es am Freitagmittag, 28. August zu einem Stromausfall. Das best\u00e4tigt die Polizei Karlsruhe gegen\u00fcber der Redaktion. Zu gr\u00f6\u00dferen Eins\u00e4tzen sei es aufgrund des Stromausfalls bislang nicht gekommen.\n  <\/p>\n<p class=\"mb-6 text-xs-varying md:text-m lg:text-l font-serif group-[.font-sans]:font-sans \">\n    Im Bereich R\u00fcppurr \/ Dammerstock<strong class=\"font-bold\"> fiel lediglich eine Ampelanlage aus<\/strong>. Die Stadtwerke Karlsruhe informieren zudem unter Ihrer Hotline \u00fcber eine \u201egro\u00dffl\u00e4chige St\u00f6rung in Karlsruhe\u201c.\n  <\/p>\n","protected":false},"excerpt":{"rendered":"Aktualisierung, 14.36 Uhr: St\u00f6rung behoben Auf Anfrage der Redaktion teilten die Stadtwerke mit, dass die St\u00f6rung inzwischen behoben&hellip;\n","protected":false},"author":2,"featured_media":1266758,"comment_status":"","ping_status":"","sticky":false,"template":"","format":"standard","meta":{"footnotes":"","_share_on_mastodon":"0"},"categories":[1844],"tags":[60620,1634,3364,29,20957,30,8903,121,139735,6053,135708,3809,5667,13583],"class_list":["post-1266757","post","type-post","status-publish","format-standard","has-post-thumbnail","category-karlsruhe","tag-aktualisierung","tag-baden-wuerttemberg","tag-de","tag-deutschland","tag-durlach","tag-germany","tag-karlsruhe","tag-polizei","tag-rueppurr","tag-stadtteil","tag-stadtwerke-karlsruhe","tag-stoerung","tag-stromausfall","tag-unterbrechung"],"share_on_mastodon":{"url":"https:\/\/pubeurope.com\/@de\/117175010369144430","error":""},"_links":{"self":[{"href":"https:\/\/www.europesays.com\/de\/wp-json\/wp\/v2\/posts\/1266757","targetHints":{"allow":["GET"]}}],"collection":[{"href":"https:\/\/www.europesays.com\/de\/wp-json\/wp\/v2\/posts"}],"about":[{"href":"https:\/\/www.europesays.com\/de\/wp-json\/wp\/v2\/types\/post"}],"author":[{"embeddable":true,"href":"https:\/\/www.europesays.com\/de\/wp-json\/wp\/v2\/users\/2"}],"replies":[{"embeddable":true,"href":"https:\/\/www.europesays.com\/de\/wp-json\/wp\/v2\/comments?post=1266757"}],"version-history":[{"count":0,"href":"https:\/\/www.europesays.com\/de\/wp-json\/wp\/v2\/posts\/1266757\/revisions"}],"wp:featuredmedia":[{"embeddable":true,"href":"https:\/\/www.europesays.com\/de\/wp-json\/wp\/v2\/media\/1266758"}],"wp:attachment":[{"href":"https:\/\/www.europesays.com\/de\/wp-json\/wp\/v2\/media?parent=1266757"}],"wp:term":[{"taxonomy":"category","embeddable":true,"href":"https:\/\/www.europesays.com\/de\/wp-json\/wp\/v2\/categories?post=1266757"},{"taxonomy":"post_tag","embeddable":true,"href":"https:\/\/www.europesays.com\/de\/wp-json\/wp\/v2\/tags?post=1266757"}],"curies":[{"name":"wp","href":"https:\/\/api.w.org\/{rel}","templated":true}]}}