{"id":1266889,"date":"2026-08-28T22:38:09","date_gmt":"2026-08-28T22:38:09","guid":{"rendered":"https:\/\/www.europesays.com\/de\/1266889\/"},"modified":"2026-08-28T22:38:09","modified_gmt":"2026-08-28T22:38:09","slug":"nordrhein-westfalen-ausnahmezustand-in-muenster-eine-stadt-steht-kopf","status":"publish","type":"post","link":"https:\/\/www.europesays.com\/de\/1266889\/","title":{"rendered":"Nordrhein-Westfalen: Ausnahmezustand in M\u00fcnster &#8211; eine Stadt steht Kopf"},"content":{"rendered":"<p>            <img loading=\"lazy\" decoding=\"async\" class=\"ts-image\" src=\"https:\/\/www.europesays.com\/de\/wp-content\/uploads\/2026\/08\/wdr-beleuchtete-gebaeude-am-prinzipalmarkt-in-muenster-archivbild-100.jpg\" alt=\"Beleuchtete Geb\u00e4ude am Prinzipalmarkt in M\u00fcnster (Archivbild)\" title=\"Wie auf den gro\u00dfen Stadtfesten der vergangenen Jahre, wird die Innenstadt von M\u00fcnster auch beim NRW-Tag f\u00fcr eine entspannte Atmosph\u00e4re sorgen. | M\u00fcnster Marketing \/ Peter Schwabe\"\/><\/p>\n<p class=\"metatextline\">Stand: 28.08.2026 \u2022 15:00 Uhr<\/p>\n<p class=\"article-head__shorttext\">\n        <strong>Radfahrer, H\u00e4ndler und Anwohner kommen kaum noch durch die Stadt. Trotzdem: die Vorfreude auf das Wochenende in M\u00fcnster \u00fcberwiegt.<\/strong>\n    <\/p>\n<p>Von Jonas Gutsche, Hartmut Vollmari\n                    <\/p>\n<p class=\"textabsatz m-ten m-offset-one l-eight l-offset-two columns twelve\">Wei\u00dfe Pavillons auf dem Prinzipalmarkt, B\u00fchnen \u00fcberall in der Stadt, Stra\u00dfensperren, Polizei und viele viele Menschen. Der NRW-Tag in M\u00fcnsters Innenstadt f\u00e4llt auf &#8211; vor allem den M\u00fcnsteranern selbst. Und das schon Tage bevor es \u00fcberhaupt losgeht. Die letzten LKW kreuzen am Freitagmittag die Festmeilen.<\/p>\n<ul class=\"buttongroup buttongroup--copytext\">\n<li class=\"buttongroup__item\">\n<p>    <a class=\"btn btn--text btn--standard-secondary btn--fullwidth\" href=\"https:\/\/www1.wdr.de\/nrw\/muenster\/nrw-tag-muenster-2026-100.html\" rel=\"nofollow noopener\" target=\"_blank\"><br \/>\n        Das m\u00fcsst ihr zum Start des NRW-Tags wissen<\/p>\n<p>  Pfeil rechts<\/p>\n<p>    <\/a>\n<\/li>\n<\/ul>\n<p class=\"textabsatz--contains-image  m-six l-five textabsatz columns twelve\">Unter dem Turm der Lambertikirche hallen am Freitagmittag laute Klopfger\u00e4usche \u00fcber den Prinzipalmarkt. Hier pr\u00e4sentiert sich die Steinmetz- und Steinbildhauer-Innung M\u00fcnster. &#8222;Wir m\u00fcssen uns die Zeit vertreiben, bis die Besucher kommen. Bis dahin machen wir hier selbst noch was!&#8220;, lacht Steinmetz Robert Wennemer.<\/p>\n<p class=\"absatzbild__info__text\">\n                        Ausnahmezustand in M\u00fcnster &#8211; eine Stadt steht Kopf\n                    <\/p>\n<blockquote class=\"zitat\">\n<p>\n                    Wir freuen uns auf den Tag hier, weil man so viele Menschen erreicht!<\/p>\n<\/blockquote>\n<p class=\"textabsatz m-ten m-offset-one l-eight l-offset-two columns twelve\">Robert Wennemer, Steinmetz<\/p>\n<p class=\"textabsatz m-ten m-offset-one l-eight l-offset-two columns twelve\">Mit Hammer und Mei\u00dfel k\u00f6nnen Besucher sich hier selbst an kleinen Steinbl\u00f6cken ausprobieren und kreativ austoben.<\/p>\n<p class=\"textabsatz--contains-image  m-six l-five textabsatz columns twelve\">Alexander Gr\u00fcmer betreibt ein Herrenbekleidungsgesch\u00e4ft in M\u00fcnsters Innenstadt. Auch vor seiner T\u00fcr stehen Zelte und Essensst\u00e4nde. Er kennt das, einen Umsatz am verkaufsoffenen Sonntag erwartet er nicht wirklich.<\/p>\n<blockquote class=\"zitat\">\n<p>\n                    Wir freuen uns einfach auf die vielen G\u00e4ste, die aus dem Umland nach M\u00fcnster kommen.<\/p>\n<\/blockquote>\n<p class=\"textabsatz m-ten m-offset-one l-eight l-offset-two columns twelve\">Alexander Gr\u00fcmer, Einzelh\u00e4ndler aus M\u00fcnster<\/p>\n<p class=\"textabsatz m-ten m-offset-one l-eight l-offset-two columns twelve\">Gr\u00fcmer sieht den NRW-Tag stattdessen als Werbung f\u00fcr die H\u00e4ndler in der Innenstadt. Wer hier am NRW-Tag einen sch\u00f6nen Tag hat, kommt vielleicht auch sp\u00e4ter f\u00fcr einen entspannten Einkaufsbummel zur\u00fcck nach M\u00fcnster.<\/p>\n<p>    Urlaub f\u00fcr den NRW-Tag in M\u00fcnster umgeplant<\/p>\n<p class=\"textabsatz--contains-image  m-six l-five textabsatz columns twelve\">So einen Bummel hatte auch Jean-Pierre Halkin mit seiner Familie aus Belgien geplant. Er ist v\u00f6llig \u00fcberrascht vom Trubel in der geschm\u00fcckten Innenstadt. Eigentlich verbringen Sie den Urlaub in D\u00fcsseldorf. Jetzt bleiben sie bis zum sp\u00e4ten Abend in M\u00fcnster, um sich den Auftakt der NRW-Tage anzusehen.<\/p>\n<blockquote class=\"zitat\">\n<p>\n                    Der Regen wird uns heute nicht davon abhalten, hier einen sch\u00f6nen Tag zu verbringen!<\/p>\n<\/blockquote>\n<p class=\"textabsatz m-ten m-offset-one l-eight l-offset-two columns twelve\">Jean-Pierre Halkin, Besucher aus Belgien (von der Redaktion \u00fcbersetzt)<\/p>\n<p class=\"textabsatz--contains-image  m-six l-five textabsatz columns twelve\">So wie Jean-Pierre Halkin und seiner Familie geht es vielen, die am Freitagmittag in der Innenstadt unterwegs sind. Selbst M\u00fcnsteraner sind \u00fcberrascht. Wie Melanie Bachhaus: sie hatte ganz vergessen, dass in der Innenstadt so viel los ist.<\/p>\n<blockquote class=\"zitat\">\n<p>\n                    Das ist ein tolles Feeling hier! Ich finde es total sch\u00f6n zu sehen, was hier entsteht. Beim Aufbau mit dabei zu sein hat so eine Entspanntheit!<\/p>\n<\/blockquote>\n<p class=\"textabsatz m-ten m-offset-one l-eight l-offset-two columns twelve\">Melanie Bachhaus, M\u00fcnsteranerin<\/p>\n<p>    Bands und K\u00fcnstler spielen Konzerte auf gro\u00dfen B\u00fchnen in der Innenstadt<\/p>\n<p class=\"textabsatz--contains-image  m-six l-five textabsatz columns twelve\">Viele &#8211; vor allem junge &#8211; Fans freuen sich auf die gro\u00dfen Konzerte am Domplatz. Am Freitagabend spielt der Berliner Indiemusiker Zartmann hier auf der gro\u00dfen B\u00fchne. Dieses Konzert geh\u00f6rt aber zum Stadtfest &#8222;M\u00fcnster mittendrin&#8220;. Und das kostet allerdings Eintritt.<\/p>\n<p class=\"absatzbild__info__text\">\n                        Krone 2025 Gast &#8211; Zartmann\n                    <\/p>\n<blockquote class=\"zitat\">\n<p>\n                    Ich bin zwar Berliner, aber ich lieb\u2019s ja sehr in NRW. Live-Konzerte hier sind immer sehr spa\u00dfig. Tolle Energie, tolle Menschen!&#8220;<\/p>\n<\/blockquote>\n<p class=\"textabsatz m-ten m-offset-one l-eight l-offset-two columns twelve\">Zartmann, Indiemusiker<\/p>\n<p class=\"textabsatz m-ten m-offset-one l-eight l-offset-two columns twelve\">Dar\u00fcber hinaus treten viele weitere K\u00fcnstler auf. Bei vielen der Veranstaltungen ist der Eintritt frei. <a href=\"https:\/\/www.nrw-tag.ms\/schedule\" title=\"Das Programm des NRW-Tags\" class=\"textlink--extern js-link-dialog\" rel=\"noopener noreferrer nofollow\" target=\"_blank\" data-type=\"external\">Hier<\/a> findet ihr das komplette Programm in M\u00fcnster.<\/p>\n<p class=\"textabsatz m-ten m-offset-one l-eight l-offset-two columns twelve\">Am Freitag um 16:48 Uhr wurde der NRW-Tag offiziell er\u00f6ffnet &#8211; angelehnt an das Jahr des Westf\u00e4lischen Friedens. Zum Auftakt wurden die Kirchenglocken in der Innenstadt drei Minuten lang gleichzeitig gel\u00e4utet.<\/p>\n<p class=\"textabsatz m-ten m-offset-one l-eight l-offset-two columns twelve\"><strong>Sendung: WDR.de<\/strong>, NRW-Tag sorgt f\u00fcr Ausnahmezustand in M\u00fcnster, <strong>28.08.2026<\/strong>, 14:00 Uhr<\/p>\n<p>    Unsere Quellen:<\/p>\n<ul class=\"bulletpoint-list \">\n<li>WDR-Reporter vor Ort<\/li>\n<li>Stadt M\u00fcnster<\/li>\n<\/ul>\n<ul class=\"buttongroup buttongroup--copytext\">\n<li class=\"buttongroup__item\">\n<p>    <a class=\"btn btn--text btn--standard-secondary btn--fullwidth\" href=\"https:\/\/www1.wdr.de\/radio\/wdr5\/sendungen\/stadtgespraech\/demokratie-staerken-104.html\" rel=\"nofollow noopener\" target=\"_blank\"><br \/>\n        Demokratie gemeinsam st\u00e4rken: Wie sch\u00fctzen wir unsere Freiheit?<\/p>\n<p>  Pfeil rechts<\/p>\n<p>    <\/a>\n<\/li>\n<li class=\"buttongroup__item\">\n<p>    <a class=\"btn btn--text btn--standard-secondary btn--fullwidth\" href=\"https:\/\/www1.wdr.de\/kultur\/britische-soldaten-nrw100.html\" rel=\"nofollow noopener\" target=\"_blank\"><br \/>\n        Wie britische Soldaten unser Bundesland gepr\u00e4gt haben<\/p>\n<p>  Pfeil rechts<\/p>\n<p>    <\/a>\n<\/li>\n<\/ul>\n<p>                                        <a class=\"backlink__link\" href=\"https:\/\/www1.wdr.de\/nrw\/muenster\/nrw-tag-muenster-2026-108.html\" rel=\"nofollow noopener\" target=\"_blank\"><\/p>\n<p>                                                <img decoding=\"async\" src=\"https:\/\/images.tagesschau.de\/image\/9ef70e2e-6dd6-4b18-afd2-7063c40e8939\/AAABlap_yqU\/AAABnR8VW9w\/original\/lra-wdr-logo-100.svg\" alt=\"Westdeutscher Rundfunk\"\/><\/p>\n<p>                                        <\/a><\/p>\n","protected":false},"excerpt":{"rendered":"Stand: 28.08.2026 \u2022 15:00 Uhr Radfahrer, H\u00e4ndler und Anwohner kommen kaum noch durch die Stadt. Trotzdem: die Vorfreude&hellip;\n","protected":false},"author":2,"featured_media":1266890,"comment_status":"","ping_status":"","sticky":false,"template":"","format":"standard","meta":{"footnotes":"","_share_on_mastodon":"0"},"categories":[1843],"tags":[3364,29,30,8970,1209,225],"class_list":["post-1266889","post","type-post","status-publish","format-standard","has-post-thumbnail","category-muenster","tag-de","tag-deutschland","tag-germany","tag-muenster","tag-nordrhein-westfalen","tag-wdr"],"share_on_mastodon":{"url":"https:\/\/pubeurope.com\/@de\/117175552663727410","error":""},"_links":{"self":[{"href":"https:\/\/www.europesays.com\/de\/wp-json\/wp\/v2\/posts\/1266889","targetHints":{"allow":["GET"]}}],"collection":[{"href":"https:\/\/www.europesays.com\/de\/wp-json\/wp\/v2\/posts"}],"about":[{"href":"https:\/\/www.europesays.com\/de\/wp-json\/wp\/v2\/types\/post"}],"author":[{"embeddable":true,"href":"https:\/\/www.europesays.com\/de\/wp-json\/wp\/v2\/users\/2"}],"replies":[{"embeddable":true,"href":"https:\/\/www.europesays.com\/de\/wp-json\/wp\/v2\/comments?post=1266889"}],"version-history":[{"count":0,"href":"https:\/\/www.europesays.com\/de\/wp-json\/wp\/v2\/posts\/1266889\/revisions"}],"wp:featuredmedia":[{"embeddable":true,"href":"https:\/\/www.europesays.com\/de\/wp-json\/wp\/v2\/media\/1266890"}],"wp:attachment":[{"href":"https:\/\/www.europesays.com\/de\/wp-json\/wp\/v2\/media?parent=1266889"}],"wp:term":[{"taxonomy":"category","embeddable":true,"href":"https:\/\/www.europesays.com\/de\/wp-json\/wp\/v2\/categories?post=1266889"},{"taxonomy":"post_tag","embeddable":true,"href":"https:\/\/www.europesays.com\/de\/wp-json\/wp\/v2\/tags?post=1266889"}],"curies":[{"name":"wp","href":"https:\/\/api.w.org\/{rel}","templated":true}]}}