{"id":1266938,"date":"2026-08-29T02:05:23","date_gmt":"2026-08-29T02:05:23","guid":{"rendered":"https:\/\/www.europesays.com\/de\/1266938\/"},"modified":"2026-08-29T02:05:23","modified_gmt":"2026-08-29T02:05:23","slug":"907-chemnitzer-fc-rettet-punkt-gegen-neun-jenaer","status":"publish","type":"post","link":"https:\/\/www.europesays.com\/de\/1266938\/","title":{"rendered":"90+7: Chemnitzer FC rettet Punkt gegen neun Jenaer"},"content":{"rendered":"<p class=\"topline\">Fu\u00dfball | Regionalliga<\/p>\n<p>\n                Stand: 28.08.2026 22:50 Uhr<\/p>\n<p class=\"preface\">Dramatik in Chemnitz: Der CFC hat sp\u00e4t in der Nachspielzeit noch ein Remis gegen den FC Carl Zeiss Jena erreicht. Die Th\u00fcringer waren in einer Abwehrschlacht am Ende in doppelter Unterzahl. <\/p>\n<p class=\"\">Der Chemnitzer FC hat in der Nachspielzeit noch einen Z\u00e4hler gegen den FC Carl Zeiss Jena geholt. David Vogt traf gegen nur noch neun G\u00e4ste-Spieler in der 97. Minute zum umjubelten 1:1. Nach einem fr\u00fchen R\u00fcckstand durch Munser (4.) sahen die \u00fcber 8.000 Zuschauer eine Partie auf ein Tor, bei dem sich Jena zwei Gelb-Rote und eine Rote nach Spielschluss einhandelte. Durch das Remis \u00fcberholten die Himmelblauen Spitzenreiter Rot-Wei\u00df Erfurt zumindest \u00fcber Nacht und bleiben in dieser Saison ungeschlagen.<\/p>\n<p>\n            <strong>Video:<\/strong><br \/>\n            CFC-Sportdirektor L\u00f6we: &#8222;H\u00e4tten den Sieg mehr als verdient gehabt&#8220; (2 Min)\n        <\/p>\n<p>Ende<\/p>\n<p>\n                    28.08.2026<br \/>\n                    19:00 Uhr\n                <\/p>\n<p>                            <img decoding=\"async\" alt=\"\" aria-hidden=\"true\" class=\"steno-team-emblem\" src=\"https:\/\/images.mdr.de\/image\/9793db12-131c-457d-b136-81660172bd13\/AAABnn25cwc\/AAABnR8VW9w\/original\/wappen254.svg\"\/><\/p>\n<p>                            <img decoding=\"async\" alt=\"\" aria-hidden=\"true\" class=\"steno-team-emblem\" src=\"https:\/\/images.mdr.de\/image\/4cecd53d-c1f9-4711-9981-40578aaad2c4\/AAABnn29bnY\/AAABnR8VW9w\/original\/wappen358.svg\"\/><\/p>\n<p>                    Aufstellung<\/p>\n<p>D. Richter &#8211; R. Eppendorfer (62. J. Gr\u00f6ger), J. L\u00f6hmannsr\u00f6ben, D. Slamar, K. Tchouangue (86. J. Marx) &#8211; T. Baumgart, A. Geipl (62. J. Pistol), D. Vogt &#8211; D. Alberico (62. M. Grimaldi), R. Berlinski, M. Fesser (74. T. Stockinger)<\/p>\n<p>M. Liesegang &#8211; M. Boog, N. Butzen, E. Munser (46. L. Wollschl\u00e4ger), S. Reddemann, M. Talabidi (62. J. Werner) &#8211; D. Ajvazi (62. T. Teuber \/ 88. M. Hehne), M. Fritz, E. L\u00f6der (46. K. Lankford) &#8211; T. Burmeister, M. Eshele<\/p>\n<p>                        Tore<\/p>\n<ul class=\"steno-facts-list\" aria-label=\"Liste der im Spiel erzielten Treffer\">\n<li><strong>0:1<\/strong> E. Munser (4.)<\/li>\n<li><strong>1:1<\/strong> D. Vogt (90. +7)<\/li>\n<\/ul>\n<p>                <a class=\"button tiny-inverse-fixed steno-link\" href=\"https:\/\/www.mdr.de\/sport\/ergebnisse\/spielstatistik-3904.html\" rel=\"nofollow noopener\" target=\"_blank\">Weitere Daten zum Spiel<\/a><\/p>\n<p>Fu\u00dfball, Regionalliga Nordost (M)<\/p>\n<p>                <a class=\"button tiny-inverse-fixed steno-link\" href=\"https:\/\/www.mdr.de\/sport\/ergebnisse\/Alle-Ergebnisse-Regionalliga-Nordost-Fussball-2026-2027,fussballmaenner-660.html\" rel=\"nofollow noopener\" target=\"_blank\">Ergebnisse und Tabelle<\/a><\/p>\n<p>    Jena mit der fr\u00fchen F\u00fchrung<\/p>\n<p class=\"\">Dabei begann die Begegnung aus G\u00e4stesicht optimal: Munser zog nach einem gewonnen Kopfball im Mittelfeld rechts auf und davon und \u00fcberwand Richter fr\u00fch (4.). Erst das dritte Saisongegentor f\u00fcr das Team von Benjamin Duda. Chemnitz antwortete mit vertikalem Spiel in die Spitze. Die G\u00e4ste hatten da schon Probleme mit dem Zugriff. Alberico tauchte nach Vogt-Zuspiel vor Schlussmann Liesegang auf, der Keeper verhinderte den schnellen Ausgleich mit Blitzreflex (11.). Der Chemnitzer Angriffsschwung ebbte nach der 25. Minute ab, beide Fanlager protestierten in dieser Phase gegen die Aufstiegsregelung in die 3. Liga. Der FC Carl Zeiss blieb offensiv aber weiter harmlos. Bis in die Nachspielzeit hinein, da tauchte Munser vor Richter auf, Slamar rettete vor der Linie, den Abpraller schlug Jenas Angreifer Eshele mit der Hand weiter &#8211; ein klares Handspiel, das mit Gelb und in der Folge mit Gelb-Rot bedacht wurde. Denn Eshele hatte kurz zuvor bereits Gelb gesehen.<\/p>\n<p>                    <a href=\"https:\/\/www.europesays.com\/de\/wp-content\/uploads\/2026\/08\/chemnitzer-fc-carl-zeiss-jena-100.webp\" class=\"zoomimage\" title=\"Bild vergr\u00f6\u00dfern\"><\/p>\n<p>        <img decoding=\"async\" src=\"https:\/\/www.europesays.com\/de\/wp-content\/uploads\/2026\/08\/chemnitzer-fc-carl-zeiss-jena-100.webp\" alt=\"Der Schiedsrichter zeigt Manasse Eshele die Gelb-Rote Karte.\" title=\"Der Schiedsrichter zeigt Manasse Eshele die Gelb-Rote Karte. | IMAGO \/ H\u00e4rtelPRESS \" class=\"responsive\" loading=\"lazy\"\/><\/p>\n<p>                    <\/a><\/p>\n<p>    Liesegang h\u00e4lt 1:0 lange fest<\/p>\n<p class=\"\">In \u00dcberzahl rannte Chemnitz nach der Pause uentwegt an. Die G\u00e4ste probierten es mit zwei Viererketten, konnte sich aber vor allem bei Torwart Liesegang bedanken, dass es lange beim 1:0 blieb und der Sieg in Reichweite schien. Eine Pyro-Show in rot von den CFC-Anh\u00e4ngern sorgte f\u00fcr die n\u00e4chste Unterbrechung (68.). Die Nachspielzeit w\u00fcrde deftig werden. Berlinskis Ablage auf Marx geriet zu ungenau (78.), Pistols Abschluss faustete Liesegang weg (79.).<\/p>\n<p>    Ausgleich und zwei Platzverweise<\/p>\n<p class=\"\">Dann wurde es dramatisch: Marx&#8216; 1:1 wurde wegen Abseits abgepfiffen (89.), Werner verpasste bei einem Konter die Entscheidung gleich zweimal (90.). Erst scheiterte der Joker an der Latte, dann an CFC-Torh\u00fcter Richter. Jena-Verteidiger Reddemann sah innerhalb kurzer Zeit, \u00e4hnlich wie Kollege Eshele, zweimal Gelb und musste vom Platz ((90.+3). Der Druck von Chemnitz nahm noch einmal zu: Vogt belohnte den Sturmlauf nach Berlinski-Zuspiel von links aus zw\u00f6lf Metern (90.+7). Nach Schlusspfiff sah Jena-Coach Grote, der den Schiedsrichter bedr\u00e4ngte, noch Rot. Es folgte auch noch eine Rudelbildung. Die emotionalen 100 Minuten hatten beiden Team alles abverlangt.<\/p>\n<p>\n            <strong>Video:<\/strong><br \/>\n            Jena-Coach Grote: &#8222;Hochverdienter Punkt gegen viele Gegenspieler&#8220; (5 Min)\n        <\/p>\n<p class=\"\">cke<\/p>\n<p>        <img decoding=\"async\" src=\"https:\/\/www.europesays.com\/de\/wp-content\/uploads\/2026\/08\/chemnitzer-fc-logo-100.webp\" alt=\"Logo Chemnitzer FC \" title=\"Logo Chemnitzer FC  | Verein\" class=\"responsive\" loading=\"lazy\"\/><\/p>\n<p>Fu\u00dfball | Regionalliga<\/p>\n<p>Der Chemnitzer FC spielt in der Regionalliga Nordost. Der CFC tr\u00e4gt seine Heimspiele im Stadion an der Gellertstra\u00dfe aus. Trainiert werden die Himmelblauen aktuell von Benjamin Duda. <\/p>\n<p>        <img decoding=\"async\" src=\"https:\/\/www.europesays.com\/de\/wp-content\/uploads\/2026\/08\/1787969112_757_carl-zeiss-jena-logo-100.webp\" alt=\"Logo Carl Zeiss Jena\" title=\"Logo Carl Zeiss Jena | Verein\" class=\"responsive\" loading=\"lazy\"\/><\/p>\n<p>Fu\u00dfball | Regionalliga<\/p>\n<p>Der FC Carl Zeiss Jena spielt in der Regionalliga Nordost. Die Heimspielst\u00e4tte der Fu\u00dfballer des FCC ist das Ernst-Abbe-Sportfeld an den Kernbergen. Zur Saison 2026\/27 \u00fcbernimmt Marco Grote das Traineramt.<\/p>\n<p>        <img decoding=\"async\" src=\"https:\/\/www.europesays.com\/de\/wp-content\/uploads\/2026\/08\/1787969123_972_google-handy-100.webp\" alt=\"Ein Handy liegt auf einer Laptoptastatur. Das Display zeigt das Google Logo\" title=\"Ein Handy liegt auf einer Laptoptastatur. Das Display zeigt das Google Logo |  IMAGO \/ SOPA Images\" class=\"responsive\" loading=\"lazy\"\/><\/p>\n<p>Nachrichten personalisieren<\/p>\n<p>Die Nachrichtenlage ist un\u00fcbersichtlich und Sie wollen aktuelle Informationen aus Ihrer Region, die f\u00fcr Sie relevant sind? Dann legen Sie MDR.de als bevorzugte Quelle in der Google-Suche fest. So funktioniert&#8217;s.<\/p>\n","protected":false},"excerpt":{"rendered":"Fu\u00dfball | Regionalliga Stand: 28.08.2026 22:50 Uhr Dramatik in Chemnitz: Der CFC hat sp\u00e4t in der Nachspielzeit noch&hellip;\n","protected":false},"author":2,"featured_media":1266939,"comment_status":"","ping_status":"","sticky":false,"template":"","format":"standard","meta":{"footnotes":"","_share_on_mastodon":"0"},"categories":[1851],"tags":[106601,2770,6178,3364,29,548,663,3934,12438,347,30,13,15426,14,15,3458,859,12,3499],"class_list":["post-1266938","post","type-post","status-publish","format-standard","has-post-thumbnail","category-chemnitz","tag-7-spieltag","tag-chemnitz","tag-chemnitzer-fc","tag-de","tag-deutschland","tag-eu","tag-europa","tag-europe","tag-fc-carl-zeiss-jena","tag-fussball","tag-germany","tag-headlines","tag-mdr-sport-im-osten","tag-nachrichten","tag-news","tag-regionalliga-nordost","tag-sachsen","tag-schlagzeilen","tag-spio"],"share_on_mastodon":{"url":"https:\/\/pubeurope.com\/@de\/117176357893188395","error":""},"_links":{"self":[{"href":"https:\/\/www.europesays.com\/de\/wp-json\/wp\/v2\/posts\/1266938","targetHints":{"allow":["GET"]}}],"collection":[{"href":"https:\/\/www.europesays.com\/de\/wp-json\/wp\/v2\/posts"}],"about":[{"href":"https:\/\/www.europesays.com\/de\/wp-json\/wp\/v2\/types\/post"}],"author":[{"embeddable":true,"href":"https:\/\/www.europesays.com\/de\/wp-json\/wp\/v2\/users\/2"}],"replies":[{"embeddable":true,"href":"https:\/\/www.europesays.com\/de\/wp-json\/wp\/v2\/comments?post=1266938"}],"version-history":[{"count":0,"href":"https:\/\/www.europesays.com\/de\/wp-json\/wp\/v2\/posts\/1266938\/revisions"}],"wp:featuredmedia":[{"embeddable":true,"href":"https:\/\/www.europesays.com\/de\/wp-json\/wp\/v2\/media\/1266939"}],"wp:attachment":[{"href":"https:\/\/www.europesays.com\/de\/wp-json\/wp\/v2\/media?parent=1266938"}],"wp:term":[{"taxonomy":"category","embeddable":true,"href":"https:\/\/www.europesays.com\/de\/wp-json\/wp\/v2\/categories?post=1266938"},{"taxonomy":"post_tag","embeddable":true,"href":"https:\/\/www.europesays.com\/de\/wp-json\/wp\/v2\/tags?post=1266938"}],"curies":[{"name":"wp","href":"https:\/\/api.w.org\/{rel}","templated":true}]}}