{"id":1266946,"date":"2026-08-29T02:30:49","date_gmt":"2026-08-29T02:30:49","guid":{"rendered":"https:\/\/www.europesays.com\/de\/1266946\/"},"modified":"2026-08-29T02:30:49","modified_gmt":"2026-08-29T02:30:49","slug":"agostea-schliessung-in-karlsruhe-spaltet-die-online-community-ueber-clubs","status":"publish","type":"post","link":"https:\/\/www.europesays.com\/de\/1266946\/","title":{"rendered":"Agostea-Schlie\u00dfung in Karlsruhe spaltet die Online-Community \u00fcber Clubs"},"content":{"rendered":"<p class=\"mb-6 text-xs-varying md:text-m lg:text-l font-serif group-[.font-sans]:font-sans \">\n    <a href=\"https:\/\/www.ka-news.de\/karlsruhe\" target=\"_self\" class=\"underline \" rel=\"nofollow noopener\">Karlsruhe<\/a> verliert einen seiner bekanntesten Clubs \u2013 und das sorgt im Netz f\u00fcr reichlich Gespr\u00e4chsstoff. Das Agostea galt 21 Jahre lang als eine feste Institution im Karlsruher Nachtleben. <a href=\"https:\/\/www.ka-news.de\/karlsruhe\/freizeit-und-veranstaltungen\/karlsruhes-kult-club-agostea-beendet-betrieb-1-115090324\" target=\"_self\" class=\"underline \" rel=\"nofollow noopener\">Am Donnerstag, 27. August, haben die Betreiber auf Instagram jedoch \u201eaus betrieblichen Gr\u00fcnden\u201c \u00fcberraschend die Schlie\u00dfung der Disco bekanntgegeben.<\/a>\n  <\/p>\n<p>            \u201eVor 15 Jahren hatte ich dort ne verdammt wilde Zeit\u201c<\/p>\n<p class=\"mb-6 text-xs-varying md:text-m lg:text-l font-serif group-[.font-sans]:font-sans \">\n    Das Aus sorgt derweil f\u00fcr reichlich Gespr\u00e4chsstoff im Netz. So manch einer erinnert sich an lange und wilde Partyn\u00e4chte zur\u00fcck. Schnell wird klar: F\u00fcr viele geht mit dem Agostea ein St\u00fcck Karlsruher Nachtleben verloren.\n  <\/p>\n<p class=\"mb-6 text-xs-varying md:text-m lg:text-l font-serif group-[.font-sans]:font-sans \">\n    So schreibt etwa ka-news-Kommentatorin Hokus Pokus auf Facebook: \u201eVor 15 Jahren hatte ich dort ne wilde, verdammt wilde Zeit.\u201c Manuel Wilhelm meint: <strong class=\"font-bold\">\u201eSch\u00f6ne Zeit war es damals im ago.\u201c<\/strong>\n  <\/p>\n<p>            \u201eWar nie einer der besten Clubs, aber trotzdem schade\u201c<\/p>\n<p class=\"mb-6 text-xs-varying md:text-m lg:text-l font-serif group-[.font-sans]:font-sans \">\n    Userin Stefanie Meigel erkl\u00e4rt: \u201eWar seit ca. 15 Jahren nicht mehr da, aber bin jetzt ziemlich geschockt.\u201c Auch Kommentator Nico Leykam ist traurig \u00fcber das Ende: \u201e<a href=\"https:\/\/www.ka-news.de\/karlsruhe\/stadtgespraech\/welche-clubs-sind-in-karlsruhe-am-besten-bewertet-7-112767643\" target=\"_self\" class=\"underline \" rel=\"nofollow noopener\">War nie einer der besten<\/a>, aber trotzdem schade. Die Club Landschaft stirbt immer weiter aus\u201c, schreibt er auf Facebook.\n  <\/p>\n<p class=\"mb-6 text-xs-varying md:text-m lg:text-l font-serif group-[.font-sans]:font-sans \">\n    Michael Westenberger zollt dem Agostea f\u00fcr das Durchhalten \u201ein diesen schwierigen Zeiten\u201c seinen Respekt und erkl\u00e4rt:<strong class=\"font-bold\"> \u201eIch w\u00fcnsche den Betreibern f\u00fcr die Zukunft alles erdenklich Gute.\u201c<\/strong>\n  <\/p>\n<p>            \u201eKein gro\u00dfer Verlust\u201c<\/p>\n<p class=\"mb-6 text-xs-varying md:text-m lg:text-l font-serif group-[.font-sans]:font-sans \">\n    Die Kommentarspalte macht allerdings auch klar: <strong class=\"font-bold\">L\u00e4ngst nicht alle trauern der langj\u00e4hrigen Party-Adresse hinterher.<\/strong> Auch deutliche Erleichterung ist in der Online-Community herauszulesen. User Patrick Kauz etwa meint schlicht: \u201eGott sei Dank.\u201c Diese Ansicht teilt offenbar auch Benny Costanzo und schreibt: \u201eWird langsam auch Zeit.\u201c\n  <\/p>\n<p class=\"mb-6 text-xs-varying md:text-m lg:text-l font-serif group-[.font-sans]:font-sans \">\n    Facebook-Kommentatorin Nadine Hartmann bezeichnet das Agostea gar als <strong class=\"font-bold\">\u201eDrogenschuppen<\/strong>\u201c. User Ma Rei ist scheibar ebenfalls nicht traurig \u00fcber die Schlie\u00dfung: \u201eKein gro\u00dfer Verlust, war nie meine erste Adresse. Und kam auch nie ans A5 oder A65 heran\u201c, meint er. Massimo Aliani erkl\u00e4rt: \u201e<strong class=\"font-bold\">F\u00fcr mich hatte die Disco schon immer einen assigen Ruf<\/strong>. Alleine wenn ich an die Partybilder denke, schrecklich.\u201c\n  <\/p>\n<p>            Stirbt die Clubkultur aus?<\/p>\n<p class=\"mb-6 text-xs-varying md:text-m lg:text-l font-serif group-[.font-sans]:font-sans \">\n    Welche \u201ebetrieblichen Gr\u00fcnde\u201c genau hinter der \u00fcberraschenden Schlie\u00dfung des Agostea stehen, ist bisher noch unklar. Die Betreiber waren f\u00fcr eine Stellungnahme bisher nicht zu erreichen.\n  <\/p>\n<p class=\"mb-6 text-xs-varying md:text-m lg:text-l font-serif group-[.font-sans]:font-sans \">\n    ka-news-Kommentator Sven Eric Maier hat jedoch eine m\u00f6gliche These aufgestellt: \u201eViele gehen gar nicht in Clubs, sondern halten sich eher an Bars oder das Aposto (hier gilt Sehen und Gesehenwerden). Die meiste Action ist zu Events abgewandert, vor allem WG-Partys, Univeranstaltungen, geheime Raves. Oder in bestimmte Nischen.\u201c\n  <\/p>\n<p>            Betreiber k\u00fcndigen Closing-Party an<\/p>\n<p class=\"mb-6 text-xs-varying md:text-m lg:text-l font-serif group-[.font-sans]:font-sans \">\n    Alle, die dem Agostea einen letzten Tribut zollen und noch einmal ihre eigene Party-Jugend aufleben lassen m\u00f6chten, haben Gl\u00fcck: <strong class=\"font-bold\">Der Club plant nach eigenen Angaben auf Instagram eine letzte \u201eClosing-Party\u201c<\/strong>. Wann genau die stattfinden soll, ist aber noch nicht bekannt.\n  <\/p>\n","protected":false},"excerpt":{"rendered":"Karlsruhe verliert einen seiner bekanntesten Clubs \u2013 und das sorgt im Netz f\u00fcr reichlich Gespr\u00e4chsstoff. Das Agostea galt&hellip;\n","protected":false},"author":2,"featured_media":1266947,"comment_status":"","ping_status":"","sticky":false,"template":"","format":"standard","meta":{"footnotes":"","_share_on_mastodon":"0"},"categories":[1844],"tags":[1634,3364,29,291,30,261764,152,8903,261765,261768,261767,50335,261769,261766],"class_list":["post-1266946","post","type-post","status-publish","format-standard","has-post-thumbnail","category-karlsruhe","tag-baden-wuerttemberg","tag-de","tag-deutschland","tag-facebook","tag-germany","tag-hoku-poku","tag-instagram","tag-karlsruhe","tag-manuel-wilhelm","tag-michael-westenberger","tag-nico-leykam","tag-partynacht","tag-patrick-kauz","tag-stefanie-meigel"],"share_on_mastodon":{"url":"https:\/\/pubeurope.com\/@de\/117176460601329204","error":""},"_links":{"self":[{"href":"https:\/\/www.europesays.com\/de\/wp-json\/wp\/v2\/posts\/1266946","targetHints":{"allow":["GET"]}}],"collection":[{"href":"https:\/\/www.europesays.com\/de\/wp-json\/wp\/v2\/posts"}],"about":[{"href":"https:\/\/www.europesays.com\/de\/wp-json\/wp\/v2\/types\/post"}],"author":[{"embeddable":true,"href":"https:\/\/www.europesays.com\/de\/wp-json\/wp\/v2\/users\/2"}],"replies":[{"embeddable":true,"href":"https:\/\/www.europesays.com\/de\/wp-json\/wp\/v2\/comments?post=1266946"}],"version-history":[{"count":0,"href":"https:\/\/www.europesays.com\/de\/wp-json\/wp\/v2\/posts\/1266946\/revisions"}],"wp:featuredmedia":[{"embeddable":true,"href":"https:\/\/www.europesays.com\/de\/wp-json\/wp\/v2\/media\/1266947"}],"wp:attachment":[{"href":"https:\/\/www.europesays.com\/de\/wp-json\/wp\/v2\/media?parent=1266946"}],"wp:term":[{"taxonomy":"category","embeddable":true,"href":"https:\/\/www.europesays.com\/de\/wp-json\/wp\/v2\/categories?post=1266946"},{"taxonomy":"post_tag","embeddable":true,"href":"https:\/\/www.europesays.com\/de\/wp-json\/wp\/v2\/tags?post=1266946"}],"curies":[{"name":"wp","href":"https:\/\/api.w.org\/{rel}","templated":true}]}}