{"id":1266971,"date":"2026-08-29T05:17:14","date_gmt":"2026-08-29T05:17:14","guid":{"rendered":"https:\/\/www.europesays.com\/de\/1266971\/"},"modified":"2026-08-29T05:17:14","modified_gmt":"2026-08-29T05:17:14","slug":"juergen-klopp-verraet-plaene-mit-diesem-vfb-profi-wir-treffen-uns-am-montag-news-ueber-den-vfb-stuttgart","status":"publish","type":"post","link":"https:\/\/www.europesays.com\/de\/1266971\/","title":{"rendered":"J\u00fcrgen Klopp verr\u00e4t Pl\u00e4ne mit diesem VfB-Profi: \u201eWir treffen uns am Montag\u201c &#8211; News \u00fcber den VfB Stuttgart"},"content":{"rendered":"<p><strong>Stuttgart.<\/strong> F\u00fcr den <a href=\"https:\/\/www.zvw.de\/vfb-stuttgart\/\" rel=\"noopener nofollow\" target=\"_blank\">VfB Stuttgart<\/a> war beim <a href=\"https:\/\/www.zvw.de\/vfb-stuttgart\/vfb-stuttgart-15-niederlage-gegen-fc-bayern-ausgleich-h%C3%A4lt-nur-drei-minuten_arid-1096039?utm_source=empfehlungslink&amp;utm_campaign=empfehlungslink&amp;utm_medium=desktop\" target=\"_blank\" rel=\"nofollow noopener\">1:5 gegen den FC Bayern M\u00fcnchen<\/a> nichts zu holen. Auch Neuzugang Dzenan Pejcinovic konnte auf seinen Hattrick im Pokal gegen Hansa Rostock keinen Treffer folgen lassen, zeigte sich im Angriff engagiert und k\u00e4mpferisch, blieb am Ende aber <a href=\"https:\/\/www.zvw.de\/vfb-stuttgart\/nur-ein-vfb-profi-%C3%BCberragt-gegen-den-fc-bayern-die-noten-zum-stuttgart-spiel_arid-1096041?utm_source=empfehlungslink&amp;utm_campaign=empfehlungslink&amp;utm_medium=desktop\" target=\"_blank\" rel=\"nofollow noopener\">wie seine Sturmkollegen gl\u00fccklos<\/a>. Unabh\u00e4ngig davon hat der neue Bundestrainer J\u00fcrgen Klopp am Rande des Spiels nun verraten: Dzenan Pejcinovic steht auf der Liste f\u00fcr die Deutsche Nationalmannschaft, sogar ein Treffen haben die beiden vereinbart.<\/p>\n<p><a class=\"nfy-teaser nfy-ar-teaser\" id=\"nfy-teaser-inline\" data-upscore-url=\"\" href=\"https:\/\/www.zvw.de\/vfb-stuttgart\/vfb-stuttgart-josha-vagnomans-wilder-abend-erst-tor-dann-slapstick-eigentor_arid-1096043?utm_source=empfehlungslink&amp;utm_campaign=empfehlungslink\" data-upscore-object-id=\"1096043\" rel=\"nofollow noopener\" target=\"_blank\"><img loading=\"lazy\" decoding=\"async\" src=\"\/cms_media\/module_img\/7429\/3714586_3_gridmobile_fuball-fc-bayern-munchen-vs.jpeg\" alt=\"Josha Vagnoman nach seinem Ausgleichstreffer mit Grischa Pr\u00f6mel und Finn Jeltsch.\" width=\"370\" height=\"229\" class=\"lazyload\" data-tmpl=\"gridmobile\"\/><\/p>\n<p>VfB StuttgartVfB Stuttgart: Josha Vagnomans wilder Abend \u2013 erst Tor, dann Slapstick-Eigentor<\/p>\n<p><\/a><\/p>\n<p>Sie wollen unseren VfB-WhatsApp-Channel abonnieren? <a href=\"https:\/\/whatsapp.com\/channel\/0029ValGZYIJuyACDMSSAT12\" rel=\"noopener nofollow\" target=\"_blank\">Dann klicken Sie hier auf diesen Link<\/a> .<\/p>\n<p>Klopp verr\u00e4t: Treffen mit Pejcinovic steht an<\/p>\n<p>Schon nachdem die z\u00e4hen Verhandlungen um Dzenan Pejcinovics Wechsel aus Wolfsburg nach Stuttgart finalisiert waren, kamen erste Berichte auf: J\u00fcrgen Klopp hat den 21 Jahre alten St\u00fcrmer auf dem Zettel, nicht zuletzt aufgrund seiner sieben U21-L\u00e4nderspiele (zwei Tore). Diese Pl\u00e4ne mit dem Angreifer scheint J\u00fcrgen Klopp nun zu konkretisieren.<\/p>\n<p>Am Sat1-Mikrofon sprach er am Rande des VfB-Spiels in M\u00fcnchen auch \u00fcber den VfB-Neuzugang: \u201eEr wei\u00df das jetzt, weil ich gesagt habe: Wenn ich Montag in Stuttgart bin, treffen wir uns.\u201c Ob das Resultat dieses Treffens eine DFB-Nominierung in der n\u00e4chsten L\u00e4nderspielpause wird? Sicherlich wird dies auch von Pejcinovics Leistungen in den bis dahin anstehenden drei Ligaspielen und dem Auftakt in die Champions League abh\u00e4ngen. Klar ist: J\u00fcrgen Klopp sch\u00e4tzt den Angreifer \u2013 und wird ihm das sicherlich auch beim ausgemachten Treffen am Montag mitteilen.<\/p>\n","protected":false},"excerpt":{"rendered":"Stuttgart. F\u00fcr den VfB Stuttgart war beim 1:5 gegen den FC Bayern M\u00fcnchen nichts zu holen. Auch Neuzugang&hellip;\n","protected":false},"author":2,"featured_media":1266972,"comment_status":"","ping_status":"","sticky":false,"template":"","format":"standard","meta":{"footnotes":"","_share_on_mastodon":"0"},"categories":[1830],"tags":[1634,923,21670,3364,29,481,3751,242210,11261,458,30,4665,261775,1441,190824,4112,2915],"class_list":["post-1266971","post","type-post","status-publish","format-standard","has-post-thumbnail","category-stuttgart","tag-baden-wuerttemberg","tag-bayern-muenchen","tag-bundestrainer","tag-de","tag-deutschland","tag-dfb","tag-dfb-elf","tag-dzenan-pejcinovic","tag-fc-bayern","tag-fc-bayern-muenchen","tag-germany","tag-juergen-klopp","tag-nationalmannnschaft","tag-stuttgart","tag-un_kein-userneed","tag-vfb","tag-vfb-stuttgart"],"share_on_mastodon":{"url":"","error":""},"_links":{"self":[{"href":"https:\/\/www.europesays.com\/de\/wp-json\/wp\/v2\/posts\/1266971","targetHints":{"allow":["GET"]}}],"collection":[{"href":"https:\/\/www.europesays.com\/de\/wp-json\/wp\/v2\/posts"}],"about":[{"href":"https:\/\/www.europesays.com\/de\/wp-json\/wp\/v2\/types\/post"}],"author":[{"embeddable":true,"href":"https:\/\/www.europesays.com\/de\/wp-json\/wp\/v2\/users\/2"}],"replies":[{"embeddable":true,"href":"https:\/\/www.europesays.com\/de\/wp-json\/wp\/v2\/comments?post=1266971"}],"version-history":[{"count":0,"href":"https:\/\/www.europesays.com\/de\/wp-json\/wp\/v2\/posts\/1266971\/revisions"}],"wp:featuredmedia":[{"embeddable":true,"href":"https:\/\/www.europesays.com\/de\/wp-json\/wp\/v2\/media\/1266972"}],"wp:attachment":[{"href":"https:\/\/www.europesays.com\/de\/wp-json\/wp\/v2\/media?parent=1266971"}],"wp:term":[{"taxonomy":"category","embeddable":true,"href":"https:\/\/www.europesays.com\/de\/wp-json\/wp\/v2\/categories?post=1266971"},{"taxonomy":"post_tag","embeddable":true,"href":"https:\/\/www.europesays.com\/de\/wp-json\/wp\/v2\/tags?post=1266971"}],"curies":[{"name":"wp","href":"https:\/\/api.w.org\/{rel}","templated":true}]}}