{"id":1266980,"date":"2026-08-29T05:28:25","date_gmt":"2026-08-29T05:28:25","guid":{"rendered":"https:\/\/www.europesays.com\/de\/1266980\/"},"modified":"2026-08-29T05:28:25","modified_gmt":"2026-08-29T05:28:25","slug":"kimmich-zeigt-klopp-wo-sein-platz-ist","status":"publish","type":"post","link":"https:\/\/www.europesays.com\/de\/1266980\/","title":{"rendered":"Kimmich zeigt Klopp, wo sein Platz ist"},"content":{"rendered":"<p>\nAnalyse<br \/>\nBayern M\u00fcnchen\n<\/p>\n<p>Aktualisiert am 29.08.2026, 07:09 Uhr\n<\/p>\n<p><a href=\"https:\/\/i0.web.de\/image\/800\/42664800,pd=1.jpg\" data-brain-zone=\".42664784.content.lead.1\" data-component-path=\"content.lead.1\" data-component-name=\"article-image\" rel=\"nofollow noopener\" target=\"_blank\"> <\/p>\n<p><img loading=\"lazy\" decoding=\"async\" src=\"https:\/\/www.europesays.com\/de\/wp-content\/uploads\/2026\/08\/42664800,pd=1,f=responsive169-w950.jpg\" alt=\"\" width=\"950\" height=\"534\"\/><\/p>\n<p><\/a> <\/p>\n<p>\nMichael Olise vom FC Bayern (Mitte rechts), Joshua Kimmich (oben) und Harry Kane jubeln w\u00e4hrend des Bundesliga-Fu\u00dfballspiels zwischen dem FC Bayern M\u00fcnchen und dem VfB Stuttgart.<br \/>\n\u00a9\u00a0picture alliance \/ AP Photo\/Matthias Schrader\/Matthias Schrader\n<\/p>\n<p class=\"content__description\" data-speakable=\"\">Ein Spieler, zwei Positionen. Joshua Kimmich ist beim FC Bayern M\u00fcnchen im Mittelfeld gesetzt, w\u00e4hrend er bei der Nationalmannschaft meist als Rechtsverteidiger agieren musste. Der neue Bundestrainer J\u00fcrgen Klopp hat sich noch nicht festgelegt, wie er mit Kimmich plant. Der Bundesliga-Auftakt des FC Bayern M\u00fcnchen gegen den VfB Stuttgart lieferte aber Argumente. <\/p>\n<p><img decoding=\"async\" src=\"https:\/\/www.europesays.com\/de\/wp-content\/uploads\/2026\/08\/1787981304_318_38339302,pd=2,f=responsive-author-w60.jpg\" alt=\"\" width=\"60\" height=\"60\" loading=\"lazy\"\/><\/p>\n<p>Dieser Text enth\u00e4lt eine Einordnung aktueller Ereignisse, in die neben Daten und Fakten auch die Einsch\u00e4tzungen von Oliver Jensen sowie ggf. von Expertinnen oder Experten einflie\u00dfen. Informiere dich \u00fcber <a data-brain-zone=\".42664784.content.textlink_1\" data-component-path=\"content.textlink_1\" data-component-name=\"link.editorial\" href=\"https:\/\/web.de\/magazine\/so-arbeitet-die-redaktion\/verbirgt-analyse-kolumne-textsorten-ueberblick-35664152\" rel=\"nofollow noopener\" target=\"_blank\">die verschiedenen journalistischen Textarten<\/a>.<\/p>\n<p data-speakable=\"\">Bundestrainer <a data-component-name=\"link.semantic\" data-brain-zone=\".42664784.content.textlink_2\" data-component-path=\"content.textlink_2\" href=\"https:\/\/web.de\/magazine\/sport\/thema\/juergen-klopp\" rel=\"nofollow noopener\" target=\"_blank\">J\u00fcrgen Klopp<\/a> nutzte den Bundesliga-Auftakt am Freitagabend f\u00fcr eine Dienstreise. Schlie\u00dflich gab es beim Duell zwischen dem <a data-component-name=\"link.semantic\" data-brain-zone=\".42664784.content.textlink_3\" data-component-path=\"content.textlink_3\" href=\"https:\/\/web.de\/magazine\/sport\/fussball\/bundesliga\/fc-bayern\/\" rel=\"nofollow noopener\" target=\"_blank\">FC Bayern M\u00fcnchen<\/a> und dem VfB Stuttgart viele potenzielle Nationalspieler zu beobachten. &#8222;Wenn ich heute nicht da w\u00e4re, w\u00e4re das schon komisch&#8220;, sagte er in SAT.1. &#8222;Ich habe jetzt nicht genau nachgez\u00e4hlt, aber da m\u00fcssten heute sechs, sieben, acht Kandidaten auf dem Platz sein \u2013 auf beiden Seiten verteilt. Das ist hochspannend.&#8220;<\/p>\n<p data-speakable=\"\">Neugierig schaute er auf die Aufstellung. &#8222;Oh, <a data-component-name=\"link.semantic\" data-brain-zone=\".42664784.content.textlink_4\" data-component-path=\"content.textlink_4\" href=\"https:\/\/web.de\/magazine\/sport\/thema\/lennart-karl\" rel=\"nofollow noopener\" target=\"_blank\">Lennart Karl<\/a> ist im Kader, sehr gut. Und Tah spielt nicht. Und Brown auf der Zehn. Da haben wir mal einen Linksverteidiger und zack \u2013 stellt der Vincent ihn auf die Zehn&#8220;, witzelte Klopp gutgelaunt. <a data-component-name=\"link.semantic\" data-brain-zone=\".42664784.content.textlink_5\" data-component-path=\"content.textlink_5\" href=\"https:\/\/web.de\/magazine\/sport\/thema\/joshua-kimmich\" rel=\"nofollow noopener\" target=\"_blank\">Joshua Kimmich<\/a> erw\u00e4hnte er nicht explizit. An dessen Stellenwert beim FC Bayern und der deutschen Nationalmannschaft bestehen ohnehin keine Zweifel. Die Frage ist vielmehr: auf welcher Position wird Kimmich eingesetzt? <\/p>\n<p>Ex-Bundestrainer Nagelsmann setzte Kimmich als Rechtsverteidiger ein<\/p>\n<p data-speakable=\"\">W\u00e4hrend er beim FC Bayern in der Zentrale beziehungsweise auf der Sechser-Position gesetzt ist, agierte er unter Ex-Bundestrainer <a data-component-name=\"link.semantic\" data-brain-zone=\".42664784.content.textlink_6\" data-component-path=\"content.textlink_6\" href=\"https:\/\/web.de\/magazine\/sport\/thema\/julian-nagelsmann\" rel=\"nofollow noopener\" target=\"_blank\">Julian Nagelsmann<\/a> als Rechtsverteidiger. Das Problem: Von dort aus kann der 31-J\u00e4hrige das Spiel nicht im gleichen Ma\u00dfe dirigieren. Er hat weniger Ballkontakte, kann das Spiel weniger mit seinen P\u00e4ssen lenken und wird dadurch um einige St\u00e4rken beraubt. <\/p>\n<p data-speakable=\"\">Klopp wollte sich bei seiner ersten Pressekonferenz als Bundestrainer nicht festlegen, auf welcher Position er mit Kimmich plant. &#8222;Ich werde jetzt hier keine Positionen verteilen&#8220;, sagte Klopp Ende Juli. Und doch d\u00fcrfte er beim 5:1-Auftaktsieg des FC Bayern M\u00fcnchen einen Eindruck davon bekommen haben, auf welcher Position Kimmich wertvoller ist. In der Zentrale eingesetzt, geh\u00f6rte Kimmich zu den auff\u00e4lligsten Spielern auf dem Platz und war an den ersten drei Toren beteiligt. <\/p>\n<p>Perfekte Vorlagen, viele Kilometer und Ballkontakte<\/p>\n<p data-speakable=\"\">Mit einem pr\u00e4zise geschossenen Eckball bereitete er den F\u00fchrungstreffer zum 1:0 ein. Verteidiger Dayot Upamecano musste den Ball nur noch leicht per Kopf ins Tor abf\u00e4lschen. Beim 2:1 bewies Kimmich gleich mit zwei Aktionen seinen Wert. Erst fing er einen Befreiungsschlag von VfB-Spieler Angelo Stiller ab, dann legte er den Ball f\u00fcr den Torsch\u00fctzen Michael Olise vor.<\/p>\n<p data-speakable=\"\">Auch beim 3:1 war Kimmich der Impulsgeber. Bei einem Freisto\u00df im Mittelfeld spielte er den Ball in den Lauf von Alphonso Davies. Dieser konnte daraufhin so stark vor das Tor flanken, dass VfB-Au\u00dfenverteidiger Josha Vagnoman bei einem Kl\u00e4rungsversuch den Ball ins eigene Netz bef\u00f6rderte. Ein klassisches Eigentor!<\/p>\n<p data-speakable=\"\">Kimmich hatte \u00fcber die kompletten 90 Minuten insgesamt 86 Ballkontakte. Dies war der h\u00f6chste Wert aller Spieler. Zudem spulte er 12,17 Kilometer ab \u2013 mehr als jeder andere Bayern-Spieler. Au\u00dferdem gewann er starke 75 Prozent der Zweik\u00e4mpfe. Kurzum: Er nahm so viel Einfluss auf das Spiel, wie es als Rechtsverteidiger kaum m\u00f6glich gewesen w\u00e4re. <\/p>\n<p>Schwierige Anfangsphase f\u00fcr FC Bayern<\/p>\n<p data-speakable=\"\">Auch wenn der FC Bayern das Spiel deutlich gewann, war dies keineswegs ein Selbstl\u00e4ufer. Kimmich &amp; Co. taten sich vor allem in der Anfangsphase des Spiels schwer. &#8222;Es war gef\u00fchlt so ein typisches VfB-Spiel. Es ist wirklich immer lange sehr, sehr eng. Meistens bis zur 60. Minute&#8220;, sagte Kimmich nach Spielende. <\/p>\n<p data-speakable=\"\">&#8222;Wir haben in der ersten Halbzeit nicht so die R\u00e4ume gefunden. Am Ende der 1. Halbzeit wurde es ein bisschen besser, dann wurden wir ein bisschen klarer. Aber gerade die ersten 25 Minuten war der VfB ein bisschen pr\u00e4senter und eher am Dr\u00fccker&#8220;, gab er zu. Doch je l\u00e4nger das Spiel ging, desto h\u00f6her wurde die Fehleranf\u00e4lligkeit des VfB. Aleksandar Pavlovi\u0107 (82.) und Luis D\u00edaz (90.+2) sorgten mit ihren sp\u00e4ten Treffern f\u00fcr den Endstand von 5:1. <\/p>\n<p>Empfohlenes Video<\/p>\n<p>Bayerns F\u00fcnf-Tore-Auftakt: Wackelt der Torrekord?<\/p>\n<p><img loading=\"lazy\" decoding=\"async\" src=\"https:\/\/www.europesays.com\/de\/wp-content\/uploads\/2026\/08\/42664360,pd=1,f=responsive169-w950.jpg\" alt=\"\" width=\"950\" height=\"534\"\/><\/p>\n<p>\u00a9 SID<\/p>\n<p>Klopp k\u00fcndigt Besuch beim Training des FC Bayern an<\/p>\n<p data-speakable=\"\">M\u00f6glicherweise wird Klopp nun die n\u00e4chsten Tage nutzen, um mit Kimmich \u00fcber seine Rolle bei der Nationalmannschaft zu sprechen. &#8222;Ich bin am Sonntag bei <a data-component-name=\"link.semantic\" data-brain-zone=\".42664784.content.textlink_7\" data-component-path=\"content.textlink_7\" href=\"https:\/\/web.de\/magazine\/reise\/thema\/bayern\" rel=\"nofollow noopener\" target=\"_blank\">Bayern<\/a> am Trainingsgel\u00e4nde, um Spieler zu treffen und auch Abl\u00e4ufe kennenzulernen. Das werden wichtige Gespr\u00e4che&#8220;, k\u00fcndigte Klopp bei &#8222;Sky&#8220; an. <\/p>\n<p><strong>Empfehlungen der Redaktion<\/strong><\/p>\n<p data-speakable=\"\">Kimmich hat nie einen Hehl daraus gemacht, auf welcher Position er sich am wohlsten f\u00fchlt. &#8222;Ich habe das Gef\u00fchl, dass ich im Mittelfeld meine St\u00e4rken noch besser einbringen kann&#8220;, sagte er vor knapp einem Jahr. Die Argumente daf\u00fcr hat er vor den Augen des Bundestrainers geliefert.<\/p>\n","protected":false},"excerpt":{"rendered":"Analyse Bayern M\u00fcnchen Aktualisiert am 29.08.2026, 07:09 Uhr Michael Olise vom FC Bayern (Mitte rechts), Joshua Kimmich (oben)&hellip;\n","protected":false},"author":2,"featured_media":1266981,"comment_status":"","ping_status":"","sticky":false,"template":"","format":"standard","meta":{"footnotes":"","_share_on_mastodon":"0"},"categories":[1827],"tags":[772,29,458,30,35855,4665,1268,13002,2915],"class_list":["post-1266980","post","type-post","status-publish","format-standard","has-post-thumbnail","category-muenchen","tag-bayern","tag-deutschland","tag-fc-bayern-muenchen","tag-germany","tag-joshua-kimmich","tag-juergen-klopp","tag-muenchen","tag-sat-1","tag-vfb-stuttgart"],"share_on_mastodon":{"url":"","error":""},"_links":{"self":[{"href":"https:\/\/www.europesays.com\/de\/wp-json\/wp\/v2\/posts\/1266980","targetHints":{"allow":["GET"]}}],"collection":[{"href":"https:\/\/www.europesays.com\/de\/wp-json\/wp\/v2\/posts"}],"about":[{"href":"https:\/\/www.europesays.com\/de\/wp-json\/wp\/v2\/types\/post"}],"author":[{"embeddable":true,"href":"https:\/\/www.europesays.com\/de\/wp-json\/wp\/v2\/users\/2"}],"replies":[{"embeddable":true,"href":"https:\/\/www.europesays.com\/de\/wp-json\/wp\/v2\/comments?post=1266980"}],"version-history":[{"count":0,"href":"https:\/\/www.europesays.com\/de\/wp-json\/wp\/v2\/posts\/1266980\/revisions"}],"wp:featuredmedia":[{"embeddable":true,"href":"https:\/\/www.europesays.com\/de\/wp-json\/wp\/v2\/media\/1266981"}],"wp:attachment":[{"href":"https:\/\/www.europesays.com\/de\/wp-json\/wp\/v2\/media?parent=1266980"}],"wp:term":[{"taxonomy":"category","embeddable":true,"href":"https:\/\/www.europesays.com\/de\/wp-json\/wp\/v2\/categories?post=1266980"},{"taxonomy":"post_tag","embeddable":true,"href":"https:\/\/www.europesays.com\/de\/wp-json\/wp\/v2\/tags?post=1266980"}],"curies":[{"name":"wp","href":"https:\/\/api.w.org\/{rel}","templated":true}]}}