{"id":1266995,"date":"2026-08-29T05:43:17","date_gmt":"2026-08-29T05:43:17","guid":{"rendered":"https:\/\/www.europesays.com\/de\/1266995\/"},"modified":"2026-08-29T05:43:17","modified_gmt":"2026-08-29T05:43:17","slug":"berlin-brand-in-fluechtlingsunterkunft-mehrere-verletzte-berlin","status":"publish","type":"post","link":"https:\/\/www.europesays.com\/de\/1266995\/","title":{"rendered":"Berlin: Brand in Fl\u00fcchtlingsunterkunft \u2013 mehrere Verletzte | Berlin"},"content":{"rendered":"<p>Spandau \u2013 <b>Gro\u00dfeinsatz f\u00fcr die Berliner Feuerwehr am fr\u00fchen Samstagmorgen. In einer <\/b><a href=\"https:\/\/www.bz-berlin.de\/thema\/fluechtlinge\" class=\"text-link\" rel=\"nofollow noopener\" target=\"_blank\"><b>Fl\u00fcchtling<\/b><\/a><b>sunterkunft in Spandau brannte es. Hunderte Menschen leben in dem Haus!<\/b><\/p>\n<p>Die Feuerwehr wurde gegen 3.45 Uhr in die Stra\u00dfe Freiheit alarmiert. Eine Brandmeldeanlage hatte ausgel\u00f6st. Als die Feuerwehr eintraf, best\u00e4tigte sich, dass es im vierten Obergeschoss des sechsgeschossigen Hauses brannte. Einrichtungsgegenst\u00e4nde standen in Flammen.<\/p>\n<p>Wie ein Feuerwehrsprecher mitteilte, sei das Hotelgeb\u00e4ude f\u00fcr 1200 Menschen ausgelegt. Im Geb\u00e4ude breitete sich Rauch aus. \u201eMehrere hundert Menschen brachten sich eigenst\u00e4ndig in Sicherheit und versammelten sich vor dem Geb\u00e4ude sowie im Nahbereich der Einsatzstelle.\u201c<\/p>\n<p>Aufgrund der Gro\u00dflage sei die Alarmstufe erh\u00f6ht und \u201eum das Modul Massenanfall an Verletzten erg\u00e4nzt\u201c worden, so der Sprecher. \u201eHierbei handelt es sich um eine Zusammenstellung spezieller Einsatzfahrzeuge und Einsatzkr\u00e4fte zur Sichtung, Versorgung, Betreuung und n\u00f6tigenfalls zum Transport von Betroffenen, Verletzten und Erkrankten.\u201c<\/p>\n<p>Durch das rasche Eingreifen der Retter wurde ein Ausbreiten des Feuers verhindert. Allerdings musste die <a href=\"https:\/\/www.bz-berlin.de\/thema\/feuerwehr\" class=\"text-link\" rel=\"nofollow noopener\" target=\"_blank\">Feuerwehr<\/a> das Geb\u00e4ude im Anschluss kontrollieren und bel\u00fcften.<\/p>\n<p>\u201eBesonders herausfordernd war f\u00fcr uns die hohe Anzahl an betroffenen Menschen und die teilweise vorhandene Sprachbarriere. Es gab insgesamt vier Verletzte durch Rauch, wovon drei in ein Krankenhaus transportiert wurden\u201c, so die Bilanz der Retter. Der vom Brand unmittelbar betroffene Bereich ist zun\u00e4chst unbewohnbar, rund 50 Menschen mussten anderweitig unterkommen.<\/p>\n<p>Die Feuerwehr war mit 74 Einsatzkr\u00e4ften und 26 Fahrzeugen vor Ort. Die <a href=\"https:\/\/www.bz-berlin.de\/thema\/berliner-polizei\" class=\"text-link\" rel=\"nofollow noopener\" target=\"_blank\">Polizei<\/a> ermittelt nun zur Brandursache.<\/p>\n<p>Haben Sie einen Fehler in diesem Artikel entdeckt? Dann schreiben Sie uns gern: <a href=\"mailto:fehler.melden@bz.de?body=%0A%0A%0AURL%3A%20https%3A%2F%2Fwww.bz-berlin.de%2Fberlin%2Fspandau%2Fberlin-brand-in-fluechtlingsunterkunft-mehrere-verletzte-6a92680bd88567044d848c8f%0ADatum%3A%2029.8.2026%2C%2007%3A43%3A06%0A\" target=\"_blank\" rel=\"noopener\" class=\"anchor anchor--external\">fehler.melden@bz.de.<\/a><\/p>\n","protected":false},"excerpt":{"rendered":"Spandau \u2013 Gro\u00dfeinsatz f\u00fcr die Berliner Feuerwehr am fr\u00fchen Samstagmorgen. In einer Fl\u00fcchtlingsunterkunft in Spandau brannte es. Hunderte&hellip;\n","protected":false},"author":2,"featured_media":1266996,"comment_status":"","ping_status":"","sticky":false,"template":"","format":"standard","meta":{"footnotes":"","_share_on_mastodon":"0"},"categories":[1825],"tags":[25017,296,168749,2919,29,985,5249,19731,30],"class_list":["post-1266995","post","type-post","status-publish","format-standard","has-post-thumbnail","category-berlin","tag-a2","tag-berlin","tag-berliner-polizei","tag-brand","tag-deutschland","tag-feuerwehr","tag-fluechtlinge","tag-fluechtlinge-in-berlin","tag-germany"],"share_on_mastodon":{"url":"https:\/\/pubeurope.com\/@de\/117177208576936666","error":""},"_links":{"self":[{"href":"https:\/\/www.europesays.com\/de\/wp-json\/wp\/v2\/posts\/1266995","targetHints":{"allow":["GET"]}}],"collection":[{"href":"https:\/\/www.europesays.com\/de\/wp-json\/wp\/v2\/posts"}],"about":[{"href":"https:\/\/www.europesays.com\/de\/wp-json\/wp\/v2\/types\/post"}],"author":[{"embeddable":true,"href":"https:\/\/www.europesays.com\/de\/wp-json\/wp\/v2\/users\/2"}],"replies":[{"embeddable":true,"href":"https:\/\/www.europesays.com\/de\/wp-json\/wp\/v2\/comments?post=1266995"}],"version-history":[{"count":0,"href":"https:\/\/www.europesays.com\/de\/wp-json\/wp\/v2\/posts\/1266995\/revisions"}],"wp:featuredmedia":[{"embeddable":true,"href":"https:\/\/www.europesays.com\/de\/wp-json\/wp\/v2\/media\/1266996"}],"wp:attachment":[{"href":"https:\/\/www.europesays.com\/de\/wp-json\/wp\/v2\/media?parent=1266995"}],"wp:term":[{"taxonomy":"category","embeddable":true,"href":"https:\/\/www.europesays.com\/de\/wp-json\/wp\/v2\/categories?post=1266995"},{"taxonomy":"post_tag","embeddable":true,"href":"https:\/\/www.europesays.com\/de\/wp-json\/wp\/v2\/tags?post=1266995"}],"curies":[{"name":"wp","href":"https:\/\/api.w.org\/{rel}","templated":true}]}}