{"id":1267013,"date":"2026-08-29T05:56:19","date_gmt":"2026-08-29T05:56:19","guid":{"rendered":"https:\/\/www.europesays.com\/de\/1267013\/"},"modified":"2026-08-29T05:56:19","modified_gmt":"2026-08-29T05:56:19","slug":"jeder-kennt-dieses-spielzeug-neue-hoffnung-fuer-gefaehrdete-kult-firma-politik","status":"publish","type":"post","link":"https:\/\/www.europesays.com\/de\/1267013\/","title":{"rendered":"Jeder kennt dieses Spielzeug: Neue Hoffnung f\u00fcr gef\u00e4hrdete Kult-Firma! | Politik"},"content":{"rendered":"<p><a class=\"skip-content skip-content--link\" href=\"#in-content-skip-link-target-v-0-0\">TTS-Player \u00fcberspringen\u21b5<\/a><a id=\"in-content-skip-link-target-v-0-0\" class=\"skip-content--target-link-hidden skip-content skip-content--target-link\" href=\"#in-content-skip-link-target-v-0-0\">Artikel weiterlesen<\/a><\/p>\n<p>M\u00fcnchen \u2013 <b>Schl\u00fcmpfe, Pferde, Dinosaurier, Einh\u00f6rner und Figuren aus Kultserien wie \u201eBiene Maja\u201c und \u201eLucky Luke\u201c: Schleich-Spielzeug hat seit Jahrzehnten einen festen Platz in den Kinderzimmern Deutschlands und auch vieler anderer L\u00e4nder. Jetzt steht der 91 Jahre alte Spielzeugklassiker vor einem Eigent\u00fcmerwechsel.<\/b><\/p>\n<p>Das berichtet die \u201eWirtschaftswoche\u201c unter Berufung auf Finanzkreise. Entsprechende Pl\u00e4ne wurden bereits bei den Wettbewerbsbeh\u00f6rden in <a href=\"https:\/\/www.bild.de\/themen\/orte\/deutschland\/nachrichten-news-fotos-videos-17266634.bild.html\" class=\"text-link\" rel=\"nofollow noopener\" target=\"_blank\">Deutschland<\/a> und <a href=\"https:\/\/www.bild.de\/news\/ausland\/oesterreich\/thema-oesterreich-alle-infos-80023010.bild.html\" class=\"text-link\" rel=\"nofollow noopener\" target=\"_blank\">\u00d6sterreich<\/a> angemeldet.<\/p>\n<p>So soll Schleich Schulden loswerden<\/p>\n<p>Hinter dem komplizierten Finanzgesch\u00e4ft steckt ein m\u00f6glicher Befreiungsschlag: Forderungen der <a href=\"https:\/\/www.bild.de\/leben-gesellschaft\/mein-geld-finanzportal\/alle-news-HpYSOPoVPZOkw3Mm7LLK\" class=\"text-link\" rel=\"nofollow noopener\" target=\"_blank\">Geldgeber<\/a> sollen in Unternehmensanteile umgewandelt werden. Vereinfacht gesagt: Die Gl\u00e4ubiger bekommen statt eines Teils ihres Geldes jetzt Anteile an Schleich und werden dadurch selbst zu Eigent\u00fcmern.<\/p>\n<p>Bislang geh\u00f6rt das 1935 in Schw\u00e4bisch Gm\u00fcnd gegr\u00fcndete <a href=\"https:\/\/www.bild.de\/geld\/wirtschaft\/wirtschaft\/home-15683398.bild.html\" class=\"text-link\" rel=\"nofollow noopener\" target=\"_blank\">Unternehmen<\/a> dem Schweizer Finanzinvestor Partners Group. Der hatte Schleich 2019 \u00fcbernommen und wollte die Marke international stark ausbauen.<\/p>\n<p><img decoding=\"async\" width=\"992\" height=\"558\" alt=\"Pferd, Giraffe, L\u00f6we und Zebra: Tierfiguren geh\u00f6ren zu den Klassikern im Schleich-Sortiment\" loading=\"lazy\" src=\"https:\/\/www.europesays.com\/de\/wp-content\/uploads\/2026\/08\/95752de65e9c7772685214a677fcf185,82c96213.jpeg\"   class=\"landscape\"\/><\/p>\n<p class=\"fig__caption__text\">Pferd, Giraffe, L\u00f6we und Zebra: Tierfiguren geh\u00f6ren zu den Klassikern im Schleich-Sortiment<\/p>\n<p>Foto: Schleich GmbH<\/p>\n<p>Nach dem Corona-Boom kam der Absturz<\/p>\n<p>W\u00e4hrend der Pandemie boomte das Gesch\u00e4ft zun\u00e4chst. 2022 setzte Schleich 275 Millionen Euro um. Danach k\u00fchlte sich die Nachfrage aber deutlich ab. Verbraucher hielten sich wegen <a href=\"https:\/\/www.bild.de\/ratgeber\/geld\/inflation\/inflation-alle-infos-79024662.bild.html\" class=\"text-link\" rel=\"nofollow noopener\" target=\"_blank\">Inflation<\/a> und gestiegener Preise zur\u00fcck, zugleich sa\u00dfen H\u00e4ndler auf hohen Lagerbest\u00e4nden. 2023 sank der Umsatz um 14 Prozent auf 235 Millionen Euro. 2024 sank er nach Informationen der \u201eWirtschaftswoche\u201c weiter auf rund 220 Millionen <a href=\"https:\/\/www.bild.de\/themen\/specials\/euro\/wirtschaft-nachrichten-news-fotos-videos-19352558.bild.html\" class=\"text-link\" rel=\"nofollow noopener\" target=\"_blank\">Euro<\/a>.<\/p>\n<p>Schleich reagierte mit einem harten Sparkurs. Den jahrzehntelangen Stammsitz in Schw\u00e4bisch Gm\u00fcnd gab das Unternehmen auf. Seit vergangenem Jahr f\u00fchrt Sanierungsmanager Manfred Ziegler die Gesch\u00e4fte. <\/p>\n<p>Mehr zum ThemaSpielzeugmarkt macht wieder Hoffnung<\/p>\n<p>Dabei hellt sich die Lage am Spielzeugmarkt inzwischen wieder auf. Weltweit steigen die Verk\u00e4ufe deutlich. Der geplante Schuldentausch soll Schleich deshalb finanziell Luft verschaffen und einen Neustart erleichtern. Ob der 91 Jahre alte <a href=\"https:\/\/www.bild.de\/themen\/specials\/spielzeug\/nachrichten-news-fotos-videos-22420196.bild.html\" class=\"text-link\" rel=\"nofollow noopener\" target=\"_blank\">Spielzeugk<\/a>lassiker damit dauerhaft zur\u00fcck auf Wachstumskurs kommt, muss sich allerdings erst zeigen.<\/p>\n","protected":false},"excerpt":{"rendered":"TTS-Player \u00fcberspringen\u21b5Artikel weiterlesen M\u00fcnchen \u2013 Schl\u00fcmpfe, Pferde, Dinosaurier, Einh\u00f6rner und Figuren aus Kultserien wie \u201eBiene Maja\u201c und \u201eLucky&hellip;\n","protected":false},"author":2,"featured_media":1267014,"comment_status":"","ping_status":"","sticky":false,"template":"","format":"standard","meta":{"footnotes":"","_share_on_mastodon":"0"},"categories":[134],"tags":[175,170,169,29,30,2263,1114,171,174,24986,261777,3075,521,68033,1441,138370,1886,173,172],"class_list":["post-1267013","post","type-post","status-publish","format-standard","has-post-thumbnail","category-unternehmen-maerkte","tag-business","tag-companies","tag-companies-markets","tag-deutschland","tag-germany","tag-investor","tag-kinder","tag-markets","tag-maerkte","tag-mein-geld","tag-schluempfe","tag-schwaebisch-gmuend","tag-spielzeug","tag-spielzeug-hersteller","tag-stuttgart","tag-team-first","tag-tiere","tag-unternehmen","tag-unternehmen-maerkte"],"share_on_mastodon":{"url":"https:\/\/pubeurope.com\/@de\/117177265996629931","error":""},"_links":{"self":[{"href":"https:\/\/www.europesays.com\/de\/wp-json\/wp\/v2\/posts\/1267013","targetHints":{"allow":["GET"]}}],"collection":[{"href":"https:\/\/www.europesays.com\/de\/wp-json\/wp\/v2\/posts"}],"about":[{"href":"https:\/\/www.europesays.com\/de\/wp-json\/wp\/v2\/types\/post"}],"author":[{"embeddable":true,"href":"https:\/\/www.europesays.com\/de\/wp-json\/wp\/v2\/users\/2"}],"replies":[{"embeddable":true,"href":"https:\/\/www.europesays.com\/de\/wp-json\/wp\/v2\/comments?post=1267013"}],"version-history":[{"count":0,"href":"https:\/\/www.europesays.com\/de\/wp-json\/wp\/v2\/posts\/1267013\/revisions"}],"wp:featuredmedia":[{"embeddable":true,"href":"https:\/\/www.europesays.com\/de\/wp-json\/wp\/v2\/media\/1267014"}],"wp:attachment":[{"href":"https:\/\/www.europesays.com\/de\/wp-json\/wp\/v2\/media?parent=1267013"}],"wp:term":[{"taxonomy":"category","embeddable":true,"href":"https:\/\/www.europesays.com\/de\/wp-json\/wp\/v2\/categories?post=1267013"},{"taxonomy":"post_tag","embeddable":true,"href":"https:\/\/www.europesays.com\/de\/wp-json\/wp\/v2\/tags?post=1267013"}],"curies":[{"name":"wp","href":"https:\/\/api.w.org\/{rel}","templated":true}]}}