{"id":1267015,"date":"2026-08-29T05:57:21","date_gmt":"2026-08-29T05:57:21","guid":{"rendered":"https:\/\/www.europesays.com\/de\/1267015\/"},"modified":"2026-08-29T05:57:21","modified_gmt":"2026-08-29T05:57:21","slug":"live-ticker-zum-tod-von-koenig-harald-von-norwegen-haakon-hat-die-ersten-pflichten-im-palast","status":"publish","type":"post","link":"https:\/\/www.europesays.com\/de\/1267015\/","title":{"rendered":"Live-Ticker zum Tod von K\u00f6nig Harald von Norwegen: Haakon hat die ersten Pflichten im Palast"},"content":{"rendered":"<p>Alle Entwicklungen im Live-TickerNach Haralds Tod! Neu-K\u00f6nig Haakon hat die ersten neuen Pflichten im Palast<img alt=\"Die Regierung tritt am Freitag nach dem Tod von K\u00f6nig Harald V. zu einer au\u00dferordentlichen Kabinettssitzung im Palast in Anwesenheit des neuen norwegischen K\u00f6nigs und bisherigen Kronprinzen Haakon (l) und seiner Tochter Ingrid Alexandra (r)\u00a0zusammen. +++ dpa-Bildfunk +++\" fetchpriority=\"high\" width=\"940\" height=\"529\" decoding=\"async\" data-nimg=\"1\" class=\"Image_image__SdgLQ Picture_image__vGN9W\" style=\"color:transparent\"   src=\"https:\/\/www.europesays.com\/de\/wp-content\/uploads\/2026\/08\/die-regierung-tritt-am-freitag-nach-dem-tod-von-koenig-harald-v-zu-einer-ausserordentlichen-kabinett.webp\"\/><\/p>\n<p>Der neue K\u00f6nig Haakon (l.) und seine Tochter Ingrid Alexandra (r.) bekommen heute Besuch im Palast.<\/p>\n<p>picture alliance\/dpa\/NTB Pool \/ Heiko Junge<\/p>\n<p class=\"AnnotatedMarkup_paragraph__IUT9l\"><strong>Ein Land in Trauer! <\/strong><br \/>Norwegens K\u00f6nig Harald V. ist im Alter von 89 Jahren gestorben. Das teilte das norwegische K\u00f6nigshaus am Freitagmorgen mit. Damit ist sein Sohn Haakon (53) der neue K\u00f6nig von Norwegen. Alle Entwicklungen im Live-Ticker.<\/p>\n<ul class=\"tik4-tag-filter__list\">\n<li class=\"tik4-tag-filter__list__item\">\n<p>Haakon<\/p>\n<\/li>\n<li class=\"tik4-tag-filter__list__item\">\n<p>Krankenhaus<\/p>\n<\/li>\n<li class=\"tik4-tag-filter__list__item\">\n<p>Mette-Marit<\/p>\n<\/li>\n<\/ul>\n<p>Neu-K\u00f6nig Haakon hat die ersten neuen Pflichten im PalastAm Samstag heutigen wird der neue K\u00f6nig Haakon VIII. eine Kondolenzaudienz abhalten, schreibt NTB und NRK. Es handele sich um ein formelles und offizielles Treffen im Palast. K\u00f6nig Haakon werde offizielle Beileidsbekundungen nach dem Tod dessen Vater Harald entgegennehmen. <\/p>\n<p>Der Zeitplan ist wie folgt: Es gibt drei Termine im Schloss \u2013 um 17.30 Uhr, um 17.40 Uhr und um 17.50 Uhr. Erwartet werden Medienberichten zufolge Parlamentspr\u00e4sident Masud Gharahkhani, die Pr\u00e4sidentin des Obersten Gerichtshofs Toril Marie \u00d8ie und der Pr\u00e4ses der norwegischen Kirche Olav Fykse Tveit. Sie sollen dem K\u00f6nig pers\u00f6nlich ihr Beileid aussprechen.<\/p>\n<p>Kronzprinzessin Ingrid Alexandra (22) wird ebenfalls anwesend sein. Das schreibt das K\u00f6nigshaus auf seiner <a href=\"https:\/\/www.kongehuset.no\/\" rel=\"noopener nofollow\" target=\"_blank\">Website<\/a>.<\/p>\n<p>US-Pr\u00e4sident Donald Trump spricht \u00fcber HaraldUS-Pr\u00e4sident Donald Trump hat sein Bedauern \u00fcber den Tod des norwegischen K\u00f6nigs Harald V. zum Ausdruck gebracht und den Verstorbenen als \u00abstarken, stolzen und unheimlich respektierten Mann\u00bb gew\u00fcrdigt. \u201eEr hat sein Land geliebt und wurde von seinem Volk wirklich sehr geliebt und respektiert\u201c, schrieb Trump auf seiner Online-Plattform Truth Social. \u201eIn diesen schwierigen Zeiten sind wir mit unseren Herzen bei der k\u00f6niglichen Familie und ganz Norwegen. Ein wirklich GRO\u1e9eER Verlust!\u201c<\/p>\n<p>W\u00e4hrend der am Freitag im Alter von 89 Jahren gestorbene K\u00f6nig enorm popul\u00e4r in seiner Heimat war, ist Trump bei dessen Landsleuten nicht sonderlich gut gelitten \u2013 und das aus mehreren Gr\u00fcnden. So verprellte der US-Pr\u00e4sident im Gr\u00f6nland-Konflikt mit seinen wiederholten Drohungen, die zu D\u00e4nemark geh\u00f6rende Arktisinsel zu \u00fcbernehmen, insbesondere die auf B\u00fcndnistreue angewiesenen Nato-Partner in Skandinavien.<\/p>\n<p>Au\u00dferdem machte er Norwegen direkt daf\u00fcr verantwortlich, dass ihm der traditionell in Oslo verliehene Friedensnobelpreis verwehrt blieb, obwohl er die Auszeichnung nach eigenem Empfinden mehr als verdient h\u00e4tte. Sein Stimmungsbild fasste Trump im Januar in einem Satz zusammen: \u201eIch habe viel Respekt vor Norwegen verloren.\u201c<\/p>\n<p>Zehntausende weinten um ihren K\u00f6nig Harald<\/p>\n<p>Die Trauer um K\u00f6nig Harald ist riesengro\u00df \u2013 vor allem bei dem norwegischen Volk! Am sp\u00e4ten Freitagabend wurden auf dem Schlossplatz zahlreiche Kerzen und Blumen niedergelegt, wie NRK berichtet. Laut vorl\u00e4ufigen Sch\u00e4tzungen des Lagezentrums der Osloer Polizei gegen\u00fcber NRK k\u00f6nnten sich am Freitag tags\u00fcber bis zu 20.000 Menschen auf dem Schlossplatz aufgehalten haben, um dem verstorbenen K\u00f6nig die letzte Ehre zu erteilen.<\/p>\n<p>K\u00f6nig Harald ist wieder zu Hause<\/p>\n<p>Der Sarg ist im Schloss eingetroffen, wie das K\u00f6nigshaus in einer Pressemitteilung mitteilt. Der Sarg mit Haralds Leichnam soll sp\u00e4ter in der Schlosskapelle aufgebahrt werden. B\u00fcrgerinnen und B\u00fcrger k\u00f6nnen dann bis zur Beisetzung Abschied von ihrem langj\u00e4hrigen Monarchen nehmen.<\/p>\n<p class=\"AnnotatedMarkup_paragraph__IUT9l\">\u201eMit tiefer Trauer geben wir bekannt, dass Seine Majest\u00e4t K\u00f6nig Harald heute verstorben ist. K\u00f6nig Harald ist am Freitag, dem 28. August, um 06.35 Uhr im Rikshospitalet friedlich eingeschlafen\u201d, meldet der norwegische K\u00f6nigspalast offiziell um 8.35 Uhr \u2013 exakt zwei Stunden nach dem Tod des bisherigen K\u00f6nigs.<\/p>\n<p class=\"AnnotatedMarkup_paragraph__IUT9l\"><strong>Lese-Tipp: <\/strong><a href=\"https:\/\/www.rtl.de\/unterhaltung\/royals\/sofort-koenig-haakon-und-norwegens-monarchie-nach-dem-tod-von-harald-v-am-scheideweg-id31235761.html\" target=\"_self\" rel=\"nofollow noopener\">Was passiert mit Norwegens K\u00f6nigshaus, wenn K\u00f6nig Harald V. stirbt?<\/a><\/p>\n<p>Alle au\u00dfer K\u00f6nig Harald! Die krassen Skandale der norwegischen RoyalsKronprinz Haakon und K\u00f6nigin Sonja sagten Termine ab<\/p>\n<p class=\"AnnotatedMarkup_paragraph__IUT9l\">Seit Mittwoch (27. August) war der Ernst der Lage abzusehen, nachdem der Palast am Vormittag best\u00e4tigte, dass es \u201e\u00e4u\u00dferst ernst\u201d um den K\u00f6nig st\u00fcnde. Alle Familienmitglieder waren an sein Krankenbett geeilt.<\/p>\n<p class=\"AnnotatedMarkup_paragraph__IUT9l\">Die Situation hatte zudem unmittelbare Auswirkungen auf die k\u00f6nigliche Familie. Kronprinz Haakon, der als als Regent fungierte und jetzt K\u00f6nig Haakon ist, sowie K\u00f6nigin Sonja sagten s\u00e4mtliche geplanten Termine ab.<\/p>\n<p class=\"AnnotatedMarkup_paragraph__IUT9l\">Verwendete Quellen: <a rel=\"noopener noreferrer nofollow\" href=\"https:\/\/www.kongehuset.no\/presse\/pressemeldinger\/hans-majestet-kongens-helse-er-forverret\" target=\"_blank\">Norwegisches K\u00f6nigshaus<\/a><\/p>\n","protected":false},"excerpt":{"rendered":"Alle Entwicklungen im Live-TickerNach Haralds Tod! Neu-K\u00f6nig Haakon hat die ersten neuen Pflichten im Palast Der neue K\u00f6nig&hellip;\n","protected":false},"author":2,"featured_media":1267016,"comment_status":"","ping_status":"","sticky":false,"template":"","format":"standard","meta":{"footnotes":"","_share_on_mastodon":"0"},"categories":[3],"tags":[57296,34937,214,13,261352,261349,261351,565,261350,14,15,913,84059,5276,34935,34933,34934,34936,8206,12,10,8,9,11,215,103,104],"class_list":["post-1267015","post","type-post","status-publish","format-standard","has-post-thumbnail","category-welt","tag-arzt-und-krankenhaus","tag-ems_unterhaltung_royals","tag-entertainment","tag-headlines","tag-koenig-harald-v","tag-koenigin-sonja","tag-koenigshaus-norwegen","tag-koenigshaeuser","tag-kronprinz-haakon-von-norwegen","tag-nachrichten","tag-news","tag-norwegen","tag-norwegisches-koenigshaus","tag-promi-news","tag-royal-baby","tag-royal-news","tag-royal-wedding","tag-royale-hochzeit","tag-royals","tag-schlagzeilen","tag-top-news","tag-top-meldungen","tag-topmeldungen","tag-topnews","tag-unterhaltung","tag-welt","tag-world"],"share_on_mastodon":{"url":"https:\/\/pubeurope.com\/@de\/117177266851773390","error":""},"_links":{"self":[{"href":"https:\/\/www.europesays.com\/de\/wp-json\/wp\/v2\/posts\/1267015","targetHints":{"allow":["GET"]}}],"collection":[{"href":"https:\/\/www.europesays.com\/de\/wp-json\/wp\/v2\/posts"}],"about":[{"href":"https:\/\/www.europesays.com\/de\/wp-json\/wp\/v2\/types\/post"}],"author":[{"embeddable":true,"href":"https:\/\/www.europesays.com\/de\/wp-json\/wp\/v2\/users\/2"}],"replies":[{"embeddable":true,"href":"https:\/\/www.europesays.com\/de\/wp-json\/wp\/v2\/comments?post=1267015"}],"version-history":[{"count":0,"href":"https:\/\/www.europesays.com\/de\/wp-json\/wp\/v2\/posts\/1267015\/revisions"}],"wp:featuredmedia":[{"embeddable":true,"href":"https:\/\/www.europesays.com\/de\/wp-json\/wp\/v2\/media\/1267016"}],"wp:attachment":[{"href":"https:\/\/www.europesays.com\/de\/wp-json\/wp\/v2\/media?parent=1267015"}],"wp:term":[{"taxonomy":"category","embeddable":true,"href":"https:\/\/www.europesays.com\/de\/wp-json\/wp\/v2\/categories?post=1267015"},{"taxonomy":"post_tag","embeddable":true,"href":"https:\/\/www.europesays.com\/de\/wp-json\/wp\/v2\/tags?post=1267015"}],"curies":[{"name":"wp","href":"https:\/\/api.w.org\/{rel}","templated":true}]}}