{"id":1267074,"date":"2026-08-29T06:42:14","date_gmt":"2026-08-29T06:42:14","guid":{"rendered":"https:\/\/www.europesays.com\/de\/1267074\/"},"modified":"2026-08-29T06:42:14","modified_gmt":"2026-08-29T06:42:14","slug":"der-us-ueberblick-am-morgen-rechtsstreit-um-briefwahl-usa-wollen-land-in-yosemite-park-verkaufen","status":"publish","type":"post","link":"https:\/\/www.europesays.com\/de\/1267074\/","title":{"rendered":"Der US-\u00dcberblick am Morgen: Rechtsstreit um Briefwahl, USA wollen Land in Yosemite-Park verkaufen"},"content":{"rendered":"<p>    \u00dcbersicht:<br \/>\n            ICE nimmt rechtsextremen Blogger in Haft<\/p>\n<p class=\"paragraph article__item\">Die US-Einwanderungsbeh\u00f6rde ICE hat <a href=\"https:\/\/www.zeit.de\/kultur\/2017-02\/milo-yiannopoulos-populismus-usa-donald-trump-breitbart-10nach8\" target=\"_blank\" rel=\"nofollow noopener\">den rechten Blogger<\/a> Milo Yiannopoulos in Gewahrsam genommen. Der Brite war nach Auslaufen seiner Aufenthaltsgenehmigung weiter im Land geblieben und soll nun abgeschoben werden. Der <a href=\"https:\/\/www.zeit.de\/thema\/blogger\" target=\"_blank\" rel=\"nofollow noopener\">Blogger<\/a>  war lange ein prominentes Gesicht US-amerikanischer Rechtsextremisten und unterst\u00fctzte Trump in dessen erstem Pr\u00e4sidentschaftswahlkampf. Zuletzt kritisierte er den Pr\u00e4sidenten zwar h\u00e4ufiger, das rigide <a href=\"https:\/\/www.zeit.de\/kultur\/2026-01\/tod-renee-good-ice-agent-minneapolis-us-regierung\" target=\"_blank\" rel=\"nofollow noopener\">Vorgehen von ICE gegen Einwanderer<\/a> verteidigte er allerdings. Bis zu seiner Abschiebung soll der Mann nun in ICE-Gewahrsam bleiben.\n<\/p>\n<p class=\"paragraph article__item\"><a href=\"https:\/\/www.zeit.de\/politik\/ausland\/2026-08\/milo-yiannopoulos-ice-festnahme-usa\" target=\"_blank\" rel=\"nofollow noopener\">Lesen Sie hier mehr zur Festnahme von Milo Yiannopoulos<\/a>.\n<\/p>\n<p>                                        US-Regierung geht weiter gegen Briefwahlregeln vor<\/p>\n<p class=\"paragraph article__item\">Im <a href=\"https:\/\/www.zeit.de\/politik\/ausland\/2026-08\/indira-talwani-briefwahl-usa-donald-trump-usps-gxe\" target=\"_blank\" rel=\"nofollow noopener\">Rechtsstreit um ge\u00e4nderte Regeln f\u00fcr die Briefwahl<\/a> in den <a class=\"rtr-entity\" href=\"https:\/\/www.zeit.de\/thema\/usa\" rel=\"nofollow noopener\" target=\"_blank\">USA<\/a> zieht die <a href=\"https:\/\/www.zeit.de\/politik\/ausland\/donald-trump-entscheidungen-dekrete-chronik\" target=\"_blank\" rel=\"nofollow noopener\">Regierung von US-Pr\u00e4sident Donald Trump<\/a> vor die n\u00e4chste Instanz. Wie erwartet will sie vor einem Berufungsgericht die einstweilige Verf\u00fcgung anfechten, mit der eine Richterin weite Teile der Pl\u00e4ne auf Eis gelegt hatte. Sie hatte argumentiert, der <a href=\"https:\/\/www.zeit.de\/politik\/ausland\/2026-08\/supreme-court-briefwahl-usa-donald-trump-midterms\" target=\"_blank\" rel=\"nofollow noopener\">Erlass des Pr\u00e4sidenten<\/a> sei \u00bbeine wahrscheinlich verfassungswidrige Regelung, deren Einhaltung im Hinblick auf die Zwischenwahlen 2026 praktisch unm\u00f6glich ist\u00ab. Trump will, dass die US-Post USPS eine zentrale Rolle bei der Kontrolle der Briefwahl einnimmt. Kritiker vermuten als Motiv, Trump wolle die Stimmabgabe per Briefwahl erschweren.\n<\/p>\n<p class=\"paragraph article__item\"><a href=\"https:\/\/www.zeit.de\/politik\/deutschland\/2026-08\/donald-trump-usa-briefwahl-rechtsstreit-reaktion\" target=\"_blank\" rel=\"nofollow noopener\">Lesen Sie hier mehr zur n\u00e4chsten Runde im Rechtsstreit um die Briefwahl<\/a>.\n<\/p>\n<p>                                        USA erw\u00e4gen Verkauf von Land im Yosemite-Nationalpark<\/p>\n<p class=\"paragraph article__item\">Die US-Regierung von US-Pr\u00e4sident <a class=\"rtr-entity\" href=\"https:\/\/www.zeit.de\/thema\/donald-trump\" rel=\"nofollow noopener\" target=\"_blank\">Donald Trump<\/a> pr\u00fcft die M\u00f6glichkeit, einen 400 Meter breiten Streifen des Yosemite-Nationalparks an ein privates Immobilienunternehmen zu verkaufen. Das US-Innenministerium r\u00e4umte entsprechende Verhandlungen ein. Wie die US-Nachrichtenwebsite Notus und die <a href=\"https:\/\/www.nytimes.com\/2026\/08\/28\/us\/trump-administration-yosemite-private-developer.html?smid=url-share\" target=\"_blank\" rel=\"nofollow noopener\">New York Times<\/a>\u00a0berichten, will die Immobilienfirma, die ein St\u00fcck Land am Rande des Parks besitzt, einen privilegierten Zugang zu einer der Hauptstra\u00dfen des Parks erhalten. Den Berichten zufolge soll die Nationalparkbeh\u00f6rde ein gleichwertiges St\u00fcck Land in einem anderen Gebiet <a href=\"https:\/\/www.zeit.de\/thema\/kalifornien\" target=\"_blank\" rel=\"nofollow noopener\">Kaliforniens<\/a> erhalten.\n<\/p>\n<p>                            \u00a9\u00a0Lea Dohle<\/p>\n<p>\n                                        Newsletter<br \/>\n                                        Was jetzt? \u2013 Der t\u00e4gliche Morgen\u00fcberblick<\/p>\n<p class=\"newsletter-signup__text\">Starten Sie mit unserem kurzen Nachrichten-Newsletter in den Tag. Erhalten Sie zudem freitags das digitale Magazin ZEIT am Wochenende.<\/p>\n<p class=\"newsletter-signup__datapolicy\" hidden=\"\">\n            Mit Ihrer Registrierung nehmen Sie die <a href=\"https:\/\/datenschutz.zeit.de\/zon#Newsletter\" target=\"_blank\" rel=\"nofollow noopener\">Datenschutzerkl\u00e4rung<\/a> zur Kenntnis.\n        <\/p>\n<p>    Vielen Dank! Wir haben Ihnen eine E-Mail geschickt.<\/p>\n<p>Pr\u00fcfen Sie Ihr Postfach und best\u00e4tigen Sie das Newsletter-Abonnement.<\/p>\n<p class=\"paragraph article__item\"><a href=\"https:\/\/www.zeit.de\/politik\/ausland\/2026-08\/usa-kalifornien-yosemite-verkauf-land-nationalpark-donald-trump\" target=\"_blank\" rel=\"nofollow noopener\">Lesen Sie hier mehr zu den Pl\u00e4nen der US-Regierung am Yosemite-Nationalpark<\/a>.\n<\/p>\n<p>                            Flughafen wird nach Dolly Parton benannt<\/p>\n<p class=\"paragraph article__item\">Nach dem Tod <a href=\"https:\/\/www.zeit.de\/feuilleton\/musik\/2026-08\/dolly-parton-tod-nashville-country-nachruf\" target=\"_blank\" rel=\"nofollow noopener\">von Dolly Parton<\/a> soll der Flughafen in Nashville im US-Bundesstaat Tennessee nach der S\u00e4ngerin benannt werden. Das teilte der Gouverneur von Tennessee, Bill Lee, gemeinsam mit dem Internationalen Flughafen Nashville (BNA) mit. Mit der Umbenennung des Flughafens w\u00fcrde laut Pressemitteilung ein \u00bbbleibendes Denkmal f\u00fcr ihr unausl\u00f6schliches Verm\u00e4chtnis\u00ab geschaffen. Parton habe Generationen von Menschen in ganz Tennessee und auf der ganzen Welt inspiriert. So solle \u00bbTennessees beliebteste Tochter\u00ab geehrt werden.\n<\/p>\n<p>                Trump ordnet Gr\u00fcndung von US-Weltraumakademie an<\/p>\n<p class=\"paragraph article__item\">US-Pr\u00e4sident Donald Trump hat ein \u200bDekret zur Gr\u00fcndung einer nationalen Weltraumakademie unterzeichnet. Die neue milit\u00e4rische und zivile Institution solle nach dem Vorbild renommierter Milit\u00e4rakademien wie West Point aufgebaut werden, sagte Trump. \u00bbEine Nation \u2060kann nicht die Nummer eins auf der \u200bErde sein, wenn wir im Weltraum nur die Nummer zwei \u200csind\u00ab, erkl\u00e4rte er. \u2060Eine achtk\u00f6pfige Kommission \u200bunter der Leitung von Nasa-Chef Jared Isaacman soll den Pr\u00e4sidenten bei der Umsetzung beraten. Wo die Akademie \u200bentstehen soll, wolle er in K\u00fcrze bekannt geben.\n<\/p>\n<p>Mehr zum Thema<\/p>\n<p>            USA        <\/p>\n<p>                <a href=\"https:\/\/www.zeit.de\/2026\/37\/staatsverschuldung-usa-anleihen-finanzkrise-zinsen\" data-ct-label=\"Staatsverschuldung in den USA: Ertrinkt Amerika in seinen Schulden?\" data-uuid=\"7f78b040-b0e7-458a-8ff4-809a73cf1378\" rel=\"nofollow noopener\" target=\"_blank\"><\/p>\n<p>        Z+ (abopflichtiger Inhalt);<\/p>\n<p>    Staatsverschuldung in den USA:<br \/>\n                        Ertrinkt Amerika in seinen Schulden?<\/p>\n<p>                <\/a><\/p>\n<p>                <a href=\"https:\/\/www.zeit.de\/politik\/ausland\/2026-08\/cia-chef-john-ratcliffe-moskau-warnung-nato\" data-ct-label=\"CIA-Chef John Ratcliffe: Der Spion, der gesehen werden wollte\" data-uuid=\"081e79d3-e2f4-4ca3-9a5f-67d482dafceb\" rel=\"nofollow noopener\" target=\"_blank\"><\/p>\n<p>        Z+ (abopflichtiger Inhalt);<\/p>\n<p>    CIA-Chef John Ratcliffe:<br \/>\n                        Der Spion, der gesehen werden wollte<\/p>\n<p>                <\/a><\/p>\n<p>                <a href=\"https:\/\/www.zeit.de\/politik\/ausland\/2026-08\/kevin-warsh-usa-notenbankchef-jackson-hole-wyoming\" data-ct-label=\"Notenbanker-Treffen in Jackson Hole: D\u00fcnne Luft f\u00fcr Trumps neuen Fed-Chef\" data-uuid=\"2d0efb2b-8b5a-4b44-b3f5-0535211101e5\" rel=\"nofollow noopener\" target=\"_blank\"><\/p>\n<p>        Z+ (abopflichtiger Inhalt);<\/p>\n<p>    Notenbanker-Treffen in Jackson Hole:<br \/>\n                        D\u00fcnne Luft f\u00fcr Trumps neuen Fed-Chef<\/p>\n<p>                <\/a><\/p>\n","protected":false},"excerpt":{"rendered":"\u00dcbersicht: ICE nimmt rechtsextremen Blogger in Haft Die US-Einwanderungsbeh\u00f6rde ICE hat den rechten Blogger Milo Yiannopoulos in Gewahrsam&hellip;\n","protected":false},"author":2,"featured_media":1267075,"comment_status":"","ping_status":"","sticky":false,"template":"","format":"standard","meta":{"footnotes":"","_share_on_mastodon":"0"},"categories":[5],"tags":[331,332,261786,11695,260268,3364,3939,29,65165,106,30,13,261754,14,15,16,15293,12,25179,64,249873],"class_list":["post-1267074","post","type-post","status-publish","format-standard","has-post-thumbnail","category-nachrichten","tag-aktuelle-nachrichten","tag-aktuelle-news","tag-blogger","tag-briefwahl","tag-briefwahlregel","tag-de","tag-der-us-ueberblick-am-morgen","tag-deutschland","tag-dolly-parton","tag-donald-trump","tag-germany","tag-headlines","tag-milo-yiannopoulo","tag-nachrichten","tag-news","tag-politik","tag-rechtsstreit","tag-schlagzeilen","tag-tennessee","tag-usa","tag-usps"],"share_on_mastodon":{"url":"https:\/\/pubeurope.com\/@de\/117177440410086926","error":""},"_links":{"self":[{"href":"https:\/\/www.europesays.com\/de\/wp-json\/wp\/v2\/posts\/1267074","targetHints":{"allow":["GET"]}}],"collection":[{"href":"https:\/\/www.europesays.com\/de\/wp-json\/wp\/v2\/posts"}],"about":[{"href":"https:\/\/www.europesays.com\/de\/wp-json\/wp\/v2\/types\/post"}],"author":[{"embeddable":true,"href":"https:\/\/www.europesays.com\/de\/wp-json\/wp\/v2\/users\/2"}],"replies":[{"embeddable":true,"href":"https:\/\/www.europesays.com\/de\/wp-json\/wp\/v2\/comments?post=1267074"}],"version-history":[{"count":0,"href":"https:\/\/www.europesays.com\/de\/wp-json\/wp\/v2\/posts\/1267074\/revisions"}],"wp:featuredmedia":[{"embeddable":true,"href":"https:\/\/www.europesays.com\/de\/wp-json\/wp\/v2\/media\/1267075"}],"wp:attachment":[{"href":"https:\/\/www.europesays.com\/de\/wp-json\/wp\/v2\/media?parent=1267074"}],"wp:term":[{"taxonomy":"category","embeddable":true,"href":"https:\/\/www.europesays.com\/de\/wp-json\/wp\/v2\/categories?post=1267074"},{"taxonomy":"post_tag","embeddable":true,"href":"https:\/\/www.europesays.com\/de\/wp-json\/wp\/v2\/tags?post=1267074"}],"curies":[{"name":"wp","href":"https:\/\/api.w.org\/{rel}","templated":true}]}}