{"id":1267150,"date":"2026-08-29T07:40:20","date_gmt":"2026-08-29T07:40:20","guid":{"rendered":"https:\/\/www.europesays.com\/de\/1267150\/"},"modified":"2026-08-29T07:40:20","modified_gmt":"2026-08-29T07:40:20","slug":"bayerns-neuzugaenge-brown-und-saibari-drehen-gegen-stuttgart-auf","status":"publish","type":"post","link":"https:\/\/www.europesays.com\/de\/1267150\/","title":{"rendered":"Bayerns Neuzug\u00e4nge Brown und Saibari drehen gegen Stuttgart auf"},"content":{"rendered":"<p>            <img loading=\"lazy\" decoding=\"async\" class=\"ts-image\" src=\"https:\/\/www.europesays.com\/de\/wp-content\/uploads\/2026\/08\/br-nathaniel-brown-l-schiesst-ein-selfie-mit-ismael-saibari-100.jpg\" alt=\"Nathaniel Brown (l.) und Ismael Saibari \" title=\"Nathaniel Brown (l.) schie\u00dft ein Selfie mit Ismael Saibari |  IMAGO \/ MIS\"\/><\/p>\n<p class=\"metatextline\">Stand: 29.08.2026 \u2022 08:28 Uhr<\/p>\n<p class=\"article-head__shorttext\">\n        <strong>Der 5:1-Auftaktsieg gegen den VfB Stuttgart best\u00e4tigt nicht nur die St\u00e4rke des FC Bayern, sondern auch die Qualit\u00e4t der neuen Spieler. Ismail Saibari und Nathaniel Brown sorgen fr\u00fch f\u00fcr Begeisterung \u2013 doch Joshua Kimmich sieht noch Luft nach oben.<\/strong>\n    <\/p>\n<p class=\"textabsatz m-ten m-offset-one l-eight l-offset-two columns twelve\">Grunds\u00e4tzlich war am Freitagabend alles so, wie es immer war \u2013 oder zumindest so, wie es in der vergangenen Bundesliga-Saison war. Der FC Bayern machte dort weiter, wo er im Fr\u00fchjahr mit der Meisterschale aufgeh\u00f6rt hatte: mit Torgefahr, Teamspirit, Michael Olises Nonchalance und Joshua Kimmichs Gesp\u00fcr f\u00fcr gute Flanken.<\/p>\n<p class=\"textabsatz m-ten m-offset-one l-eight l-offset-two columns twelve\">Doch in den wenigen Sommerwochen zwischen Meisterfeier und Bundesliga-Auftakt hat sich beim Rekordmeister doch auch etwas getan. Besonders gut l\u00e4sst sich das aktuell an Nathaniel &#8222;Nene&#8220; Brown und Ismail Saibari erkennen. Zwei neue Gesichter im FC-Bayern-Trikot, die sich erstaunlich geschmeidig in die Mannschaft einf\u00fcgen.<\/p>\n<p class=\"textabsatz m-ten m-offset-one l-eight l-offset-two columns twelve\">Angesprochen auf die Neuzug\u00e4nge strahlte Aleksandar Pavlovic nach dem <a href=\"https:\/\/www.br.de\/nachrichten\/sport\/fussball-bundesliga-fc-bayern-muenchen-vfb-stuttgart-in-der-livereportage,VTV7DZJ\" title=\"5:1-Auftaktsieg gegen den VfB Stuttgart\" class=\"textlink--extern\" target=\"_blank\" rel=\"noopener nofollow\">5:1-Auftaktsieg gegen den VfB Stuttgart<\/a> und schw\u00e4rmte: &#8222;Nene und Isi \u2013 Top-Top-Spieler, die uns richtig weiterhelfen. Die haben es heute auch super gemacht.&#8220;<\/p>\n<p>    Saibari machte Pavlovics Tor m\u00f6glich<\/p>\n<p class=\"textabsatz m-ten m-offset-one l-eight l-offset-two columns twelve\">Wie gut &#8222;Isi&#8220; Saibari ist, durfte Pavlovic am eigenen Leib erfahren. In der 82. Minute profitierte der Mittelfeldspieler von einer grandiosen Auflage des Marokkaners und schoss den letzten Bayern-Treffer zum 4:1. &#8222;Isi ist direkt reingekommen, zwei Assists&#8220;, lobte Pavlovic.<\/p>\n<p class=\"textabsatz m-ten m-offset-one l-eight l-offset-two columns twelve\">Und tats\u00e4chlich: Nach seiner ersten Vorlage sorgte der 55-Millionen-Euro-Neuzugang gleich f\u00fcr den n\u00e4chsten starken Assist und bereitete auch den Treffer von Luis Diaz vor. Der 25-j\u00e4hrige Offensivspieler, der erst vor wenigen Wochen vom PSV Eindhoven nach M\u00fcnchen gewechselt war, kam in der 61. Minute auf den Platz. Trotz des hohen Tempos seiner neuen Mannschaft hatte er keinerlei M\u00fche mitzuhalten \u2013 und setzte sofort Akzente.<\/p>\n<p>    Pavlovic \u00fcber Neuzug\u00e4nge: &#8222;Sie k\u00f6nnen stolz auf sich sein&#8220;<\/p>\n<p class=\"textabsatz m-ten m-offset-one l-eight l-offset-two columns twelve\">Nathaniel Brown hatte bereits beim Supercup gegl\u00e4nzt. Bedingt durch den Ausfall von Jamal Musiala lief der 50-Millionen-Euro-Zugang nicht auf seiner angestammten Position als Linksverteidiger auf, <a href=\"https:\/\/www.br.de\/nachrichten\/sport\/fc-bayern-warum-kompany-nathaniel-brown-als-zehner-einsetzt,VT3ow0D\" title=\"sondern r\u00fcckte auf die Zehn\" class=\"textlink--extern\" target=\"_blank\" rel=\"noopener nofollow\">sondern r\u00fcckte auf die Zehn<\/a>, auf der eigentlich Jamal Musiala agiert. In seiner neuen Rolle \u00fcberzeugte der Neuzugang von Eintracht Frankfurt sofort \u2013 inklusive F\u00fchrungstreffer und Beinahe-Doppelpack.<\/p>\n<p class=\"textabsatz m-ten m-offset-one l-eight l-offset-two columns twelve\">Auch Trainer Vincent Kompany war nach dem Supercup angetan von seinem neuen Sch\u00fctzling: &#8222;Nene ist ein unfassbar schlauer Spieler. Er bewegt sich gut zwischen den R\u00e4umen und er schie\u00dft Tore.&#8220;<\/p>\n<p class=\"textabsatz m-ten m-offset-one l-eight l-offset-two columns twelve\">F\u00fcr einen Treffer reichte es am Freitagabend bei Browns erstem Bundesliga-Auftritt im Bayern-Trikot &#8211; er spielte wieder auf der Zehn &#8211; zwar nicht. Zufrieden war dennoch auch Pavlovic: &#8222;Deswegen k\u00f6nnen die beiden auf sich stolz sein und wir freuen uns, dass sie hier sind.&#8220; Die beste Aktion von Brown ereignete sich in der 38. Minute: Alphonso Davies bediente Brown stark, der scheiterte jedoch am starken VfB-Keeper.<\/p>\n<p>    105 Millionen Euro f\u00fcr FCB-Neuzug\u00e4nge<\/p>\n<p class=\"textabsatz m-ten m-offset-one l-eight l-offset-two columns twelve\">Die ersten Pflichtspiele der Saison sind damit auch eine Best\u00e4tigung f\u00fcr <a href=\"https:\/\/www.br.de\/nachrichten\/sport\/fc-bayern-verlaengert-mit-eberl-und-dreesen-bis-2029,VS5Izwc\" title=\"Sportvorstand Max Eberl, dessen Vertrag diese Woche verl\u00e4ngert wurde\" class=\"textlink--extern\" target=\"_blank\" rel=\"noopener nofollow\">Sportvorstand Max Eberl, dessen Vertrag diese Woche verl\u00e4ngert wurde<\/a>. Vor allem die erfolgreichen Transfers von Saibari und Brown d\u00fcrften Eberls Position innerhalb des Vereins weiter gest\u00e4rkt haben.<\/p>\n<p class=\"textabsatz m-ten m-offset-one l-eight l-offset-two columns twelve\">105 Millionen Euro haben die M\u00fcnchner insgesamt f\u00fcr das Duo ausgegeben. Und zumindest die ersten Auftritte machen deutlich, dass Bayern mit Brown und Saibari nicht einfach nur seinen Kader erg\u00e4nzt, sondern Qualit\u00e4t hinzugewonnen hat.<\/p>\n<p>    Kimmich sieht noch mehr Potenzial<\/p>\n<p class=\"textabsatz m-ten m-offset-one l-eight l-offset-two columns twelve\">Den Gegnern im Oberhaus d\u00fcrfte das durchaus Sorgen bereiten. Nicht zuletzt weil Joshua Kimmich nach der Partie bereits deutlich machte, dass beim Rekordmeister noch Luft nach oben ist: &#8222;Ich glaube, dass wir bei beiden Spielen nicht am Limit waren.&#8220;<\/p>\n<p class=\"textabsatz m-ten m-offset-one l-eight l-offset-two columns twelve\">Der Start sei seiner Mannschaft nicht besonders gut gegl\u00fcckt, erst ab der 60. Minute habe sie den Schalter umgelegt. &#8222;Trotzdem war es dann ein \u00fcberzeugender Auftritt, wir sind auf dem richtigen Weg.&#8220; Die Frage ist also: Wenn Kimmich den Supercup-Erfolg und den 5:1-Auftaktsieg als &#8222;richtigen Weg&#8220; bezeichnet \u2013 wo liegt dann das Ziel?<\/p>\n<p>    Pavlovic: &#8222;Wir haben Bock auf mehr&#8220;<\/p>\n<p class=\"textabsatz m-ten m-offset-one l-eight l-offset-two columns twelve\">Auf die Frage, ob der FC Bayern noch st\u00e4rker als in der vergangenen Saison sei, antwortete Pavlovic jedenfalls mit einem klaren &#8222;Ja&#8220;. Der erste Sieg in der Liga d\u00fcrfte aus Sicht der M\u00fcnchner also erst der Anfang gewesen sein. Pavlovics Worte klangen dabei fast wie eine Kampfansage: &#8222;Wir haben Bock auf mehr, Bock auf mehr Tore, Bock auf mehr Siege.&#8220;<\/p>\n<p class=\"textabsatz m-ten m-offset-one l-eight l-offset-two columns twelve\">Tabellenf\u00fchrung und Abstiegskampf, aktuelle Spielpaarungen, Ergebnisse und Liveticker, Torj\u00e4gerlisten, Laufleistung- sowie Zweikampfstatistiken und noch viel mehr: Fu\u00dfball im Ergebniscenter von BR24Sport.<\/p>\n<p class=\"textabsatz m-ten m-offset-one l-eight l-offset-two columns twelve\">Das ist die Europ\u00e4ische Perspektive bei BR24.<\/p>\n<p class=\"textabsatz m-ten m-offset-one l-eight l-offset-two columns twelve\">Quelle: BR24Sport im Radio 29.08.2026 &#8211; 04:54 Uhr<\/p>\n<p>                                        <a class=\"backlink__link\" href=\"https:\/\/www.br.de\/nachrichten\/sport\/fussball-bundesliga-fc-bayern-vfb-stuttgart-nathaniel-brown-und-ismael-saibari-drehen-auf,VTcKfjJ\" rel=\"nofollow noopener\" target=\"_blank\"><\/p>\n<p>                                                <img decoding=\"async\" src=\"https:\/\/images.sportschau.de\/image\/05fe9eb0-903d-4c3a-83ba-894c6893cc80\/AAABlap_YQI\/AAABnR8VW9w\/original\/lra-br-logo-100.svg\" alt=\"Bayerischer Rundfunk\"\/><\/p>\n<p>                                        <\/a><\/p>\n","protected":false},"excerpt":{"rendered":"Stand: 29.08.2026 \u2022 08:28 Uhr Der 5:1-Auftaktsieg gegen den VfB Stuttgart best\u00e4tigt nicht nur die St\u00e4rke des FC&hellip;\n","protected":false},"author":2,"featured_media":1267151,"comment_status":"","ping_status":"","sticky":false,"template":"","format":"standard","meta":{"footnotes":"","_share_on_mastodon":"0"},"categories":[136],"tags":[3204,299,29,458,347,30,265,2915],"class_list":["post-1267150","post","type-post","status-publish","format-standard","has-post-thumbnail","category-sport","tag-br","tag-bundesliga","tag-deutschland","tag-fc-bayern-muenchen","tag-fussball","tag-germany","tag-sport","tag-vfb-stuttgart"],"share_on_mastodon":{"url":"https:\/\/pubeurope.com\/@de\/117177671222082629","error":""},"_links":{"self":[{"href":"https:\/\/www.europesays.com\/de\/wp-json\/wp\/v2\/posts\/1267150","targetHints":{"allow":["GET"]}}],"collection":[{"href":"https:\/\/www.europesays.com\/de\/wp-json\/wp\/v2\/posts"}],"about":[{"href":"https:\/\/www.europesays.com\/de\/wp-json\/wp\/v2\/types\/post"}],"author":[{"embeddable":true,"href":"https:\/\/www.europesays.com\/de\/wp-json\/wp\/v2\/users\/2"}],"replies":[{"embeddable":true,"href":"https:\/\/www.europesays.com\/de\/wp-json\/wp\/v2\/comments?post=1267150"}],"version-history":[{"count":0,"href":"https:\/\/www.europesays.com\/de\/wp-json\/wp\/v2\/posts\/1267150\/revisions"}],"wp:featuredmedia":[{"embeddable":true,"href":"https:\/\/www.europesays.com\/de\/wp-json\/wp\/v2\/media\/1267151"}],"wp:attachment":[{"href":"https:\/\/www.europesays.com\/de\/wp-json\/wp\/v2\/media?parent=1267150"}],"wp:term":[{"taxonomy":"category","embeddable":true,"href":"https:\/\/www.europesays.com\/de\/wp-json\/wp\/v2\/categories?post=1267150"},{"taxonomy":"post_tag","embeddable":true,"href":"https:\/\/www.europesays.com\/de\/wp-json\/wp\/v2\/tags?post=1267150"}],"curies":[{"name":"wp","href":"https:\/\/api.w.org\/{rel}","templated":true}]}}