{"id":1267175,"date":"2026-08-29T07:58:22","date_gmt":"2026-08-29T07:58:22","guid":{"rendered":"https:\/\/www.europesays.com\/de\/1267175\/"},"modified":"2026-08-29T07:58:22","modified_gmt":"2026-08-29T07:58:22","slug":"herten-edeka-verstaendigt-sich-mit-hertener-hoefe-investor","status":"publish","type":"post","link":"https:\/\/www.europesays.com\/de\/1267175\/","title":{"rendered":"Herten: Edeka verst\u00e4ndigt sich mit Hertener-H\u00f6fe-Investor"},"content":{"rendered":"<p>\tHerten: Edeka verst\u00e4ndigt sich mit Hertener-H\u00f6fe-Investor<\/p>\n<p>    <a class=\"skip-link screen-reader-text\" href=\"#content\">Zum Inhalt springen<\/a><br \/>\n    <a class=\"skip-link screen-reader-text\" href=\"#site-navigation\">Zur Navigation springen<\/a><\/p>\n<p>\t\tEdeka verst\u00e4ndigt sich mit Investor der Hertener H\u00f6fe<br \/>\n\t\t\t\t\tUnternehmen h\u00e4lt an Er\u00f6ffnung fest<\/p>\n<p>\t\t<img alt=\"\" src=\"https:\/\/www.europesays.com\/de\/wp-content\/uploads\/2025\/09\/630_0036_1215851_.jpg\"  class=\"avatar avatar-36 photo avatar-default\" height=\"36\" width=\"36\" loading=\"eager\" decoding=\"async\"\/>\t\t<a class=\"article-author__name\" href=\"https:\/\/www.hertener-allgemeine.de\/author\/andre-przybyl\/\" rel=\"author nofollow noopener\" target=\"_blank\">Andr\u00e9 Przybyl<\/a><br \/>\n\t\tRedakteur<\/p>\n<p>    <a href=\"https:\/\/www.hertener-allgemeine.de\/wp-content\/uploads\/2026\/08\/28\/13\/630_0900_6754157_-1648x824.jpg\" rel=\"nofollow noopener\" target=\"_blank\"><\/p>\n<p>            <img loading=\"lazy\" decoding=\"async\" src=\"https:\/\/www.europesays.com\/de\/wp-content\/uploads\/2026\/08\/630_0900_6754153_-640x428.jpg\" width=\"640\" height=\"428\"  alt=\"Au\u00dfenansicht der Hertener H\u00f6fe in Herten-Mitte.\"\/><\/p>\n<p>    <\/a><br \/>\n    In den Hertener H\u00f6fen plant Edeka, einen Lebensmittelmarkt zu er\u00f6ffnen. \u00a9 Andr\u00e9 Przybyl (Archiv)<\/p>\n<p class=\"article__teaser-text\">Noch in diesem Jahr wolle Edeka einen Markt in den Hertener H\u00f6fen er\u00f6ffnen: \u201eWir halten an unseren Pl\u00e4nen fest\u201c, erkl\u00e4rt das Unternehmen.<\/p>\n<p>1 Min Lesezeit<\/p>\n<p>Markt mit 1900 Quadratmetern<\/p>\n<p>Wir haben festgestellt, dass Sie den Hohen Kontrast-Modus nutzen. Wir haben ihn darum auch auf unserer Seite f\u00fcr sie aktiviert:<\/p>\n<p>            Hoher Kontrast Modus\n        <\/p>\n<p>Sie k\u00f6nnen Ihn im <strong> Men\u00fc<\/strong> jederzeit ausschalten.<\/p>\n<p>    Alles klar<\/p>\n<p class=\"boxed centered\">\n\t\tSie sind bereits registriert?<br \/><a href=\"https:\/\/www.hertener-allgemeine.de\/login\/?redirect_to=https%3A%2F%2Fwww.hertener-allgemeine.de%2Fherten%2Fherten-edeka-eroeffnung-hertener-hoefe-investor-verstaendigung-plaene-w1235814-8001367630%2F\" rel=\"nofollow noopener\" target=\"_blank\">Hier einloggen<\/a>\n\t<\/p>\n","protected":false},"excerpt":{"rendered":"Herten: Edeka verst\u00e4ndigt sich mit Hertener-H\u00f6fe-Investor Zum Inhalt springen Zur Navigation springen Edeka verst\u00e4ndigt sich mit Investor der&hellip;\n","protected":false},"author":2,"featured_media":1267176,"comment_status":"","ping_status":"","sticky":false,"template":"","format":"standard","meta":{"footnotes":"","_share_on_mastodon":"0"},"categories":[1848],"tags":[3364,29,4289,548,663,3934,3658,30,13,28028,14,15,1209,12],"class_list":["post-1267175","post","type-post","status-publish","format-standard","has-post-thumbnail","category-gelsenkirchen","tag-de","tag-deutschland","tag-einkaufen","tag-eu","tag-europa","tag-europe","tag-gelsenkirchen","tag-germany","tag-headlines","tag-hertener-hoefe","tag-nachrichten","tag-news","tag-nordrhein-westfalen","tag-schlagzeilen"],"share_on_mastodon":{"url":"","error":""},"_links":{"self":[{"href":"https:\/\/www.europesays.com\/de\/wp-json\/wp\/v2\/posts\/1267175","targetHints":{"allow":["GET"]}}],"collection":[{"href":"https:\/\/www.europesays.com\/de\/wp-json\/wp\/v2\/posts"}],"about":[{"href":"https:\/\/www.europesays.com\/de\/wp-json\/wp\/v2\/types\/post"}],"author":[{"embeddable":true,"href":"https:\/\/www.europesays.com\/de\/wp-json\/wp\/v2\/users\/2"}],"replies":[{"embeddable":true,"href":"https:\/\/www.europesays.com\/de\/wp-json\/wp\/v2\/comments?post=1267175"}],"version-history":[{"count":0,"href":"https:\/\/www.europesays.com\/de\/wp-json\/wp\/v2\/posts\/1267175\/revisions"}],"wp:featuredmedia":[{"embeddable":true,"href":"https:\/\/www.europesays.com\/de\/wp-json\/wp\/v2\/media\/1267176"}],"wp:attachment":[{"href":"https:\/\/www.europesays.com\/de\/wp-json\/wp\/v2\/media?parent=1267175"}],"wp:term":[{"taxonomy":"category","embeddable":true,"href":"https:\/\/www.europesays.com\/de\/wp-json\/wp\/v2\/categories?post=1267175"},{"taxonomy":"post_tag","embeddable":true,"href":"https:\/\/www.europesays.com\/de\/wp-json\/wp\/v2\/tags?post=1267175"}],"curies":[{"name":"wp","href":"https:\/\/api.w.org\/{rel}","templated":true}]}}