{"id":1267207,"date":"2026-08-29T08:21:19","date_gmt":"2026-08-29T08:21:19","guid":{"rendered":"https:\/\/www.europesays.com\/de\/1267207\/"},"modified":"2026-08-29T08:21:19","modified_gmt":"2026-08-29T08:21:19","slug":"rheumatoide-arthritis-neue-s3-leitlinie-setzt-auf-therapie-optimierung-healthcare-in-europe-com","status":"publish","type":"post","link":"https:\/\/www.europesays.com\/de\/1267207\/","title":{"rendered":"Rheumatoide Arthritis: Neue S3-Leitlinie setzt auf Therapie-Optimierung \u2022 healthcare-in-europe.com"},"content":{"rendered":"<p><a class=\"fancybox content-img\" rel=\"fancybox nofollow noopener\" href=\"https:\/\/healthcare-in-europe.com\/media\/story_section_text\/46169\/image-01-torsten-witte-portrait_hires.jpg\" title=\"Prof. Dr. Torsten Witte\" target=\"_blank\"><img decoding=\"async\" src=\"https:\/\/www.europesays.com\/de\/wp-content\/uploads\/2026\/08\/image-01-torsten-witte-portrait.jpg\" alt=\"Portraitfoto von Prof. Dr. Torsten Witte\"\/><\/a><\/p>\n<p>Prof. Dr. Torsten Witte<\/p>\n<p>Bildquelle: DGRh;\u00a0\u00a9 privat\u00a0<\/p>\n<p>\u201eDie Leitlinie macht Therapieziele und Entscheidungspunkte im Behandlungsverlauf sehr konkret\u201c, sagt Prof. Dr. Torsten Witte, Direktor der Klinik f\u00fcr Rheumatologie und Immunologie an der Medizinischen Hochschule Hannover und Vorstandsmitglied der DGRh. \u201eEntscheidend ist, die erste Behandlung konsequent zu optimieren und sie bei ausbleibendem Erfolg rechtzeitig anzupassen.\u201c\u00a0<\/p>\n<p>Bei aktiver Erkrankung sollen Kontrollen alle ein bis drei Monate erfolgen. Zeigt sich nach drei Monaten keine ausreichende Besserung oder ist das Therapieziel nach sechs Monaten nicht erreicht, soll die Rheumatologin oder der Rheumatologe die Behandlung \u00e4ndern. Bei anhaltender Remission, wenn also die Krankheit erfolgreich zur\u00fcckgedr\u00e4ngt ist, k\u00f6nnen sich die Abst\u00e4nde der Kontrollen verl\u00e4ngern.\u00a0<\/p>\n<p>\u201eMedikamente wie Biologika und JAK-Inhibitoren, letztere als Alternative, nachdem die individuellen Risiken sorgf\u00e4ltig abgewogen wurden, werden klarer als regelhafter n\u00e4chster Behandlungsschritt eingeordnet.\u201c, erl\u00e4utert Leitlinienkoordinator Prof. Dr. Jan Leipe, Leiter der Sektion Rheumatologie am Universit\u00e4tsklinikum Schleswig-Holstein, Campus Kiel, und Beiratsmitglied der DGRh. Kortisonpr\u00e4parate sollen rasch reduziert und in der Regel innerhalb von drei Monaten beendet werden. Nach dem Absetzen dieser Medikamente kann bei anhaltender Remission auch die krankheitsmodifizierende Therapie schrittweise verringert werden. Ein vollst\u00e4ndiges Absetzen wird jedoch nicht empfohlen.\u00a0<\/p>\n","protected":false},"excerpt":{"rendered":"Prof. Dr. Torsten Witte Bildquelle: DGRh;\u00a0\u00a9 privat\u00a0 \u201eDie Leitlinie macht Therapieziele und Entscheidungspunkte im Behandlungsverlauf sehr konkret\u201c, sagt&hellip;\n","protected":false},"author":2,"featured_media":1267208,"comment_status":"","ping_status":"","sticky":false,"template":"","format":"standard","meta":{"footnotes":"","_share_on_mastodon":"0"},"categories":[3933],"tags":[331,332,261807,548,663,158,3934,3935,4367,13,261808,14,15,12],"class_list":["post-1267207","post","type-post","status-publish","format-standard","has-post-thumbnail","category-eu","tag-aktuelle-nachrichten","tag-aktuelle-news","tag-erarbeitet-unter-federfuehrung-der-dgrh1927-gemeinsam-mit-fachgesellschaften-aus-immunologie","tag-eu","tag-europa","tag-europaeische-union","tag-europe","tag-european-union","tag-geriatrie","tag-headlines","tag-innerer-medizin-sowie-pharmakologie-und-toxikologie-die-deutscherheumaliga-brachte-die-patientenperspektive-ein","tag-nachrichten","tag-news","tag-schlagzeilen"],"share_on_mastodon":{"url":"https:\/\/pubeurope.com\/@de\/117177831451366564","error":""},"_links":{"self":[{"href":"https:\/\/www.europesays.com\/de\/wp-json\/wp\/v2\/posts\/1267207","targetHints":{"allow":["GET"]}}],"collection":[{"href":"https:\/\/www.europesays.com\/de\/wp-json\/wp\/v2\/posts"}],"about":[{"href":"https:\/\/www.europesays.com\/de\/wp-json\/wp\/v2\/types\/post"}],"author":[{"embeddable":true,"href":"https:\/\/www.europesays.com\/de\/wp-json\/wp\/v2\/users\/2"}],"replies":[{"embeddable":true,"href":"https:\/\/www.europesays.com\/de\/wp-json\/wp\/v2\/comments?post=1267207"}],"version-history":[{"count":0,"href":"https:\/\/www.europesays.com\/de\/wp-json\/wp\/v2\/posts\/1267207\/revisions"}],"wp:featuredmedia":[{"embeddable":true,"href":"https:\/\/www.europesays.com\/de\/wp-json\/wp\/v2\/media\/1267208"}],"wp:attachment":[{"href":"https:\/\/www.europesays.com\/de\/wp-json\/wp\/v2\/media?parent=1267207"}],"wp:term":[{"taxonomy":"category","embeddable":true,"href":"https:\/\/www.europesays.com\/de\/wp-json\/wp\/v2\/categories?post=1267207"},{"taxonomy":"post_tag","embeddable":true,"href":"https:\/\/www.europesays.com\/de\/wp-json\/wp\/v2\/tags?post=1267207"}],"curies":[{"name":"wp","href":"https:\/\/api.w.org\/{rel}","templated":true}]}}