{"id":1267213,"date":"2026-08-29T08:24:18","date_gmt":"2026-08-29T08:24:18","guid":{"rendered":"https:\/\/www.europesays.com\/de\/1267213\/"},"modified":"2026-08-29T08:24:18","modified_gmt":"2026-08-29T08:24:18","slug":"bekennerschreiben-im-darknet-berlin-wird-nach-hackerangriff-erpresst-wegner-lehnt-forderungen-ab","status":"publish","type":"post","link":"https:\/\/www.europesays.com\/de\/1267213\/","title":{"rendered":"Bekennerschreiben im Darknet: Berlin wird nach Hackerangriff erpresst &#8211; Wegner lehnt Forderungen ab"},"content":{"rendered":"<p>Bekennerschreiben im DarknetBerlin wird nach Hackerangriff erpresst &#8211; Wegner lehnt Forderungen ab<\/p>\n<p>28.08.2026, 18:17 Uhr <\/p>\n<p>Artikel anh\u00f6ren(04:36 min)<\/p>\n<p><img decoding=\"async\" class=\"Image_img__fQCi0 Image_Img_16_9__4BLfH widget-picture-inline_maximizable__t_E7h\" loading=\"eager\" fetchpriority=\"high\" src=\"https:\/\/www.europesays.com\/de\/wp-content\/uploads\/2026\/08\/615297328.webp\" alt=\"615297328\"\/>Laut einem unbest\u00e4tigten Medienbericht erbeuteten die Hacker unter anderem sensible Justizdaten. (Foto: picture alliance\/dpa)<\/p>\n<p class=\"Typography_text-m__XI0da Typography_weight-bold__uT6mq storyline_lead_text_leadtext__q_wg8\">Nach einer Cyberattacke kann in der Hauptstadt tagelang kein Wohngeld ausgezahlt werden. Unbekannte stellen nun eine Erpresserforderung &#8211; offenbar in Millionenh\u00f6he. Laut einem Medienbericht k\u00f6nnten zahlreiche sensible Daten abgeflossen sein.<\/p>\n<p class=\"Typography_text-default__P3otY Typography_weight-normal__pqUbH storyline_paragraph_p__qSR5N\">Nach einem Hackerangriff auf die Landesbeh\u00f6rden in der Hauptstadt wird der Stadtstaat erpresst. &#8222;Das Land Berlin ist Opfer einer schweren Straftat geworden&#8220;, sagte der Regierende B\u00fcrgermeister Kai Wegner. Die Forderung sei am fr\u00fchen Donnerstagabend eingetroffen. Darauf werde jedoch nicht eingegangen, betonte Wegner. &#8222;Das Land Berlin wird sich nicht erpressen lassen.&#8220;<\/p>\n<p class=\"Typography_text-default__P3otY Typography_weight-normal__pqUbH storyline_paragraph_p__qSR5N\">Wegen des Hackerangriffs waren die Senatsverwaltung f\u00fcr Stadtentwicklung, Bauen und Wohnen sowie die Senatsverwaltung f\u00fcr Mobilit\u00e4t, Verkehr, Umwelt und Klimaschutz am 14. August f\u00fcr rund eine Woche vom Landesnetz isoliert worden. Wegen der Cyberattacke konnte in der Hauptstadt unter anderem tagelang kein Wohngeld beantragt oder ausgezahlt werden.<\/p>\n<p class=\"Typography_text-default__P3otY Typography_weight-normal__pqUbH storyline_paragraph_p__qSR5N\">Zun\u00e4chst hie\u00df es, sensible Daten seien nicht erbeutet worden. Am Mittwoch r\u00e4umten die Berliner Beh\u00f6rden dann ein, dass auch personenbezogene oder sonstige nicht \u00f6ffentliche Daten betroffen sein k\u00f6nnten. Die Sicherheitsbeh\u00f6rden von Land und Bund arbeiteten mit Hochdruck daran, die &#8222;T\u00e4tergruppe&#8220; zu fassen, erkl\u00e4rte Wegner. Gleichzeitig werde weiterhin \u00fcberpr\u00fcft, welche Daten abgeflossen sein k\u00f6nnten. Welche Summe gefordert wird und womit die T\u00e4ter dem Land Berlin konkret drohen, verriet Wegner nicht.<\/p>\n<p>Hacker fordern offenbar zwei Millionen Euro<\/p>\n<p class=\"Typography_text-default__P3otY Typography_weight-normal__pqUbH storyline_paragraph_p__qSR5N\">F\u00fcr den Cyberangriff soll nach &#8222;Spiegel&#8220;-Informationen die Ransomware-Gruppierung Rhysida verantwortlich sein. Das gehe aus einem aktuellen Eintrag auf der Leak-Seite der Gruppierung im Darknet hervor. In dieser Erpresserbotschaft behaupten die Hacker, bei ihrem Feldzug insgesamt knapp sechs Terabyte Daten erbeutet zu haben und fordern vom Land Berlin die Zahlung von 30 Bitcoin &#8211; sonst w\u00fcrden sie die Daten ver\u00f6ffentlichen. Daneben l\u00e4uft eine Countdown-Anzeige. Demnach habe die Hauptstadt noch eine Woche Zeit, die geforderte Summe zu bezahlen. Die geforderten 30 Bitcoin haben derzeit einen Gegenwert von rund zwei Millionen Euro.<\/p>\n<p class=\"Typography_text-default__P3otY Typography_weight-normal__pqUbH storyline_paragraph_p__qSR5N\">Auf &#8222;Spiegel&#8220;-Anfrage best\u00e4tigten beteiligte Sicherheitskreise, dass es sich bei den Erpressern um die Gruppe Rhysida handele. Der Darknet-Ank\u00fcndigung der Hacker zufolge w\u00e4ren weitaus mehr Daten abgeflossen, als von Berlin in den Tagen nach Bekanntwerden des Cybervorfalls einger\u00e4umt. Sollten sich die Behauptungen der Rhysida-Verantwortlichen bewahrheiten, w\u00e4ren auch \u00e4u\u00dferst sensible Daten in ihre H\u00e4nde gelangt.<\/p>\n<p class=\"Typography_text-default__P3otY Typography_weight-normal__pqUbH storyline_paragraph_p__qSR5N\">Demnach verf\u00fcgten die Hacker nicht nur \u00fcber die Daten von knapp 80.000 Ordnungswidrigkeitsverfahren und mehr als 46.500 Vertr\u00e4gen, sondern auch Informationen \u00fcber Einrichtungen der kritischen Infrastruktur, sensible Justizunterlagen, Notfallpl\u00e4ne, Passw\u00f6rter und knapp 6000 Dateien mit Login-Daten.<\/p>\n<p>Daten zur kritischen Infrastruktur ausgesp\u00e4ht?<\/p>\n<p class=\"Typography_text-default__P3otY Typography_weight-normal__pqUbH storyline_paragraph_p__qSR5N\">Als Beleg posteten die Hacker Ausrisse aus einzelnen Dokumenten mit \u00dcberschriften wie &#8222;Vertrauliche Personalsache&#8220; sowie den Briefk\u00f6pfen des Bundesrats und der Senatsverwaltung f\u00fcr Mobilit\u00e4t. Die Angaben der Hacker und die Authentizit\u00e4t der gezeigten Dokumente sind bisher nicht unabh\u00e4ngig verifiziert. Zudem ist unklar, ob die Erpresser auch die wahren T\u00e4ter des Hackerangriffs sind.<\/p>\n<p class=\"Typography_text-default__P3otY Typography_weight-normal__pqUbH storyline_paragraph_p__qSR5N\">Die Gruppierung ist bereits seit mehreren Jahren aktiv. Bekannt wurde Rhysida durch eine Attacke auf die British Library im Herbst 2023, bei der die Systeme der Bibliothek verschl\u00fcsselt wurden. Zu den weiteren Opfern von Rhysida z\u00e4hlten unter anderem die deutsche Welthungerhilfe und die Stadtverwaltung Stuttgart.<\/p>\n<p class=\"Typography_text-default__P3otY Typography_weight-normal__pqUbH storyline_paragraph_p__qSR5N\">Berlins Innensenatorin Iris Spranger betonte, dass die Abgeordnetenhauswahlen am 20. September durch den Vorfall nicht gef\u00e4hrdet seien. &#8222;Die Wahl ist zu 100 Prozent abgesichert&#8220;, versprach die Innensenatorin der Hauptstadt.<\/p>\n<p class=\"Typography_text-s__wu_cm Typography_weight-normal__pqUbH Typography_color-darkgrey__sZEnP article-detail-footer_source__KslPc\">Quelle: ntv.de, bho\/AFP<\/p>\n","protected":false},"excerpt":{"rendered":"Bekennerschreiben im DarknetBerlin wird nach Hackerangriff erpresst &#8211; Wegner lehnt Forderungen ab 28.08.2026, 18:17 Uhr Artikel anh\u00f6ren(04:36 min)&hellip;\n","protected":false},"author":2,"featured_media":1267214,"comment_status":"","ping_status":"","sticky":false,"template":"","format":"standard","meta":{"footnotes":"","_share_on_mastodon":"0"},"categories":[5],"tags":[331,332,296,3257,3364,29,34273,30,13,14774,2384,14,15,16,12],"class_list":["post-1267213","post","type-post","status-publish","format-standard","has-post-thumbnail","category-nachrichten","tag-aktuelle-nachrichten","tag-aktuelle-news","tag-berlin","tag-cyberkriminalitaet","tag-de","tag-deutschland","tag-erpressung","tag-germany","tag-headlines","tag-it-sicherheit","tag-kai-wegner","tag-nachrichten","tag-news","tag-politik","tag-schlagzeilen"],"share_on_mastodon":{"url":"","error":""},"_links":{"self":[{"href":"https:\/\/www.europesays.com\/de\/wp-json\/wp\/v2\/posts\/1267213","targetHints":{"allow":["GET"]}}],"collection":[{"href":"https:\/\/www.europesays.com\/de\/wp-json\/wp\/v2\/posts"}],"about":[{"href":"https:\/\/www.europesays.com\/de\/wp-json\/wp\/v2\/types\/post"}],"author":[{"embeddable":true,"href":"https:\/\/www.europesays.com\/de\/wp-json\/wp\/v2\/users\/2"}],"replies":[{"embeddable":true,"href":"https:\/\/www.europesays.com\/de\/wp-json\/wp\/v2\/comments?post=1267213"}],"version-history":[{"count":0,"href":"https:\/\/www.europesays.com\/de\/wp-json\/wp\/v2\/posts\/1267213\/revisions"}],"wp:featuredmedia":[{"embeddable":true,"href":"https:\/\/www.europesays.com\/de\/wp-json\/wp\/v2\/media\/1267214"}],"wp:attachment":[{"href":"https:\/\/www.europesays.com\/de\/wp-json\/wp\/v2\/media?parent=1267213"}],"wp:term":[{"taxonomy":"category","embeddable":true,"href":"https:\/\/www.europesays.com\/de\/wp-json\/wp\/v2\/categories?post=1267213"},{"taxonomy":"post_tag","embeddable":true,"href":"https:\/\/www.europesays.com\/de\/wp-json\/wp\/v2\/tags?post=1267213"}],"curies":[{"name":"wp","href":"https:\/\/api.w.org\/{rel}","templated":true}]}}