{"id":1267227,"date":"2026-08-29T08:34:21","date_gmt":"2026-08-29T08:34:21","guid":{"rendered":"https:\/\/www.europesays.com\/de\/1267227\/"},"modified":"2026-08-29T08:34:21","modified_gmt":"2026-08-29T08:34:21","slug":"staatsoper-hannover-das-sind-die-highlights-der-neuen-saison","status":"publish","type":"post","link":"https:\/\/www.europesays.com\/de\/1267227\/","title":{"rendered":"Staatsoper Hannover: Das sind die Highlights der neuen Saison"},"content":{"rendered":"<p>        <img decoding=\"async\" src=\"https:\/\/www.europesays.com\/de\/wp-content\/uploads\/2026\/08\/staatsoperhannover-102.webp\" alt=\"Intendant Bodo Busse l\u00e4chelt und  h\u00e4lt ein bunt gestaltetes Programmheft mit der Aufschrift &quot;Staatsoper Hannover&quot; in die Kamera.\" title=\"Intendant Bodo Busse l\u00e4chelt und  h\u00e4lt ein bunt gestaltetes Programmheft mit der Aufschrift &quot;Staatsoper Hannover&quot; in die Kamera. | Clemens Heidrich\" class=\"responsive\"\/><\/p>\n<p>AUDIO: Staatsoper Hannover: Das sind die Highlights der neuen Saison (3 Min)<\/p>\n<p>\n                Stand: 29.08.2026 10:14 Uhr<\/p>\n<p class=\"preface\">Quer durch die neue Spielzeit wird das Er\u00f6ffnungskonzert der Staatsoper Hannover f\u00fchren, das am Sonntag ab 20 Uhr dank Live\u00fcbertragung auch auf dem Platz vor dem Opernhaus zu h\u00f6ren sein wird. Ein \u00dcberblick \u00fcber die wichtigsten Inszenierungen der Saison.<\/p>\n<p class=\"textauthor\">von <a href=\"https:\/\/www.ndr.de\/kultur\/agnes-buehrig,buehrig106.html\" rel=\"nofollow noopener\" target=\"_blank\">Agnes B\u00fchrig<\/a><\/p>\n<p class=\"\">Der franz\u00f6sische Komponist Pascal Dusapin ist in Hannover kein Unbekannter mehr. Nach &#8222;Penthesilea&#8220; in der vergangenen Saison pr\u00e4sentiert die Staatsoper Hannover in dieser Spielzeit die deutsche Erstauff\u00fchrung seiner Oper &#8222;Il Viaggio, Dante&#8220;. Bariton Peter Sch\u00f6ne durchquert dabei das Leben des Dichters der G\u00f6ttlichen Kom\u00f6die. Mit mehr als 50 Minuten Singzeit ist es eine m\u00e4chtige Rolle, die ihm im Sommer viel Lernzeit abverlangt habe, sagt der S\u00e4nger.<\/p>\n<p>    &#8222;Il Viaggio, Dante&#8220;: Die allerschlimmsten und allersch\u00f6nsten Gef\u00fchle<\/p>\n<p class=\"\">&#8222;In der Oper geht es um die Innenschau von Dante&#8220;, erkl\u00e4rt Sch\u00f6ne. &#8222;Damit meine ich vor allem die vielen Figuren, die in seinem Leben eine Rolle gespielt haben und ihn entweder dazu gebracht haben, in der H\u00f6lle zu schmoren oder eben im Himmel zu sein. Im Speziellen nat\u00fcrlich Beatrice, seine gro\u00dfe Liebe. Da werden alle Gef\u00fchle ber\u00fchrt &#8211; die allerschlimmsten, aber auch die allersch\u00f6nsten.&#8220;<\/p>\n<p class=\"\">Auch als Komponistinnen spielen Frauen in der kommenden Spielzeit in Hannover eine Rolle. &#8222;Komponistinnen 2x h\u00f6ren&#8220; hei\u00dft die Konzertreihe, bei der sowohl Musik der Romantik von Fanny Hensel als auch von einer Komponistin der Gegenwart, Sne\u017eana Ne\u0161i\u0107 aus Hannover, erklingen wird. Die spanische Komponistin Raquel Garc\u00eda-Tom\u00e1s, Jahrgang 1984, ist mit ihrer Oper &#8222;Ich, ich, ich!&#8220; vertreten. Der franz\u00f6sische Titel &#8222;Je suis narcissiste&#8220; deutet an, worum es geht.<\/p>\n<p>        <img decoding=\"async\" src=\"https:\/\/www.europesays.com\/de\/wp-content\/uploads\/2026\/08\/busse-134.webp\" alt=\"Bodo Busse steht vor einer Fotogalerie mit Portr\u00e4ts von T\u00e4nzerinnen und T\u00e4nzern.\" title=\"Bodo Busse steht vor einer Fotogalerie mit Portr\u00e4ts von T\u00e4nzerinnen und T\u00e4nzern. | NDR, Agnes B\u00fchrig\" class=\"responsive\" loading=\"lazy\"\/><\/p>\n<p>Bei einer F\u00fchrung durchs Haus spricht der neue Opernintendant \u00fcber seine Pl\u00e4ne. (30.08.2025)<\/p>\n<p>    &#8222;Fidelio&#8220; im Beethoven-Jahr 2027<\/p>\n<p class=\"\">Aber auch Fans des klassischen Repertoires kommen auf ihre Kosten. Im Beethoven-Jahr 2027, 200 Jahre nach dem Tod des Komponisten, kommt dessen einzige Oper &#8222;Fidelio&#8220; auf die B\u00fchne. Rossini ist mit seiner Aschenputtel-Oper vertreten, Puccini mit &#8222;Madama Butterfly&#8220; und von Alessandro Scarlatti wird dessen Oratorium &#8222;La Giuditta&#8220; die biblische Geschichte der Judith erz\u00e4hlen.<\/p>\n<p class=\"\">Los geht es jedoch mit einem Stoff um Gl\u00fccksspiel und eine ungl\u00fcckliche Liebe: Tschaikowskis &#8222;Pique Dame&#8220;. Die Mezzosopranistin Anthea Bara\u0107 singt darin die Rolle der Polina. &#8222;Sie ist daf\u00fcr zust\u00e4ndig, ihre beste Freundin Lisa f\u00fcr die Hochzeit mit dem Grafen Jeletzki vorzubereiten&#8220;, erkl\u00e4rt die S\u00e4ngerin. &#8222;Die Orchestration ist nicht so laut, alles klingt sehr sch\u00f6n und romantisch, mit viel Legato. In meiner Arie werde ich nur vom Klavier begleitet, also sehr intim.&#8220;<\/p>\n<p>    &#8222;Ente, Tod und Tulpe&#8220; bringt das Sterben auf die B\u00fchne<\/p>\n<p class=\"\">Ganz anders geht&#8217;s beim &#8222;R\u00e4uber Hotzenplotz&#8220; zu. Sebastian Schwab macht mit seinem vor drei Jahren in Stuttgart uraufgef\u00fchrten Singspiel dem hannoverschen Klassiker &#8222;H\u00e4nsel und Gretel&#8220; Konkurrenz. F\u00fcr die ganze Familie ist auch &#8222;Ente, Tod und Tulpe&#8220; gedacht, nach der Vorlage eines Bilderbuches, in dem es ums Sterben und Totsein geht. Und wer es eher bunt mag, ist bei &#8222;Kuss der Spinnenfrau&#8220; richtig. Komponiert hat es John Kander, der auch die Musicals &#8222;Cabaret&#8220; und &#8222;Chicago&#8220; geschrieben hat.<\/p>\n<p>        <img decoding=\"async\" src=\"https:\/\/www.europesays.com\/de\/wp-content\/uploads\/2026\/04\/staatsoperhannover144.webp.webp\" alt=\"&quot;Trionfo - Vier letzte N\u00e4chte&quot; nach einem Oratorium von Georg Friedrich H\u00e4ndel in der Staatsoper Hannover\" title=\"&quot;Trionfo - Vier letzte N\u00e4chte&quot; nach einem Oratorium von Georg Friedrich H\u00e4ndel in der Staatsoper Hannover | Sandra Then, Sandra Then\" class=\"responsive\" loading=\"lazy\"\/><\/p>\n<p>Die Staatsoper Hannover erarbeitet mit internationalen K\u00fcnstlern und K\u00fcnstlerinnen vielf\u00e4ltige und innovative Programme.<\/p>\n<p>        <img decoding=\"async\" src=\"https:\/\/www.europesays.com\/de\/wp-content\/uploads\/2026\/08\/klassik-open-air-104.webp\" alt=\"Das rot erleuchtete Rathaus in Hannover, davor der Maschteich und an dessen Ufer Leute mit Picknick\" title=\"Das rot erleuchtete Rathaus in Hannover, davor der Maschteich und an dessen Ufer Leute mit Picknick | Yannic Wittenberg \/ NDR\" class=\"responsive\" loading=\"lazy\"\/><\/p>\n<p>Oper unter freiem Himmel: Das Klassik Open Air hat Tradition. Der Auftakt lockte viele Besucher in den Maschpark.<\/p>\n","protected":false},"excerpt":{"rendered":"AUDIO: Staatsoper Hannover: Das sind die Highlights der neuen Saison (3 Min) Stand: 29.08.2026 10:14 Uhr Quer durch&hellip;\n","protected":false},"author":2,"featured_media":1267228,"comment_status":"","ping_status":"","sticky":false,"template":"","format":"standard","meta":{"footnotes":"","_share_on_mastodon":"0"},"categories":[1836],"tags":[19640,3364,29,912,30,46,1411,97,9387,9789,19633],"class_list":["post-1267227","post","type-post","status-publish","format-standard","has-post-thumbnail","category-hannover","tag-auftakt","tag-de","tag-deutschland","tag-eroeffnung","tag-germany","tag-hannover","tag-niedersachsen","tag-oper","tag-saison","tag-spielzeit","tag-staatsoper-hannover"],"share_on_mastodon":{"url":"https:\/\/pubeurope.com\/@de\/117177883657696955","error":""},"_links":{"self":[{"href":"https:\/\/www.europesays.com\/de\/wp-json\/wp\/v2\/posts\/1267227","targetHints":{"allow":["GET"]}}],"collection":[{"href":"https:\/\/www.europesays.com\/de\/wp-json\/wp\/v2\/posts"}],"about":[{"href":"https:\/\/www.europesays.com\/de\/wp-json\/wp\/v2\/types\/post"}],"author":[{"embeddable":true,"href":"https:\/\/www.europesays.com\/de\/wp-json\/wp\/v2\/users\/2"}],"replies":[{"embeddable":true,"href":"https:\/\/www.europesays.com\/de\/wp-json\/wp\/v2\/comments?post=1267227"}],"version-history":[{"count":0,"href":"https:\/\/www.europesays.com\/de\/wp-json\/wp\/v2\/posts\/1267227\/revisions"}],"wp:featuredmedia":[{"embeddable":true,"href":"https:\/\/www.europesays.com\/de\/wp-json\/wp\/v2\/media\/1267228"}],"wp:attachment":[{"href":"https:\/\/www.europesays.com\/de\/wp-json\/wp\/v2\/media?parent=1267227"}],"wp:term":[{"taxonomy":"category","embeddable":true,"href":"https:\/\/www.europesays.com\/de\/wp-json\/wp\/v2\/categories?post=1267227"},{"taxonomy":"post_tag","embeddable":true,"href":"https:\/\/www.europesays.com\/de\/wp-json\/wp\/v2\/tags?post=1267227"}],"curies":[{"name":"wp","href":"https:\/\/api.w.org\/{rel}","templated":true}]}}