{"id":1267229,"date":"2026-08-29T08:35:17","date_gmt":"2026-08-29T08:35:17","guid":{"rendered":"https:\/\/www.europesays.com\/de\/1267229\/"},"modified":"2026-08-29T08:35:17","modified_gmt":"2026-08-29T08:35:17","slug":"hannover-frau-zeigt-hitlergruss-im-zug-mitreisende-greifen-ein","status":"publish","type":"post","link":"https:\/\/www.europesays.com\/de\/1267229\/","title":{"rendered":"Hannover: Frau zeigt \u201eHitlergru\u00df\u201c im Zug \u2013 Mitreisende greifen ein"},"content":{"rendered":"<p class=\"is-first-paragraph\" data-external=\"Article.FirstParagraph\">Eine Frau ist im Hauptbahnhof Hannover festgenommen worden, nachdem sie im Zug mehrere Menschen bel\u00e4stigt hatte. Nach Angaben der Polizei war die 53-J\u00e4hrige am Freitagabend von Berlin in Richtung K\u00f6ln mit dem Zug unterwegs, als sie zwei Mitarbeitenden der Deutschen Bahn den sogenannten \u201eHitlergru\u00df\u201c zeigt und laut \u201eHeil Hitler\u201c rief.<\/p>\n<p>W\u00e4hrend der Fahrt habe sie au\u00dferdem mehrere Reisende, unter anderem auch eine Kindergruppe mit Betreuern, verbal bel\u00e4stigt und sei ihnen gegen\u00fcber aggressiv geworden. Einige Reisende stellten sich schlie\u00dflich der Frau in den Weg und trennten sie von den anderen Menschen, bis sie im Hauptbahnhof Hannover von einer wartenden Streife vorl\u00e4ufig festgenommen wurde.<\/p>\n<p>Gegen die Frau werde nun wegen Verwendens von Kennzeichen verfassungswidriger Organisationen und wegen Beleidigung ermittelt.<\/p>\n","protected":false},"excerpt":{"rendered":"Eine Frau ist im Hauptbahnhof Hannover festgenommen worden, nachdem sie im Zug mehrere Menschen bel\u00e4stigt hatte. Nach Angaben&hellip;\n","protected":false},"author":2,"featured_media":1267230,"comment_status":"","ping_status":"","sticky":false,"template":"","format":"standard","meta":{"footnotes":"","_share_on_mastodon":"0"},"categories":[1836],"tags":[421,3364,2030,29,30,46,126268,250153,110,1411,45],"class_list":["post-1267229","post","type-post","status-publish","format-standard","has-post-thumbnail","category-hannover","tag-bundespolizei","tag-de","tag-deutsche-bahn","tag-deutschland","tag-germany","tag-hannover","tag-hitlergruss-ks","tag-newsos-import-welt","tag-newsteam","tag-niedersachsen","tag-texttospeech"],"share_on_mastodon":{"url":"https:\/\/pubeurope.com\/@de\/117177884495197961","error":""},"_links":{"self":[{"href":"https:\/\/www.europesays.com\/de\/wp-json\/wp\/v2\/posts\/1267229","targetHints":{"allow":["GET"]}}],"collection":[{"href":"https:\/\/www.europesays.com\/de\/wp-json\/wp\/v2\/posts"}],"about":[{"href":"https:\/\/www.europesays.com\/de\/wp-json\/wp\/v2\/types\/post"}],"author":[{"embeddable":true,"href":"https:\/\/www.europesays.com\/de\/wp-json\/wp\/v2\/users\/2"}],"replies":[{"embeddable":true,"href":"https:\/\/www.europesays.com\/de\/wp-json\/wp\/v2\/comments?post=1267229"}],"version-history":[{"count":0,"href":"https:\/\/www.europesays.com\/de\/wp-json\/wp\/v2\/posts\/1267229\/revisions"}],"wp:featuredmedia":[{"embeddable":true,"href":"https:\/\/www.europesays.com\/de\/wp-json\/wp\/v2\/media\/1267230"}],"wp:attachment":[{"href":"https:\/\/www.europesays.com\/de\/wp-json\/wp\/v2\/media?parent=1267229"}],"wp:term":[{"taxonomy":"category","embeddable":true,"href":"https:\/\/www.europesays.com\/de\/wp-json\/wp\/v2\/categories?post=1267229"},{"taxonomy":"post_tag","embeddable":true,"href":"https:\/\/www.europesays.com\/de\/wp-json\/wp\/v2\/tags?post=1267229"}],"curies":[{"name":"wp","href":"https:\/\/api.w.org\/{rel}","templated":true}]}}