{"id":1267231,"date":"2026-08-29T08:36:21","date_gmt":"2026-08-29T08:36:21","guid":{"rendered":"https:\/\/www.europesays.com\/de\/1267231\/"},"modified":"2026-08-29T08:36:21","modified_gmt":"2026-08-29T08:36:21","slug":"brote-malen-auf-der-hufewiesen","status":"publish","type":"post","link":"https:\/\/www.europesays.com\/de\/1267231\/","title":{"rendered":"Brote malen auf der Hufewiesen"},"content":{"rendered":"\n<p>Am 6. September 2026 l\u00e4dt die Projektgruppe Rosenhauer-Parcours zu einer Freiluftaktion auf die Hufewiesen ein. <img fetchpriority=\"high\" decoding=\"async\" class=\"size-full wp-image-78435\" src=\"https:\/\/www.europesays.com\/de\/wp-content\/uploads\/2026\/08\/2026-08-28-Brotstillleben-Rosenhauer.jpg\" alt=\"Mandy Friedrich \u201eEngel, Brot und Blumen\u201c\" width=\"1206\" height=\"998\"\/>Mandy Friedrich: \u201eEngel, Brot und Blumen\u201c <\/p>\n<p>Die Trachauer Malerin <a href=\"https:\/\/www.mandy-friedrich.de\/\" target=\"Blank\" rel=\"nofollow noopener\">Mandy Friedrich<\/a> l\u00e4dt dazu ein, gemeinsam Brote zu malen. Daf\u00fcr werden Stillleben mit Broten aufgebaut. Die Malerin begleitet und unterst\u00fctzt alle, die Lust haben, mitzumalen. Als Inspiration dienen die ber\u00fchmten Gem\u00e4lde des K\u00fcnstlers <a href=\"https:\/\/www.sadk.de\/mitglieder\/gedenken\/rosenhauer-theodor\" target=\"Blank\" rel=\"nofollow noopener\">Theodor Rosenhauer<\/a>. Staffeleien und Materialien werden bereitgestellt, eigene Utensilien k\u00f6nnen aber ebenfalls mitgebracht werden. Die K\u00fcnstlerin gibt regelm\u00e4\u00dfig Malkurse in ihrem Atelierhaus in Dresden-Trachau und auch im Freien. <\/p>\n<p>Die Veranstaltung beginnt um 14 Uhr. Um 14.30 Uhr und 16.30 Uhr finden F\u00fchrungen zu den Stationen des <a href=\"https:\/\/pieschen-aktuell.de\/74627\/2026\/theodor-rosenhauer-ein-erinnerungsprojekt-in-trachau\/\" rel=\"nofollow noopener\" target=\"_blank\">Rosenhauer-Parcours<\/a> im Anger Alttrachau statt. Die Kunsthistorikerin Katrin Bielmeier f\u00fchrt durch den Parcours.<\/p>\n<p><a class=\"gofollow\" data-track=\"MTI1LDEsNjA=\" href=\"https:\/\/www.aust-konzerte.com\/konzerte\/4015\/Roland-Jankowsky\" target=\"_blank\" rel=\"noopener nofollow\"><img loading=\"lazy\" decoding=\"async\" src=\"https:\/\/www.europesays.com\/de\/wp-content\/uploads\/2026\/08\/2026-08-24-Anzeige-Aust-RolandJankowsky.jpg\" alt=\" Roland Jankowsky im Alten Schlachthof\" width=\"300\" height=\"250\"\/><\/a> <\/p>\n<p>F\u00fcr Kaffee, Kuchen und nat\u00fcrlich Brote aus den umliegenden B\u00e4ckereien ist gesorgt. <\/p>\n<p>Die Veranstaltung ist kostenfrei. Mehr Informationen gibt es auf der Website der <a href=\"https:\/\/www.hufewiesen.de\/2026\/08\/17\/rosenhauer-freiluftaktion\/\" rel=\"nofollow noopener\" target=\"_blank\">Hufewiesen<\/a>. <img loading=\"lazy\" decoding=\"async\" class=\"size-full wp-image-78434\" src=\"https:\/\/pieschen-aktuell.de\/wp-content\/uploads\/2026\/08\/2026-08-28-MandyFriedrich-scaled-jpg.avif\" alt=\"Mandy Friedrich beim Pleinairmalen in Dresden\" width=\"2560\" height=\"1928\"  \/>Mandy Friedrich beim Plein-air-Malen in Dresden <\/p>\n<p>Hufewiesen Trachau e.V.     <\/p>\n","protected":false},"excerpt":{"rendered":"Am 6. September 2026 l\u00e4dt die Projektgruppe Rosenhauer-Parcours zu einer Freiluftaktion auf die Hufewiesen ein. Mandy Friedrich: \u201eEngel,&hellip;\n","protected":false},"author":2,"featured_media":1267232,"comment_status":"","ping_status":"","sticky":false,"template":"","format":"standard","meta":{"footnotes":"","_share_on_mastodon":"0"},"categories":[1835],"tags":[3364,29,2386,30,261809,2075,207845,859],"class_list":["post-1267231","post","type-post","status-publish","format-standard","has-post-thumbnail","category-dresden","tag-de","tag-deutschland","tag-dresden","tag-germany","tag-hufewiesen-trachau","tag-kunst","tag-rosenhauer","tag-sachsen"],"share_on_mastodon":{"url":"","error":""},"_links":{"self":[{"href":"https:\/\/www.europesays.com\/de\/wp-json\/wp\/v2\/posts\/1267231","targetHints":{"allow":["GET"]}}],"collection":[{"href":"https:\/\/www.europesays.com\/de\/wp-json\/wp\/v2\/posts"}],"about":[{"href":"https:\/\/www.europesays.com\/de\/wp-json\/wp\/v2\/types\/post"}],"author":[{"embeddable":true,"href":"https:\/\/www.europesays.com\/de\/wp-json\/wp\/v2\/users\/2"}],"replies":[{"embeddable":true,"href":"https:\/\/www.europesays.com\/de\/wp-json\/wp\/v2\/comments?post=1267231"}],"version-history":[{"count":0,"href":"https:\/\/www.europesays.com\/de\/wp-json\/wp\/v2\/posts\/1267231\/revisions"}],"wp:featuredmedia":[{"embeddable":true,"href":"https:\/\/www.europesays.com\/de\/wp-json\/wp\/v2\/media\/1267232"}],"wp:attachment":[{"href":"https:\/\/www.europesays.com\/de\/wp-json\/wp\/v2\/media?parent=1267231"}],"wp:term":[{"taxonomy":"category","embeddable":true,"href":"https:\/\/www.europesays.com\/de\/wp-json\/wp\/v2\/categories?post=1267231"},{"taxonomy":"post_tag","embeddable":true,"href":"https:\/\/www.europesays.com\/de\/wp-json\/wp\/v2\/tags?post=1267231"}],"curies":[{"name":"wp","href":"https:\/\/api.w.org\/{rel}","templated":true}]}}