{"id":1267246,"date":"2026-08-29T08:44:22","date_gmt":"2026-08-29T08:44:22","guid":{"rendered":"https:\/\/www.europesays.com\/de\/1267246\/"},"modified":"2026-08-29T08:44:22","modified_gmt":"2026-08-29T08:44:22","slug":"ukraine-news-marschflugkoerper-fabrik-nahe-leipzig-geplant-russen-treffen-munitionsdepot-bei-kiew","status":"publish","type":"post","link":"https:\/\/www.europesays.com\/de\/1267246\/","title":{"rendered":"Ukraine-News: Marschflugk\u00f6rper-Fabrik nahe Leipzig geplant \u2013 Russen treffen Munitionsdepot bei Kiew"},"content":{"rendered":"<p>        <img decoding=\"async\" src=\"https:\/\/www.europesays.com\/de\/wp-content\/uploads\/2026\/08\/marschflugkoerper-rakete-102.webp\" alt=\"Lenk-Rakete vom Typ &quot;Tomahawk&quot; auf einem US-Kriegsschiff (2022)\" title=\"Lenk-Rakete vom Typ &quot;Tomahawk&quot; auf einem US-Kriegsschiff (2022). Die USA wollen angeblich jetzt keine &quot;Tomahawk&quot;-Waffen mehr liefern und das Bundesverteidugungsministerium sucht Alternativen. | picture alliance\/dpa\/U.S. Navy via DVIDS | Petty Off 2. Cl Zachary Grooman\" class=\"responsive\"\/><\/p>\n<p class=\"topline\">Ukraine-News<\/p>\n<p class=\"author\">von MDR AKTUELL<\/p>\n<p>\n                Stand: 29.08.2026 10:39 Uhr<\/p>\n<p>        <img decoding=\"async\" src=\"https:\/\/www.europesays.com\/de\/wp-content\/uploads\/2026\/08\/1787969123_972_google-handy-100.webp\" alt=\"Ein Handy liegt auf einer Laptoptastatur. Das Display zeigt das Google Logo\" title=\"Ein Handy liegt auf einer Laptoptastatur. Das Display zeigt das Google Logo |  IMAGO \/ SOPA Images\" class=\"responsive\" loading=\"lazy\"\/><\/p>\n<p>Nachrichten personalisieren<\/p>\n<p>\n        09:10 Uhr\n    <\/p>\n<p>    Tote durch Treffer auf Munitionslager bei Kiew<\/p>\n<p class=\"\">Zu dem Brand und den Explosionen <a href=\"#Kiew\">gestern Abend<\/a> in Myla, etwa f\u00fcnf Kilometer westlich der ukrainischen Hauptstadt Kiew, werden nach und nach Details bekannt. Demnach gab es auch Tote. Noch &#8222;haben wir keine ausreichenden Informationen zur Zahl&#8220;, teilte der Gouverneur der Region Kiew, Tymur Tkatschenko, per Telegram mit. Nach russischen Angaben war ein Munitionslager das Ziel des Angriffs. Die Stra\u00dfe von Kiew nach Westen war gesperrt. In sozialen Netzwerken kursieren Videos, die Feuer und Explosionen zeigen. Regierungschef Serhij Korezkyj verwies auf einen \u00e4hnlichen Fall im Juli am s\u00fcdwestlichen Rand von Kiew: &#8222;Im f\u00fcnften Kriegsjahr werden ein und dieselben Fehler begangen. Das ist kriminelle Fahrl\u00e4ssigkeit.&#8220; Die Staatsanwaltschaft ermittelt wegen &#8222;dienstlicher Fahrl\u00e4ssigkeit&#8220; (Quelle: dpa)<\/p>\n<p>\n        08:52 Uhr\n    <\/p>\n<p>    Lastwagen-Kolonne bei Ismajil getroffen<\/p>\n<p class=\"\">Bei einem russischen Angriff in der Nacht auf den Bezirk Ismajil in der Region Odessa ist nach Angaben des staatlichen Rettungsdiensts ein Mensch get\u00f6tet worden. Drei weitere Menschen seien verletzt worden und insgesamt acht mit Lebensmitteln beladene Lastwagen in Brand geraten. (Quellen: EBU, AFP)<\/p>\n<p>\n            <strong>Video:<\/strong><br \/>\n            Video: Nach dem russischem Angriff in der Region Odessa (1 Min)\n        <\/p>\n<p>\n        07:20 Uhr\n    <\/p>\n<p>    Auch US-Soldaten bei Milit\u00e4rparade in Moldau<\/p>\n<p class=\"\">In Chi\u0219in\u0103u, der Hauptstadt der Repulik Moldau, sind am Nationalfeiertag vorgestern auch ausl\u00e4ndische Soldaten, etwa aus den USA zu sehen gewesen. Es handelte sich um die erste Milit\u00e4rparade seit dem Beginn des russischen Kriegs gegen die benachbarte Ukraine. In Moldau selbst sind in der umstrittenen Region Transnistrien russische Soldaten stationiert, eingeklemmt ziwschen dem Rest des Landes und der ukrainsiche Grenze. Mit seiner aktuellen Regierung ist Moldau auf dem politischem Kurs hin zu einer EU-Mitgliedschaft. (Quelle: MDR)<\/p>\n<p>\n        07:07 Uhr\n    <\/p>\n<p>    Verletzte bei ukrainischen Angriffen in Rostow<\/p>\n<p class=\"\">In der s\u00fcdrussischen Hafenstadt Rostow am Don sind nach Angaben von Beh\u00f6rden mindestens sieben Menschen bei einer Welle ukrainischer Luftangriffe verletzt worden. Zwei Kinder seien ins Krankenhaus gebracht worden, eines schwer verletzt, berichtete die staatliche Nachrichtenagentur Tass unter Berufung auf Gouverneur Jury Sljusar. Demnach wurden zwei zivile Wohnbl\u00f6cke durch &#8222;herabst\u00fcrzende Drohnentr\u00fcmmer&#8220; besch\u00e4digt. Ukrainischen Medienberichten zufolge soll dort das Warenlager eines Elektronik-H\u00e4ndlers getroffen worden sein. (Quelle: dpa)<\/p>\n<p>\n        06:30 Uhr\n    <\/p>\n<p>    Marschflugk\u00f6rper-Produktion bei Leipzig geplant<\/p>\n<p class=\"\">Das US-R\u00fcstungsunternehmen Covenant will angeblich nahe Leipzig eine Produktion von Marschflugk\u00f6rpern mit mehr als 1.500 Kilometern Reichweite starten. Das berichtet die Nachrichtenagentur Reuters unter Berufung auf &#8220; mit der Angelegenheit vertraute Personen&#8220;. Eine Jahresproduktion von bis zu 1.000 St\u00fcck sei m\u00f6glich und die Auslieferung ab 2027 geplant. Zulieferungen von Komponenten sollen \u00fcberwiegend aus Deutschland und Europa kommen. Das f\u00e4llt demnach mit der Suche der Bundesregierung nach g\u00fcnstigen, in gro\u00dfer St\u00fcckzahl verf\u00fcgbaren Marschflugk\u00f6rpern zusammen. Auch wollten die USA die teureren &#8222;Tomahawk&#8220;-Marschflugk\u00f6rper ohnehin nicht mehr liefern, was im Verteidigungsministerium zu Besorgnis und der Suche nach Alternativen gef\u00fchrt habe. Covenant und das Ministerium \u00e4u\u00dferten sich auf Anfragen dazu nicht. (Quelle: Reuters)<\/p>\n<p>\n        05:58 Uhr\n    <\/p>\n<p>    Gro\u00dfbrand und Explosionen bei Kiew<\/p>\n<p class=\"\">In dem Dorf Myla hat eine russische Drohne einen gro\u00dfen Brand verursacht und viele Menschen zur Flucht gezwungen. Die Drohne sei gestern Abend in dem Vorort der ukrainischen Hauptstadt Kiew im Bezirk Butscha eingeschlagen und das Feuer &#8222;begleitet von Explosionen&#8220;, erkl\u00e4rte die Milit\u00e4rverwaltung. Rund 200 Menschen sei in Sicherheit gebracht worden, auch Kinder. Es gebe mindestens sechs Verletzte. Die Staatsanwaltschaft leitete Ermittlungen wegen des Verdachts ein, dass auf einem Gel\u00e4nde illegal explosives Material gelagert worden wurde. (Quelle: AFP)<\/p>\n<p>\n        00:05 Uhr\n    <\/p>\n<p>    Die Ereignisse gestern \u2013 28. August 2026<\/p>\n<p class=\"\">Das von Russland besetzte ukrainische Atomkraftwerk Saporischschja ist nach Angaben der Internationalen Atomenergiebeh\u00f6rde (IAEA) zuletzt mehrfach von Drohnen angegriffen worden. Russische Angriffe in der Ukraine haben laut Landwirtschaftsminister die Lagerkapazit\u00e4t fast vollst\u00e4ndig zerst\u00f6rt. Die UNO hat in der Ukraine seit Beginn des russischen Angriffs vor viereinhalb Jahren 3.205 Angriffe auf Krankenh\u00e4user, Ambulanzen und andere Gesundheitseinrichtungen gez\u00e4hlt.<\/p>\n<p class=\"\">Das ukrainische Milit\u00e4r hat nach Angaben von Pr\u00e4sident Wolodymyr Selenskyj ein russisches Tu-95-MS-Raketenflugzeug auf dem St\u00fctzpunkt Engels angegriffen. Auch eine \u00d6l-Raffinerie im russischen Jaroslawl war nach ukrainischen Angaben ein Ziel.<\/p>\n<p class=\"\">US-Pr\u00e4sident Donald Trump hat sich \u00fcberzeugt gezeigt, dass Russland keine Nato-Verb\u00fcndeten angreifen werde. Er sagte im Wei\u00dfen Haus, es habe &#8222;gute Gespr\u00e4che&#8220; mit Pr\u00e4sident Wladimir Putin gegeben. Dieser werde nicht angreifen.<\/p>\n<p>\n        00:01 Uhr\n    <\/p>\n<p>    Ukraine-News am Samstag, 29. August 2026<\/p>\n<p class=\"\">Guten Tag! In unseren Ukraine-News halten wir Sie \u00fcber die Entwicklungen im Krieg gegen die Ukraine auf dem aktuellen Stand. Alle wichtigen Nachrichten dazu erscheinen hier im Lauf des Tages.<\/p>\n<p class=\"\">Die Berichterstattung \u00fcber den Russland-Ukraine-Krieg ist komplex. Angaben zu Kriegsverlauf, Beschuss und Opfern durch offizielle Stellen der russischen und der ukrainischen Konfliktparteien k\u00f6nnen in der aktuellen Lage nicht unmittelbar von unabh\u00e4ngiger Stelle \u00fcberpr\u00fcft werden. Es gibt eine Vielzahl von Medienvertretern vor Ort, darunter auch unabh\u00e4ngige Journalisten aus verschiedenen L\u00e4ndern. Bei der Bewertung von Informationen sind verschiedene Quellen und eine kritische Haltung unerl\u00e4sslich, um ein m\u00f6glichst umfassendes Bild zu erhalten. Alles das ber\u00fccksichtigt der MDR in seinen Berichten \u00fcber den Russland-Ukraine-Krieg.<\/p>\n<p>        <img decoding=\"async\" src=\"https:\/\/www.europesays.com\/de\/wp-content\/uploads\/2026\/06\/ukraine-276.webp\" alt=\"Rettungskr\u00e4fte beseitigen Tr\u00fcmmer und suchen nach Menschen in einem Wohnblock, der von einer Rakete getroffen wurde.\" title=\"Rettungskr\u00e4fte beseitigen Tr\u00fcmmer und suchen nach Menschen in einem Wohnblock, der von einer Rakete getroffen wurde. | picture alliance\/dpa\/Ukrinform | -\" class=\"responsive\" loading=\"lazy\"\/><\/p>\n<p>Hintergr\u00fcnde<\/p>\n<p>Am 24. Februar 2022 hat Russland die Ukraine \u00fcberfallen. Doch die ukrainische Armee kann sich halten und konnte Gebiete zur\u00fcckerobern, der Westen unterst\u00fctzt sie. Aktuelle Nachrichten und Hintergr\u00fcnde.<\/p>\n<p>        <img decoding=\"async\" src=\"https:\/\/www.europesays.com\/de\/wp-content\/uploads\/2026\/06\/podcast-cover-was-tun-herr-general-100.webp\" alt=\"Der fr\u00fchere NATO-General und Generalleutnant a.D. Erhard B\u00fchler\" title=\"Der fr\u00fchere NATO-General und Generalleutnant a.D. Erhard B\u00fchler | MDR \/ Erhard B\u00fchler \" class=\"responsive\" loading=\"lazy\"\/><\/p>\n<p>Audio | MDR AKTUELL<\/p>\n<p>Krieg in Europa. Welche Strategie verfolgt die russische Armee, wie stehen die Chancen der ukrainischen Verteidiger? Einsch\u00e4tzungen der milit\u00e4rischen Lage und der Kriegsfolgen vom fr\u00fcheren NATO-General Erhard B\u00fchler.<\/p>\n<p>        <img decoding=\"async\" src=\"https:\/\/www.europesays.com\/de\/wp-content\/uploads\/2026\/06\/podcast-putins-krieg-100.webp\" alt=\"Podcast Putins Krieg\" title=\"Podcast Putins Krieg | dpa\/MDR\" class=\"responsive\" loading=\"lazy\"\/><\/p>\n<p>Podcast-Reihe<\/p>\n<p>Russland f\u00fchrt Krieg gegen die Ukraine &#8211; Zerst\u00f6rung, Leid und Flucht. In diesem Podcast b\u00fcndeln wir Interviews und Berichte rund um den Krieg, seine Folgen f\u00fcr die Welt, Europa und in Deutschland.<\/p>\n","protected":false},"excerpt":{"rendered":"Ukraine-News von MDR AKTUELL Stand: 29.08.2026 10:39 Uhr Nachrichten personalisieren 09:10 Uhr Tote durch Treffer auf Munitionslager bei&hellip;\n","protected":false},"author":2,"featured_media":1267107,"comment_status":"","ping_status":"","sticky":false,"template":"","format":"standard","meta":{"footnotes":"","_share_on_mastodon":"0"},"categories":[1832],"tags":[3364,29,261793,30,4046,71,307,859,317],"class_list":["post-1267246","post","type-post","status-publish","format-standard","has-post-thumbnail","category-leipzig","tag-de","tag-deutschland","tag-drohneangriff-kiew","tag-germany","tag-krieg","tag-leipzig","tag-russland","tag-sachsen","tag-ukraine"],"share_on_mastodon":{"url":"https:\/\/pubeurope.com\/@de\/117177921476176539","error":""},"_links":{"self":[{"href":"https:\/\/www.europesays.com\/de\/wp-json\/wp\/v2\/posts\/1267246","targetHints":{"allow":["GET"]}}],"collection":[{"href":"https:\/\/www.europesays.com\/de\/wp-json\/wp\/v2\/posts"}],"about":[{"href":"https:\/\/www.europesays.com\/de\/wp-json\/wp\/v2\/types\/post"}],"author":[{"embeddable":true,"href":"https:\/\/www.europesays.com\/de\/wp-json\/wp\/v2\/users\/2"}],"replies":[{"embeddable":true,"href":"https:\/\/www.europesays.com\/de\/wp-json\/wp\/v2\/comments?post=1267246"}],"version-history":[{"count":0,"href":"https:\/\/www.europesays.com\/de\/wp-json\/wp\/v2\/posts\/1267246\/revisions"}],"wp:featuredmedia":[{"embeddable":true,"href":"https:\/\/www.europesays.com\/de\/wp-json\/wp\/v2\/media\/1267107"}],"wp:attachment":[{"href":"https:\/\/www.europesays.com\/de\/wp-json\/wp\/v2\/media?parent=1267246"}],"wp:term":[{"taxonomy":"category","embeddable":true,"href":"https:\/\/www.europesays.com\/de\/wp-json\/wp\/v2\/categories?post=1267246"},{"taxonomy":"post_tag","embeddable":true,"href":"https:\/\/www.europesays.com\/de\/wp-json\/wp\/v2\/tags?post=1267246"}],"curies":[{"name":"wp","href":"https:\/\/api.w.org\/{rel}","templated":true}]}}