{"id":1267258,"date":"2026-08-29T08:54:21","date_gmt":"2026-08-29T08:54:21","guid":{"rendered":"https:\/\/www.europesays.com\/de\/1267258\/"},"modified":"2026-08-29T08:54:21","modified_gmt":"2026-08-29T08:54:21","slug":"uber-und-der-1-fc-koeln-rtl-kennt-die-details-zum-deal","status":"publish","type":"post","link":"https:\/\/www.europesays.com\/de\/1267258\/","title":{"rendered":"Uber und der 1. FC K\u00f6ln: RTL kennt die Details zum Deal"},"content":{"rendered":"<p>RTL kennt die DetailsDas bedeutet der Uber-Deal f\u00fcr den 1. FC K\u00f6ln<img alt=\"IMG_20260828_192638.jpg\" fetchpriority=\"high\" width=\"940\" height=\"529\" decoding=\"async\" data-nimg=\"1\" class=\"Image_image__SdgLQ Picture_image__vGN9W\" style=\"color:transparent\"   src=\"https:\/\/www.europesays.com\/de\/wp-content\/uploads\/2026\/08\/img_20260828_192638.webp\"\/><\/p>\n<p>FC-Gesch\u00e4ftsf\u00fchrer Philipp Liesenfeld (l.) und Klub-Legende Stephan Engels vor dem neuen Uber-Fahrzeug im FC-Look am RheinEnergieSTADION.<\/p>\n<p>RTL<\/p>\n<p class=\"AnnotatedMarkup_paragraph__IUT9l\"><strong>Geht mit diesem Partner alles schneller und einfacher?<\/strong><br \/>Der 1. FC K\u00f6ln bekommt einen neuen starken Partner an seine Seite. Uber steigt beim FC ein \u2013 und die Zusammenarbeit soll weit \u00fcber klassische Bandenwerbung hinausgehen. Im Gespr\u00e4ch mit RTL.de erkl\u00e4ren FC-Gesch\u00e4ftsf\u00fchrer Philipp Liesenfeld und Klub-Legende Stephan Engels, warum der Deal f\u00fcr K\u00f6ln so wichtig ist. Und pl\u00f6tzlich geht es sogar um Europa.<\/p>\n<p>Beim 1. FC K\u00f6ln bewegt sich etwas \u2013 und diesmal nicht nur auf dem Platz<img alt=\"IMG_20260828_192624.png\" fetchpriority=\"auto\" loading=\"lazy\" width=\"940\" height=\"529\" decoding=\"async\" data-nimg=\"1\" class=\"Image_image__SdgLQ Picture_image__vGN9W\" style=\"color:transparent\"   src=\"https:\/\/www.europesays.com\/de\/wp-content\/uploads\/2026\/08\/img_20260828_192624.webp\"\/><\/p>\n<p>Gesch\u00e4ftsf\u00fchrer Philipp Liesenfeld (l.), FC-Legende Stephan Engels und RTL-Reporter Kai Franzke Jr. sprechen \u00fcber die neue Partnerschaft mit Uber \u2013 und \u00fcber die sportliche Zukunft des 1. FC K\u00f6ln.<\/p>\n<p>RTL<\/p>\n<p class=\"AnnotatedMarkup_paragraph__IUT9l\">Mit Uber bekommt der Bundesligist einen neuen Partner. F\u00fcr den Fahrdienstvermittler ist es das erste gro\u00dfe Engagement dieser Art im deutschen Fu\u00dfball. F\u00fcr den FC wiederum ist die Zusammenarbeit ein weiterer Schritt bei der eigenen Vermarktung. Und die Partnerschaft sollen die Fans durchaus zu sp\u00fcren bekommen. Gerade an Heimspieltagen kennen viele Fans das Problem: Rund um das RheinEnergieSTADION ist jede Menge los. Tausende Menschen sind gleichzeitig unterwegs, Stra\u00dfen sind voll und die An- und Abreise kann entsprechend dauern.<\/p>\n<p>Uber soll die Anreise zum FC erleichtern<\/p>\n<p class=\"AnnotatedMarkup_paragraph__IUT9l\">Genau dort soll die neue Partnerschaft auch ganz praktisch helfen. Uber und der FC richten rund um das Stadion feste Pick-up- und Drop-off-Zonen ein. Statt dass Fahrer und Fahrg\u00e4ste sich irgendwo im Spieltagsverkehr suchen m\u00fcssen, gibt es klar definierte Treffpunkte zum Ein- und Aussteigen. Die Hoffnung: eine einfachere An- und Abreise. Und besonders wichtig f\u00fcr FC-Fans: p\u00fcnktlich zur Hymne da sein.<\/p>\n<p class=\"AnnotatedMarkup_paragraph__IUT9l\"><strong>Lese-Tipp:<\/strong> <a href=\"https:\/\/www.rtl.de\/shows\/stefan-raab-singt-jetzt-fuer-den-1-fc-koeln-und-holt-sich-jede-menge-promis-ins-musikvideo-id31239108.html\" target=\"_self\" rel=\"nofollow noopener\">Stefan Raab singt jetzt f\u00fcr den 1. FC K\u00f6ln und holt sich jede Menge Promis ins Musikvideo!<\/a><\/p>\n<p class=\"AnnotatedMarkup_paragraph__IUT9l\"><strong>\u201eFu\u00dfball bewegt Menschen \u2013 und wir m\u00f6chten allen Fans ein stressfreies und komfortables Stadionerlebnis erm\u00f6glichen. Dieses beginnt nicht erst am Einlass, sondern schon mit der Anreise\u201c, erkl\u00e4rt Uber-Deutschland-Chef Christoph Weigler<\/strong>. Zum Start der Partnerschaft wird au\u00dferdem ein mobiles \u201eUber Budchen\u201c im k\u00f6lschen Look durch K\u00f6ln fahren.<\/p>\n<p>Anzeige:<\/p>\n<p>Empfehlungen unserer Partner<\/p>\n<p>FC-Gesch\u00e4ftsf\u00fchrer: \u201eWir m\u00fcssen jeden Euro selbst verdienen\u201c<\/p>\n<p class=\"AnnotatedMarkup_paragraph__IUT9l\">F\u00fcr den FC ist der Deal aber mehr als eine neue Mobilit\u00e4tsl\u00f6sung. Gesch\u00e4ftsf\u00fchrer Philipp Liesenfeld sieht darin auch eine Best\u00e4tigung f\u00fcr den eingeschlagenen Weg im Bereich Vermarktung. \u201eDass sich eine globale Marke wie Uber im deutschen Fu\u00dfball engagiert und diesen Weg gemeinsam mit dem 1. FC K\u00f6ln geht, macht uns sehr stolz\u201c, sagt Liesenfeld.<\/p>\n<p class=\"AnnotatedMarkup_paragraph__IUT9l\">Der FC setzt verst\u00e4rkt auf Eigenvermarktung und will Partner nicht einfach nur auf einer Bande pr\u00e4sentieren. Stattdessen sollen individuelle Aktionen und Geschichten entstehen.<\/p>\n<p><img alt=\"Die Highlights der Bundesliga und der 2. Bundesliga auf RTL+\" fetchpriority=\"auto\" loading=\"lazy\" width=\"615\" height=\"346\" decoding=\"async\" data-nimg=\"1\" class=\"Image_image__SdgLQ RtlPlusContent_image__Gbn0N\" style=\"color:transparent\"   src=\"https:\/\/www.europesays.com\/de\/wp-content\/uploads\/2026\/08\/themenwelt-bundesliga-auf-rtlplus.webp\"\/><\/p>\n<p class=\"AnnotatedMarkup_paragraph__IUT9l\">Neue Einnahmen sind f\u00fcr einen Club, der ohne Investoren oder gro\u00dfe externe Geldgeber auskommen m\u00f6chte, besonders wichtig. Liesenfeld bringt es im Gespr\u00e4ch mit RTL.de ziemlich deutlich auf den Punkt: <strong>\u201eWir m\u00fcssen jeden Euro selbst verdienen.\u201c<\/strong><\/p>\n<p class=\"AnnotatedMarkup_paragraph__IUT9l\">Nach wirtschaftlich schwierigen Jahren sieht der Gesch\u00e4ftsf\u00fchrer den Verein inzwischen allerdings wieder auf einem guten Weg. Der FC habe sich nach der Corona-Phase stark entwickelt und sei mittlerweile wieder investitionsf\u00e4hig. Und irgendwann soll es vielleicht noch eine Nummer gr\u00f6\u00dfer werden.<\/p>\n<p class=\"AnnotatedMarkup_paragraph__IUT9l\"><strong>Lese-Tipp:<\/strong> <a href=\"https:\/\/www.rtl.de\/sport\/herthas-neustart-zwei-top-leihen-der-plan-mit-leitl-und-warum-der-bigcityclub-endgueltig-geschichte-ist-id31170961.html\" target=\"_self\" rel=\"nofollow noopener\">Hertha BSC war lange ein Mahnmal \u2013 jetzt k\u00f6nnte der XXXL-Umbruch zum Erfolgsrezept werden<\/a><\/p>\n<p>Video-Tipp: Neue Doku! Auch Schalke spielt wieder Bundesliga! <\/p>\n<p>01:42 min<\/p>\n<p>Emotionale Doku-Premiere<\/p>\n<p>Tr\u00e4nen bei den Aufstiegshelden! \u201eMythos Schalke\u201c sorgt f\u00fcr G\u00e4nsehaut<\/p>\n<p>Wann geht es f\u00fcr den FC wieder nach Europa?<\/p>\n<p class=\"AnnotatedMarkup_paragraph__IUT9l\">Eine internationale Expansion ist f\u00fcr Liesenfeld aktuell noch kein Thema, das ganz oben auf der Liste steht. Zun\u00e4chst m\u00fcsse sich der Verein sportlich wieder dauerhaft in der Bundesliga etablieren. Der Fokus liegt deshalb bewusst auf dem deutschen Markt.<\/p>\n<p class=\"AnnotatedMarkup_paragraph__IUT9l\">Doch neben ihm bei der UBER-Probefahrt sitzt einer, der den 1. FC K\u00f6ln noch aus ganz anderen Zeiten kennt. FC-Legende Stephan Engels erinnert sich an Jahre, in denen die K\u00f6lner regelm\u00e4\u00dfig international unterwegs waren. An Barcelona, an England und Italien. Als Nationalspieler war Engels rund um den Globus unterwegs.<\/p>\n<p><img alt=\"RTL+: Sport, Filme, Serien, Podcasts, H\u00f6rb\u00fccher, Live TV\" fetchpriority=\"auto\" loading=\"lazy\" width=\"615\" height=\"346\" decoding=\"async\" data-nimg=\"1\" class=\"Image_image__SdgLQ RtlPlusContent_image__Gbn0N\" style=\"color:transparent\"   src=\"https:\/\/www.europesays.com\/de\/wp-content\/uploads\/2026\/07\/rtlplus-sport-filme-serien-podcasts-hoerbuecher-live-tv.webp\"\/><\/p>\n<p class=\"AnnotatedMarkup_paragraph__IUT9l\">Und wenn es um eine R\u00fcckkehr nach Europa geht, macht Engels eine erstaunlich einfache Rechnung auf. Eine Qualifikation \u00fcber die Bundesliga ist schwer, das wei\u00df auch Engels. Es gibt aber auch noch einen anderen Weg: <strong>Den DFB-Pokal.<\/strong><\/p>\n<p class=\"AnnotatedMarkup_paragraph__IUT9l\">Und da braucht es laut Engels gar nicht so viel! <strong>\u201eDu musst nur mal sechs Spiele gewinnen [\u2026] im DFB-Pokal. Dann sind wir auch wieder europ\u00e4isch\u201c, tr\u00e4umt die FC-Legende. <\/strong>Ein Satz, der bei vielen FC-Fans vermutlich sofort Kopfkino ausl\u00f6st.<\/p>\n<p>Klassenerhalt bleibt das wichtigste Ziel<\/p>\n<p class=\"AnnotatedMarkup_paragraph__IUT9l\">So weit voraus will die aktuelle FC-F\u00fchrung allerdings noch nicht schauen. Liesenfeld macht deutlich: <strong>\u201eDas prim\u00e4re Ziel ist der Klassenerhalt.\u201c <\/strong>Wenn dann noch mehr geht, hat beim FC nat\u00fcrlich niemand etwas dagegen. Vor allem aber will der Verein seine Fans mit leidenschaftlichem Fu\u00dfball begeistern.<\/p>\n<p class=\"AnnotatedMarkup_paragraph__IUT9l\">Auch Engels schaut mit viel Zuversicht auf die Mannschaft. Er sei \u201esehr optimistisch\u201d, dass der FC in dieser Saison fr\u00fcher den Blick weg von den Abstiegspl\u00e4tzen richten k\u00f6nne. Der Weg zur\u00fcck nach oben soll beim FC also Schritt f\u00fcr Schritt erfolgen: wirtschaftlich weiter stabilisieren, sportlich in der Bundesliga festsetzen. Und dann darf irgendwann tats\u00e4chlich wieder von Europa gesprochen werden.<\/p>\n<p class=\"AnnotatedMarkup_paragraph__IUT9l\">Verwendete Quelle: eigene RTL-Recherche<\/p>\n","protected":false},"excerpt":{"rendered":"RTL kennt die DetailsDas bedeutet der Uber-Deal f\u00fcr den 1. FC K\u00f6ln FC-Gesch\u00e4ftsf\u00fchrer Philipp Liesenfeld (l.) und Klub-Legende&hellip;\n","protected":false},"author":2,"featured_media":1267259,"comment_status":"","ping_status":"","sticky":false,"template":"","format":"standard","meta":{"footnotes":"","_share_on_mastodon":"0"},"categories":[1828],"tags":[623,299,468,29,481,2364,1572,347,261818,30,261819,1420,4550,1209,107259,265,8043,11079],"class_list":["post-1267258","post","type-post","status-publish","format-standard","has-post-thumbnail","category-koeln","tag-1-fc-koeln","tag-bundesliga","tag-champions-league","tag-deutschland","tag-dfb","tag-dfb-pokalfinale","tag-formel-1","tag-fussball","tag-fussball-bundesliga-arc-sport-fussball-bundesliga","tag-germany","tag-hoffenheim-227","tag-koeln","tag-nfl","tag-nordrhein-westfalen","tag-oktagon-mma","tag-sport","tag-tsg-hoffenheim","tag-uber"],"share_on_mastodon":{"url":"https:\/\/pubeurope.com\/@de\/117177962806707477","error":""},"_links":{"self":[{"href":"https:\/\/www.europesays.com\/de\/wp-json\/wp\/v2\/posts\/1267258","targetHints":{"allow":["GET"]}}],"collection":[{"href":"https:\/\/www.europesays.com\/de\/wp-json\/wp\/v2\/posts"}],"about":[{"href":"https:\/\/www.europesays.com\/de\/wp-json\/wp\/v2\/types\/post"}],"author":[{"embeddable":true,"href":"https:\/\/www.europesays.com\/de\/wp-json\/wp\/v2\/users\/2"}],"replies":[{"embeddable":true,"href":"https:\/\/www.europesays.com\/de\/wp-json\/wp\/v2\/comments?post=1267258"}],"version-history":[{"count":0,"href":"https:\/\/www.europesays.com\/de\/wp-json\/wp\/v2\/posts\/1267258\/revisions"}],"wp:featuredmedia":[{"embeddable":true,"href":"https:\/\/www.europesays.com\/de\/wp-json\/wp\/v2\/media\/1267259"}],"wp:attachment":[{"href":"https:\/\/www.europesays.com\/de\/wp-json\/wp\/v2\/media?parent=1267258"}],"wp:term":[{"taxonomy":"category","embeddable":true,"href":"https:\/\/www.europesays.com\/de\/wp-json\/wp\/v2\/categories?post=1267258"},{"taxonomy":"post_tag","embeddable":true,"href":"https:\/\/www.europesays.com\/de\/wp-json\/wp\/v2\/tags?post=1267258"}],"curies":[{"name":"wp","href":"https:\/\/api.w.org\/{rel}","templated":true}]}}