{"id":1267277,"date":"2026-08-29T09:04:22","date_gmt":"2026-08-29T09:04:22","guid":{"rendered":"https:\/\/www.europesays.com\/de\/1267277\/"},"modified":"2026-08-29T09:04:22","modified_gmt":"2026-08-29T09:04:22","slug":"rumaenische-familie-nach-heimaturlaub-keinen-anspruch-auf-mehr-auf-unterkunft-in-berlin","status":"publish","type":"post","link":"https:\/\/www.europesays.com\/de\/1267277\/","title":{"rendered":"Rum\u00e4nische Familie: Nach Heimaturlaub keinen Anspruch auf mehr auf Unterkunft in Berlin"},"content":{"rendered":"<p class=\"text-black text-[17px] leading-7 font-normal font-merriweather\">\n              Eine rum\u00e4nische Familie hat vor dem Verwaltungsgericht Berlin keinen Anspruch auf eine erneute Unterbringung in einer vom Bezirk finanzierten Notunterkunft durchsetzen k\u00f6nnen, <a href=\"https:\/\/www.bz-berlin.de\/berlin\/neukoelln\/monatlich-6400-euro-stadtrat-stoppt-abzock-familie-aus-rumaenien-6a8fe32714f40f555e0a319e\" rel=\"nofollow noopener\" target=\"_blank\">wie die B.Z. berichtet<\/a>. Die Eltern und ihre beiden fast vollj\u00e4hrigen Kinder waren nach einem Heimaturlaub in Rum\u00e4nien nach Berlin zur\u00fcckgekehrt und hatten erneut einen Platz in einer Unterkunft f\u00fcr Obdachlose beantragt.\n            <\/p>\n<p>            Kosten von \u00fcber 6000 Euro pro Monat<\/p>\n<p class=\"text-black text-[17px] leading-7 font-normal font-merriweather\">\n              Die vierk\u00f6pfige Familie war zuvor in einer Notunterkunft in Friedrichshain-Kreuzberg untergebracht. Die Kosten f\u00fcr die Unterkunft lagen laut Medienberichten bei mehr als 6000 Euro pro Monat und wurden vom Jobcenter \u00fcbernommen.\n            <\/p>\n<p class=\"text-black text-[17px] leading-7 font-normal font-merriweather\">\n              Vor der Reise war die Familie darauf hingewiesen worden, dass ihr Platz nach l\u00e4ngerer Abwesenheit nicht garantiert werden k\u00f6nne.\n            <\/p>\n<p class=\"text-black text-[17px] leading-7 font-normal font-merriweather\">\n              Nach der R\u00fcckkehr lehnte Neuk\u00f6llns Sozialstadtrat Hannes Rehfeldt (CDU) eine erneute Unterbringung ab. Die Familie beantragte daraufhin im Eilverfahren ihre Wiederaufnahme in die Unterkunft. Das Verwaltungsgericht Berlin wies den Antrag jedoch zur\u00fcck. In der Begr\u00fcndung hie\u00df es, es fehle an der erforderlichen \u201eUnfreiwilligkeit\u201c der geltend gemachten Obdachlosigkeit. Nach Auffassung des Gerichts h\u00e4tte die Familie ihre Situation selbst vermeiden k\u00f6nnen.\n            <\/p>\n<p class=\"text-black text-[17px] leading-7 font-normal font-merriweather\">\n              Rehfeldt sprach von einer richtungsweisenden Entscheidung. Notunterk\u00fcnfte dienten dazu, akute Obdachlosigkeit abzuwenden. Wenn die Situation selbst herbeigef\u00fchrt werde und von den Betroffenen auch selbst beseitigt werden k\u00f6nne, sei eine staatliche Unterbringung nicht zwingend geboten. Der Bezirk k\u00fcndigte an, \u00e4hnliche F\u00e4lle k\u00fcnftig genauer zu pr\u00fcfen.<\/p>\n<p>                    <img decoding=\"async\" src=\"https:\/\/www.berliner-zeitung.de\/images\/blz\/send-mail.svg\" alt=\"Send feedback\"\/><\/p>\n<p>Lesen Sie mehr zum Thema<\/p>\n","protected":false},"excerpt":{"rendered":"Eine rum\u00e4nische Familie hat vor dem Verwaltungsgericht Berlin keinen Anspruch auf eine erneute Unterbringung in einer vom Bezirk&hellip;\n","protected":false},"author":2,"featured_media":1267278,"comment_status":"","ping_status":"","sticky":false,"template":"","format":"standard","meta":{"footnotes":"","_share_on_mastodon":"0"},"categories":[1825],"tags":[8769,296,29,30,65050,261820,261821,12024,15660],"class_list":["post-1267277","post","type-post","status-publish","format-standard","has-post-thumbnail","category-berlin","tag-verwaltungsgericht","tag-berlin","tag-deutschland","tag-germany","tag-hannes-rehfeldt","tag-heimaturlaub","tag-kay-nietfeld","tag-rumaenien","tag-unterkunft"],"share_on_mastodon":{"url":"https:\/\/pubeurope.com\/@de\/117178000723816849","error":""},"_links":{"self":[{"href":"https:\/\/www.europesays.com\/de\/wp-json\/wp\/v2\/posts\/1267277","targetHints":{"allow":["GET"]}}],"collection":[{"href":"https:\/\/www.europesays.com\/de\/wp-json\/wp\/v2\/posts"}],"about":[{"href":"https:\/\/www.europesays.com\/de\/wp-json\/wp\/v2\/types\/post"}],"author":[{"embeddable":true,"href":"https:\/\/www.europesays.com\/de\/wp-json\/wp\/v2\/users\/2"}],"replies":[{"embeddable":true,"href":"https:\/\/www.europesays.com\/de\/wp-json\/wp\/v2\/comments?post=1267277"}],"version-history":[{"count":0,"href":"https:\/\/www.europesays.com\/de\/wp-json\/wp\/v2\/posts\/1267277\/revisions"}],"wp:featuredmedia":[{"embeddable":true,"href":"https:\/\/www.europesays.com\/de\/wp-json\/wp\/v2\/media\/1267278"}],"wp:attachment":[{"href":"https:\/\/www.europesays.com\/de\/wp-json\/wp\/v2\/media?parent=1267277"}],"wp:term":[{"taxonomy":"category","embeddable":true,"href":"https:\/\/www.europesays.com\/de\/wp-json\/wp\/v2\/categories?post=1267277"},{"taxonomy":"post_tag","embeddable":true,"href":"https:\/\/www.europesays.com\/de\/wp-json\/wp\/v2\/tags?post=1267277"}],"curies":[{"name":"wp","href":"https:\/\/api.w.org\/{rel}","templated":true}]}}