{"id":1267298,"date":"2026-08-29T09:20:16","date_gmt":"2026-08-29T09:20:16","guid":{"rendered":"https:\/\/www.europesays.com\/de\/1267298\/"},"modified":"2026-08-29T09:20:16","modified_gmt":"2026-08-29T09:20:16","slug":"nach-gewaltexzessen-gegen-ehefrau-jp-kraemer-kuendigt-auszeit-an-news","status":"publish","type":"post","link":"https:\/\/www.europesays.com\/de\/1267298\/","title":{"rendered":"Nach Gewaltexzessen gegen Ehefrau: JP Kraemer k\u00fcndigt Auszeit an | News"},"content":{"rendered":"<p><a class=\"skip-content skip-content--link\" href=\"#in-content-skip-link-target-v-0-0\">TTS-Player \u00fcberspringen\u21b5<\/a><a id=\"in-content-skip-link-target-v-0-0\" class=\"skip-content--target-link-hidden skip-content skip-content--target-link\" href=\"#in-content-skip-link-target-v-0-0\">Artikel weiterlesen<\/a><\/p>\n<p><b>Nach den Gewaltvorw\u00fcrfen gegen den YouTube- und TV-Star JP Kraemer (45, \u201eDie PS-Profis\u201c) hat er sich am Samstagmorgen auf Instagram zu Wort gemeldet. Er k\u00fcndigt eine Auszeit und eine Therapie an. <\/b><\/p>\n<p>Jean Pierre \u201eJP\u201c Kraemer war zuletzt in die Schlagzeilen geraten, weil er seine Noch-Ehefrau Julia Meck (25) misshandelt haben soll. Kraemer selbst hatte zuletzt zwar Gewalt in seiner Ehe einger\u00e4umt, aber auch gesagt, dass die Schl\u00e4ge, die ihm seine Frau zugef\u00fcgt habe, viel heftiger gewesen sein sollen.<\/p>\n<p>In seinem aktuellen Instagram-Post vom Samstagmorgen k\u00fcndigt JP Kraemer an, dass er sich \u201eeine Auszeit bei seinem Vater\u201c nehmen will.<\/p>\n<p> An dieser Stelle findest du Inhalte aus Instagram <\/p>\n<p> Um mit Inhalten aus Instagram und anderen sozialen Netzwerken zu interagieren oder diese darzustellen, brauchen wir deine Zustimmung. <\/p>\n<p> soziale Netzwerke aktivieren <\/p>\n<p>BILD hatte am Freitag \u00fcber den <a href=\"https:\/\/www.bild.de\/regional\/aktuelles\/polizei\/polizeieinsatz-alle-infos-76681760.bild.html\" class=\"text-link\" rel=\"nofollow noopener\" target=\"_blank\">Polizeieinsatz<\/a> in <a href=\"https:\/\/www.bild.de\/regional\/nordrhein-westfalen\/jp-kraemer-annaeherungsverbot-nach-vorwuerfen-haeuslicher-gewalt-6a8feb3a14f40f555e0a3234\" class=\"text-link\" rel=\"nofollow noopener\" target=\"_blank\">Kraemers Dortmunder Millionen-Villa<\/a> berichtet. Nach BILD-Informationen soll es dort am 26. Juli zu einem heftigen Streit zwischen Kraemer und seiner Ehefrau gekommen sein. Die Polizei Dortmund (<a href=\"https:\/\/www.bild.de\/regional\/nordrhein-westfalen\/home-npIP0qL0giWP1ZFIOHn2\" class=\"text-link\" rel=\"nofollow noopener\" target=\"_blank\">Nordrhein-Westfalen<\/a>) best\u00e4tigte den Einsatz.<\/p>\n<p>Mehr zum Thema<\/p>\n<p>\u201eDie Polizei hat eine Strafanzeige wegen vors\u00e4tzlicher einfacher K\u00f6rperverletzung und Sachbesch\u00e4digung gegen einen 45-j\u00e4hrigen Dortmunder gefertigt.\u201c Seiner Noch-Ehefrau darf sich JP die n\u00e4chsten sechs Monate nicht n\u00e4hern.<\/p>\n<p>Bekannt wurde Kraemer als Moderator der TV-Show \u201eDie PS-Profis\u201c, die bis 2017 auf Sport1 lief. Heute betreibt er mit \u201eJP Performance\u201c den erfolgreichsten deutschen Tuning-Kanal bei <a href=\"https:\/\/www.bild.de\/digital\/internet\/youtube\/thema-youtube-alle-infos-80125716.bild.html\" class=\"text-link\" rel=\"nofollow noopener\" target=\"_blank\">YouTube,<\/a> hat dort \u00fcber 2,7 Millionen Abonnenten.<\/p>\n","protected":false},"excerpt":{"rendered":"TTS-Player \u00fcberspringen\u21b5Artikel weiterlesen Nach den Gewaltvorw\u00fcrfen gegen den YouTube- und TV-Star JP Kraemer (45, \u201eDie PS-Profis\u201c) hat er&hellip;\n","protected":false},"author":2,"featured_media":1267299,"comment_status":"","ping_status":"","sticky":false,"template":"","format":"standard","meta":{"footnotes":"","_share_on_mastodon":"0"},"categories":[2],"tags":[1737,29,217,30,6452,13,152,682,14,15,241825,12,138370,10,8,9,11,1507],"class_list":["post-1267298","post","type-post","status-publish","format-standard","has-post-thumbnail","category-deutschland","tag-breaking-news","tag-deutschland","tag-dortmund","tag-germany","tag-haeusliche-gewalt","tag-headlines","tag-instagram","tag-koerperverletzung","tag-nachrichten","tag-news","tag-newsos-import-bild","tag-schlagzeilen","tag-team-first","tag-top-news","tag-top-meldungen","tag-topmeldungen","tag-topnews","tag-youtuber"],"share_on_mastodon":{"url":"https:\/\/pubeurope.com\/@de\/117178061617272840","error":""},"_links":{"self":[{"href":"https:\/\/www.europesays.com\/de\/wp-json\/wp\/v2\/posts\/1267298","targetHints":{"allow":["GET"]}}],"collection":[{"href":"https:\/\/www.europesays.com\/de\/wp-json\/wp\/v2\/posts"}],"about":[{"href":"https:\/\/www.europesays.com\/de\/wp-json\/wp\/v2\/types\/post"}],"author":[{"embeddable":true,"href":"https:\/\/www.europesays.com\/de\/wp-json\/wp\/v2\/users\/2"}],"replies":[{"embeddable":true,"href":"https:\/\/www.europesays.com\/de\/wp-json\/wp\/v2\/comments?post=1267298"}],"version-history":[{"count":0,"href":"https:\/\/www.europesays.com\/de\/wp-json\/wp\/v2\/posts\/1267298\/revisions"}],"wp:featuredmedia":[{"embeddable":true,"href":"https:\/\/www.europesays.com\/de\/wp-json\/wp\/v2\/media\/1267299"}],"wp:attachment":[{"href":"https:\/\/www.europesays.com\/de\/wp-json\/wp\/v2\/media?parent=1267298"}],"wp:term":[{"taxonomy":"category","embeddable":true,"href":"https:\/\/www.europesays.com\/de\/wp-json\/wp\/v2\/categories?post=1267298"},{"taxonomy":"post_tag","embeddable":true,"href":"https:\/\/www.europesays.com\/de\/wp-json\/wp\/v2\/tags?post=1267298"}],"curies":[{"name":"wp","href":"https:\/\/api.w.org\/{rel}","templated":true}]}}