{"id":1267300,"date":"2026-08-29T09:21:17","date_gmt":"2026-08-29T09:21:17","guid":{"rendered":"https:\/\/www.europesays.com\/de\/1267300\/"},"modified":"2026-08-29T09:21:17","modified_gmt":"2026-08-29T09:21:17","slug":"baden-wuerttemberg-unwetter-in-bodenseeregion-umgefallene-baeume-vollgelaufene-keller-hagel","status":"publish","type":"post","link":"https:\/\/www.europesays.com\/de\/1267300\/","title":{"rendered":"Baden-W\u00fcrttemberg: Unwetter in Bodenseeregion: Umgefallene B\u00e4ume, vollgelaufene Keller, Hagel"},"content":{"rendered":"<p>            <img loading=\"lazy\" decoding=\"async\" class=\"ts-image\" src=\"https:\/\/www.europesays.com\/de\/wp-content\/uploads\/2026\/08\/swr-das-unwetter-verwuestete-teile-des-singener-ortsteils-bohlingen-100.jpg\" alt=\"Das Unwetter verw\u00fcstete Teile des Singener Ortsteils Bohlingen.\" title=\"Das Unwetter verw\u00fcstete Teile des Singener Ortsteils Bohlingen. | SWR, Gerald Pinkenburg\"\/><\/p>\n<p class=\"metatextline\">Stand: 29.08.2026 \u2022 10:07 Uhr<\/p>\n<p class=\"article-head__shorttext\">\n        <strong>Abgedeckte D\u00e4cher, umgest\u00fcrzte B\u00e4ume, Hagel, vollgelaufene Keller: In der Bodenseeregion hat am Freitag ein Unwetter einige Sch\u00e4den angerichtet. Die Feuerwehr zieht erste Bilanz.<\/strong>\n    <\/p>\n<p class=\"textabsatz m-ten m-offset-one l-eight l-offset-two columns twelve\">Am Tag nach dem schweren Unwetter in der Bodenseeregion haben die Feuerwehren im Bodenseekreis und im Kreis Konstanz am Samstag eine erste Bilanz gezogen. Besonders schwer traf es den Singener Stadtteil Bohlingen. Laut Feuerwehr gab es allein in diesem Stadtteil gute 200 Einsatzstellen, rund 100 Hausd\u00e4cher und Geb\u00e4ude seien besch\u00e4digt, sagte Mario Dutzi, der Kommandant der Freiwilligen Feuerwehr Singen und Einsatzleiter vor Ort. Es waren laut Polizei allein in Bohlingen rund 300 Feuerwehrleute in Einsatz, dazu 10 Drehleitern und R\u00fcstfahrzeuge sowie zahlreiche H\u00f6henrettungstrupps. Ein Schwerpunkt war demnach die Befreiung der Aach von umgest\u00fcrzten B\u00e4umen, da die zwischenzeitlich den Fluss aufstauten und die Gefahr von \u00dcberflutung bestand. Ein Haus sei derzeit unbewohnbar. Die sechs Bewohner wurden in Hotels untergebracht. Ein Mensch wurde verletzt. Der Ort war wegen umgest\u00fcrzter B\u00e4ume und abgedeckter D\u00e4cher vor\u00fcbergehend gesperrt. Die Er\u00f6ffnung des traditionellen Volks- und Heimatfestes Sichelhenke Bohlingen, das am Freitag beginnen sollte, wurde abgesagt. Die Aufr\u00e4umarbeiten sollten am Samstag weitergehen.<\/p>\n<p class=\"textabsatz m-ten m-offset-one l-eight l-offset-two columns twelve\">Auch in der Singener S\u00fcdstadt und im Stadtteil \u00dcberlingen am Ried gingen schwere Gewitter nieder. Dort war die Lage nach Angaben der Feuerwehr jedoch unter Kontrolle.<\/p>\n<p>    <a href=\"https:\/\/www.tagesschau.de\/inland\/regional\/badenwuerttemberg\/swr-unwetter-richtet-schwere-schaeden-rund-um-singen-an-100.html\" class=\"copytext-galerie columns twelve m-ten m-offset-one l-eight l-offset-two\" rel=\"nofollow noopener\" target=\"_blank\"><br \/>\n        Bilderstrecke<br \/>\n        Unwetter richtet schwere Sch\u00e4den rund um Singen und \u00dcberlingen an<br \/>\n    <\/a><\/p>\n<p>    Unwetter auch in anderen Teilen der Bodenseeregion<\/p>\n<p class=\"textabsatz m-ten m-offset-one l-eight l-offset-two columns twelve\">Der heftige Gewittersturm im Bodenseeraum f\u00fchrte auch anderswo zu gro\u00dfen Behinderungen. So fielen in der ganzen Hegau-Region rund um Singen viele B\u00e4ume um.<\/p>\n<p class=\"textabsatz m-ten m-offset-one l-eight l-offset-two columns twelve\">Im Bodenseekreis z\u00e4hlte der Kreisfeuerwehrverband mindestens 120 Eins\u00e4tze, mehr als 70 davon in und um \u00dcberlingen. Im Osten des Landkreises musste auch in Tettnang die Feuerwehr mehrfach ausr\u00fccken. Die H\u00f6he der Sch\u00e4den l\u00e4sst sich laut der Feuerwehren bislang noch nicht beziffern. Im Raum Sipplingen und \u00dcberlingen hagelte es heftig. Auch dort fielen B\u00e4ume um. Im Ortsteil Bambergen bei \u00dcberlingen krachte laut Feuerwehr ein Baum in eine Hochspannungsleitung. Im \u00f6rtlichen Tierheim gab es ebenfalls Sch\u00e4den.<\/p>\n<p class=\"textabsatz m-ten m-offset-one l-eight l-offset-two columns twelve\">Hart traf es auch einige Landwirte. Auf einem Obst- und Eierhof in Friedrichshafen zerst\u00f6rte die Gewitterzelle innerhalb weniger Minuten gro\u00dfe Teile der Birnen-, Zwetschgen- und Apfelernte. &#8222;Die Birnen stehen vor der Ernte &#8211; und jetzt sind sie alle kaputt&#8220;, sagte Angelika Knoblauch, deren Familie den Hof betreibt, der Deutschen Presse-Agentur. Ihr Mann geht von einem Schaden in f\u00fcnfstelliger H\u00f6he aus.<\/p>\n<p>    Mehrere Bahnstrecken in Bodenseeregion gesperrt<\/p>\n<p class=\"textabsatz m-ten m-offset-one l-eight l-offset-two columns twelve\">Der Bahnverkehr ist wegen der schweren Unwetter teils noch beeintr\u00e4chtigt. Die Bahnstrecke der Bodenseeg\u00fcrtelbahn ist laut Deutscher Bahn zwischen Singen und Konstanz wegen einer besch\u00e4digten Oberleitung weiter gesperrt. Es gibt es einen Bus-Ersatzverkehr. Auch auf der Strecke von Singen nach Schaffhausen l\u00e4uft noch nicht alles wieder rund, nachdem ein Zug mit einem auf den Gleisen liegenden Baum kollidiert war, wie der Sprecher sagte. Ebenso fuhr dem Sprecher zufolge wegen eines umgest\u00fcrzten Baumes zeitweise kein Regionalzug zwischen den Bahnh\u00f6fen \u00dcberlingen-Therme und Uhldingen-M\u00fchlhofen (Bodenseekreis).<\/p>\n<p>    Sturm w\u00fctete auch in der Ostschweiz<\/p>\n<p class=\"textabsatz m-ten m-offset-one l-eight l-offset-two columns twelve\">Die Ostschweiz war vom Unwetter ebenfalls betroffen. Im Kanton Schaffhausen sind laut dem Wetterdienst SRF Meteo Windb\u00f6en in Geschwindigkeiten von bis zu 142 Stundenkilometern gemessen worden. Im Kanton Thurgau st\u00fcrzten zahlreiche B\u00e4ume um und Einsatzkr\u00e4fte der Seepolizei sammelten mehrere f\u00fchrerlose Boote ein. Menschen wurden laut der Kantonspolizei keine verletzt.<\/p>\n<p>Unsere Artikel gezielt bei Google anzeigen lassen<\/p>\n<p>            Wenn Sie bei Google nach Informationen suchen, werden Ihnen bestimmte Nachrichten in der sogenannten Schlagzeilen-Box angezeigt. Welche das sind, k\u00f6nnen Sie jetzt direkt mitbestimmen.<br \/>\nWenn Sie SWR Aktuell als bevorzugte Quelle hinterlegen, bekommen Sie unsere Inhalte auch \u00f6fter ausgespielt. Wie das genau geht, erkl\u00e4ren wir Ihnen <a href=\"https:\/\/www.swr.de\/home\/swr-bevorzugte-quelle-google-100.html\" title=\"hier\" class=\"textlink--extern\" target=\"_blank\" rel=\"noopener nofollow\">hier<\/a>.<br \/>\n\u2192 Hier k\u00f6nnen Sie <a href=\"https:\/\/1.ard.de\/preferedsources\" title=\"SWR Aktuell als Ihre bevorzugte Quelle einstellen\" class=\"textlink--extern\" target=\"_blank\" rel=\"noopener nofollow\">SWR Aktuell als Ihre bevorzugte Quelle einstellen<\/a>.<\/p>\n<p>    Mehr zum Unwetter<\/p>\n<ul class=\"buttongroup buttongroup--copytext\">\n<li class=\"buttongroup__item\">\n<p>    <a class=\"btn btn--text btn--standard-secondary btn--fullwidth\" href=\"https:\/\/www.swr.de\/swraktuell\/baden-wuerttemberg\/unwetter-starkregen-hagel-unwetter-in-bw-100.html\" rel=\"nofollow noopener\" target=\"_blank\"><br \/>\n        Unwetter in BW: Stadtteil von Singen wieder befahrbar, Eine Person verletzt, Zug muss wegen herabgest\u00fcrzter \u00c4ste stoppen<\/p>\n<p>  Pfeil rechts<\/p>\n<p>    <\/a>\n<\/li>\n<li class=\"buttongroup__item\">\n<p>    <a class=\"btn btn--text btn--standard-secondary btn--fullwidth\" href=\"https:\/\/www.swr.de\/swraktuell\/baden-wuerttemberg\/heilbronn\/blitzeinschlag-blitz-unwetter-brand-grossrinderfeld-feuerwehr-scheune-wohnhaus-100.html\" rel=\"nofollow noopener\" target=\"_blank\"><br \/>\n        Blitzeinschlag sorgt f\u00fcr Scheunenbrand in Gro\u00dfrinderfeld <\/p>\n<p>  Pfeil rechts<\/p>\n<p>    <\/a>\n<\/li>\n<\/ul>\n<p>                                        <a class=\"backlink__link\" href=\"https:\/\/www.swr.de\/swraktuell\/baden-wuerttemberg\/friedrichshafen\/unwetter-in-der-region-bodensee-oberschwaben-100.html\" rel=\"nofollow noopener\" target=\"_blank\"><\/p>\n<p>                                                <img decoding=\"async\" src=\"https:\/\/images.tagesschau.de\/image\/d14251d0-d158-4797-a47c-e97e1e58a56b\/AAABlap_vas\/AAABnR8VW9w\/original\/lra-swr-logo-100.svg\" alt=\"S\u00fcdwestrundfunk\"\/><\/p>\n<p>                                        <\/a><\/p>\n","protected":false},"excerpt":{"rendered":"Stand: 29.08.2026 \u2022 10:07 Uhr Abgedeckte D\u00e4cher, umgest\u00fcrzte B\u00e4ume, Hagel, vollgelaufene Keller: In der Bodenseeregion hat am Freitag&hellip;\n","protected":false},"author":2,"featured_media":1267301,"comment_status":"","ping_status":"","sticky":false,"template":"","format":"standard","meta":{"footnotes":"","_share_on_mastodon":"0"},"categories":[5],"tags":[1634,13,14,15,12,1755,10,8,9,11],"class_list":["post-1267300","post","type-post","status-publish","format-standard","has-post-thumbnail","category-nachrichten","tag-baden-wuerttemberg","tag-headlines","tag-nachrichten","tag-news","tag-schlagzeilen","tag-swr","tag-top-news","tag-top-meldungen","tag-topmeldungen","tag-topnews"],"share_on_mastodon":{"url":"https:\/\/pubeurope.com\/@de\/117178065776366506","error":""},"_links":{"self":[{"href":"https:\/\/www.europesays.com\/de\/wp-json\/wp\/v2\/posts\/1267300","targetHints":{"allow":["GET"]}}],"collection":[{"href":"https:\/\/www.europesays.com\/de\/wp-json\/wp\/v2\/posts"}],"about":[{"href":"https:\/\/www.europesays.com\/de\/wp-json\/wp\/v2\/types\/post"}],"author":[{"embeddable":true,"href":"https:\/\/www.europesays.com\/de\/wp-json\/wp\/v2\/users\/2"}],"replies":[{"embeddable":true,"href":"https:\/\/www.europesays.com\/de\/wp-json\/wp\/v2\/comments?post=1267300"}],"version-history":[{"count":0,"href":"https:\/\/www.europesays.com\/de\/wp-json\/wp\/v2\/posts\/1267300\/revisions"}],"wp:featuredmedia":[{"embeddable":true,"href":"https:\/\/www.europesays.com\/de\/wp-json\/wp\/v2\/media\/1267301"}],"wp:attachment":[{"href":"https:\/\/www.europesays.com\/de\/wp-json\/wp\/v2\/media?parent=1267300"}],"wp:term":[{"taxonomy":"category","embeddable":true,"href":"https:\/\/www.europesays.com\/de\/wp-json\/wp\/v2\/categories?post=1267300"},{"taxonomy":"post_tag","embeddable":true,"href":"https:\/\/www.europesays.com\/de\/wp-json\/wp\/v2\/tags?post=1267300"}],"curies":[{"name":"wp","href":"https:\/\/api.w.org\/{rel}","templated":true}]}}