{"id":1267312,"date":"2026-08-29T09:28:20","date_gmt":"2026-08-29T09:28:20","guid":{"rendered":"https:\/\/www.europesays.com\/de\/1267312\/"},"modified":"2026-08-29T09:28:20","modified_gmt":"2026-08-29T09:28:20","slug":"moenchengladbach-weinfest-gniessen-zum-1-mal-im-garten-von-haus-erholung","status":"publish","type":"post","link":"https:\/\/www.europesays.com\/de\/1267312\/","title":{"rendered":"M\u00f6nchengladbach: Weinfest (g)niessen zum 1. Mal im Garten von Haus Erholung"},"content":{"rendered":"<p class=\"text_ohne_einzug richtext text-em-55 !leading-serif mx-6 desktop:mx-0\"> 2011 hat Bernd Nie\u00dfen zum ersten Mal das Weinfest auf dem Schillerplatz ausgerichtet. Damals stie\u00df er auf sehr viel Skepsis. Inzwischen hat Nie\u00dfen l\u00e4ngst bewiesen, dass es in der Bierregion <a href=\"https:\/\/rp-online.de\/thema\/moenchengladbach\/\" rel=\"nofollow noopener\" target=\"_blank\">M\u00f6nchengladbach<\/a> viele Weinliebhaber gibt. Nachdem das Fest im vergangenen Jahr wegen Kostenpflichtiger Inhalt <a href=\"https:\/\/rp-online.de\/nrw\/staedte\/moenchengladbach\/moenchengladbach-die-winebank-moenchengladbach-hat-eroeffnung-gefeiert_aid-133454417\" rel=\"nofollow noopener\" target=\"_blank\">der Er\u00f6ffnung der \u201eWineBank\u201c<\/a> ausgefallen ist, wird es in diesem Jahr an neuem Standort wieder stattfinden. Am Wochenende 4. bis 6. September wird der Garten von Haus Erholung zum Weindorf.<\/p>\n<p>Im Garten von Haus Erholung entsteht ein Weindorf mit 15 Winzern      <\/p>\n<p class=\"richtext text-em-55 !leading-serif mx-6 desktop:mx-0\">15 Winzer werden ihre Weine anbieten. Der Schwerpunkt liegt wieder auf deutschen Anbaugebieten. Aber auch Liebhaber von Champagner k\u00f6nnen sich auf die perlende K\u00f6stlichkeit freuen. Anders als auf dem Schillerplatz ist der Platz durch einen Zaun begrenzt. Daher ist die Zahl der G\u00e4ste, die sich gleichzeitig dort aufhalten k\u00f6nnen, aus Sicherheitsgr\u00fcnden limitiert.<\/p>\n<p class=\"richtext text-em-55 !leading-serif mx-6 desktop:mx-0\">\u201eEs gibt eine Kapazit\u00e4tsobergrenze\u201c, sagt Bernd Nie\u00dfen. Im Garten von Haus Erholung haben halb so viele G\u00e4ste Platz wie auf dem Schillerplatz, sch\u00e4tzt der Initiator und Organisator des Weinfestes. F\u00fcr eine bessere Planbarkeit gibt es in diesem Jahr deshalb eine Neuerung. Zum ersten Mal gibt es einen Ticket-Vorverkauf. Traditionell ist ein Gabriel-Weinglas das Ticket, in das die Winzer die Weine ausschenken. An den St\u00e4nden wird mit Coins bezahlt, die an den Kassen erworben werden k\u00f6nnen.<\/p>\n<p>Das Gabriel-Glas ist das Eintrittsticket f\u00fcr das Weinfest      <\/p>\n<p class=\"richtext text-em-55 !leading-serif mx-6 desktop:mx-0\">Wer sich f\u00fcr den Vorverkauf entscheidet, kann sich \u00fcber Rabatte freuen: Bis Sonntag, 30. August, kostet ein Solo-Paket (ein Glas) mit zw\u00f6lf Coins 37,22 Euro. Das P\u00e4rchen-Paket mit zwei Gl\u00e4sern und 24 Coins kostet 74,48 Euro, das Crew-Paket (vier Gl\u00e4ser, 48 Coins) 144,86 Euro und das Wine-Lover-Paket (zwei Gl\u00e4ser, 32 Coins) 93,11 Euro. Ab Sonntag, 31. August, kostet das Solo-Paket (zehn Coins) 38,85 Euro, das P\u00e4rchen-Paket (22 Coins) 75,55, das Crew-Paket (44 Coins) 151,07 Euro und das Wine-Lover-Paket (30 Coins) 101,39 Euro.<\/p>\n<p class=\"richtext text-em-55 !leading-serif mx-6 desktop:mx-0\">Auch an der Abendkasse sollen noch Tickets angeboten werden. Dann wird f\u00fcr das Weinglas zw\u00f6lf Euro berechnet und pro Coin 2,50 Euro. \u201eEin Glas Wein kostet mindestens zwei Coins\u201c, sagt Nie\u00dfen. Wer noch ein Glas vom Winzerfest hat, kann das auch mitbringen. Bezahlt wird in diesem Jahr komplett bargeldlos.<\/p>\n<p class=\"richtext text-em-55 !leading-serif mx-6 desktop:mx-0\">Auf dem Parkplatz des Haus Erholung werden Foodtrucks Leckereien anbieten. \u201eDer Bereich ist auch offen f\u00fcr G\u00e4ste, die das Weinfest nicht besuchen\u201c, sagt Nie\u00dfen. DJs sorgen f\u00fcr den Sound des Weinfestes, das sich in M\u00f6nchengladbach zu einem entspannten Abschluss des Festival-Sommers entwickelt hat. Auch an Kinder ist mit H\u00fcpfburg und Kinderschminken gedacht.<\/p>\n<p class=\"italic richtext text-em-55 !leading-serif mx-6 desktop:mx-0\">Ge\u00f6ffnet ist das Weinfest am Freitag, 4. September, von 17 bis 23 Uhr, am Samstag, 5. September, von 14 bis 23 Uhr und am Sonntag, 6. September, von 12 bis 20 Uhr.<\/p>\n","protected":false},"excerpt":{"rendered":"2011 hat Bernd Nie\u00dfen zum ersten Mal das Weinfest auf dem Schillerplatz ausgerichtet. Damals stie\u00df er auf sehr&hellip;\n","protected":false},"author":2,"featured_media":1267313,"comment_status":"","ping_status":"","sticky":false,"template":"","format":"standard","meta":{"footnotes":"","_share_on_mastodon":"0"},"categories":[1849],"tags":[25207,3364,29,20874,548,663,3934,598,6338,30,14337,13,4455,14,15,45707,1209,12],"class_list":["post-1267312","post","type-post","status-publish","format-standard","has-post-thumbnail","category-moenchengladbach","tag-weinfest","tag-de","tag-deutschland","tag-erholung","tag-eu","tag-europa","tag-europe","tag-garten","tag-genuss","tag-germany","tag-gladbach","tag-headlines","tag-moenchengladbach","tag-nachrichten","tag-news","tag-niessen","tag-nordrhein-westfalen","tag-schlagzeilen"],"share_on_mastodon":{"url":"","error":""},"_links":{"self":[{"href":"https:\/\/www.europesays.com\/de\/wp-json\/wp\/v2\/posts\/1267312","targetHints":{"allow":["GET"]}}],"collection":[{"href":"https:\/\/www.europesays.com\/de\/wp-json\/wp\/v2\/posts"}],"about":[{"href":"https:\/\/www.europesays.com\/de\/wp-json\/wp\/v2\/types\/post"}],"author":[{"embeddable":true,"href":"https:\/\/www.europesays.com\/de\/wp-json\/wp\/v2\/users\/2"}],"replies":[{"embeddable":true,"href":"https:\/\/www.europesays.com\/de\/wp-json\/wp\/v2\/comments?post=1267312"}],"version-history":[{"count":0,"href":"https:\/\/www.europesays.com\/de\/wp-json\/wp\/v2\/posts\/1267312\/revisions"}],"wp:featuredmedia":[{"embeddable":true,"href":"https:\/\/www.europesays.com\/de\/wp-json\/wp\/v2\/media\/1267313"}],"wp:attachment":[{"href":"https:\/\/www.europesays.com\/de\/wp-json\/wp\/v2\/media?parent=1267312"}],"wp:term":[{"taxonomy":"category","embeddable":true,"href":"https:\/\/www.europesays.com\/de\/wp-json\/wp\/v2\/categories?post=1267312"},{"taxonomy":"post_tag","embeddable":true,"href":"https:\/\/www.europesays.com\/de\/wp-json\/wp\/v2\/tags?post=1267312"}],"curies":[{"name":"wp","href":"https:\/\/api.w.org\/{rel}","templated":true}]}}