{"id":1267319,"date":"2026-08-29T09:32:17","date_gmt":"2026-08-29T09:32:17","guid":{"rendered":"https:\/\/www.europesays.com\/de\/1267319\/"},"modified":"2026-08-29T09:32:17","modified_gmt":"2026-08-29T09:32:17","slug":"pol-ma-schwetzingen-rhein-neckar-kreis-alkoholisierte-autofahrerin-verursacht-einen","status":"publish","type":"post","link":"https:\/\/www.europesays.com\/de\/1267319\/","title":{"rendered":"POL-MA: Schwetzingen\/Rhein-Neckar-Kreis: Alkoholisierte Autofahrerin verursacht einen &#8230;"},"content":{"rendered":"<p class=\"date\">29.08.2026 \u2013 08:29<\/p>\n<p class=\"customer\">\n                        <a class=\"story-customer\" title=\"weiter zum newsroom von Polizeipr\u00e4sidium Mannheim\" href=\"https:\/\/www.presseportal.de\/blaulicht\/nr\/14915\" rel=\"nofollow noopener\" target=\"_blank\">Polizeipr\u00e4sidium Mannheim<\/a>\n                    <\/p>\n<p><a data-category=\"citylink-story-view\" data-action=\"click\" data-label=\"Citylink in Meldungsansicht\" class=\"story-city event-trigger\" href=\"https:\/\/www.presseportal.de\/regional\/Schwetzingen\" title=\"News aus Schwetzingen \" rel=\"nofollow noopener\" target=\"_blank\">Schwetzingen<\/a> (ots)<\/p>\n<p>Am Freitagvormittag, gg. 10:10 Uhr, befuhr eine 65-j\u00e4hrige VW-Fahrerin die B 36, von Schwetzingen kommend. An der Einm\u00fcndung zur Siedlerstra\u00dfe wollte diese nach links abbiegen und fuhr auf den Pkw einer dort verkehrsbedingt wartenden 74-j\u00e4hrigen BMW-Fahrerin auf. Die lebens\u00e4ltere Frau wurde durch den Unfall leicht verletzt. An beiden Pkws entstand ein Schaden von jeweils ca. 6.000 Euro.<\/p>\n<p>Im Rahmen der Unfallaufnahme konnten die Polizeibeamten Hinweise auf eine Alkoholbeeinflussung bei der Unfallverursacherin feststellen. Einen Atemalkoholtest verweigerte sie. Sie wurde zum Polizeirevier Schwetzingen gebracht, wo ihr von einem Arzt eine Blutprobe entnommen wurde.<\/p>\n<p>Das Polizeirevier Schwetzingen ermittelt nun u. a. wegen Gef\u00e4hrdung des Stra\u00dfenverkehrs gegen die 65-j\u00e4hrige VW-Fahrerin. Ihr F\u00fchrerschein wurde beschlagnahmt.<\/p>\n<p class=\"contact-headline\">R\u00fcckfragen bitte an:<\/p>\n<p class=\"contact-text\">Polizeipr\u00e4sidium Mannheim<br \/>F\u00fchrungs- und Lagezentrum<br \/>Thomas Dierich<br \/>Telefon: 0621 174-1111<br \/>E-Mail: <a href=\"https:\/\/www.presseportal.de\/blaulicht\/pm\/14915\/mailto:mannheim.pp@polizei.bwl.de\" class=\"uri-mailto\" rel=\"nofollow noopener\" target=\"_blank\">mannheim.pp@polizei.bwl.de<\/a><br \/><a target=\"_blank\" class=\"uri-ext outbound\" rel=\"noopener nofollow\" href=\"http:\/\/www.polizei-bw.de\/\">http:\/\/www.polizei-bw.de\/<\/a><\/p>\n<p class=\"originator\">Original-Content von: Polizeipr\u00e4sidium Mannheim, \u00fcbermittelt durch news aktuell<\/p>\n","protected":false},"excerpt":{"rendered":"29.08.2026 \u2013 08:29 Polizeipr\u00e4sidium Mannheim Schwetzingen (ots) Am Freitagvormittag, gg. 10:10 Uhr, befuhr eine 65-j\u00e4hrige VW-Fahrerin die B&hellip;\n","protected":false},"author":2,"featured_media":1266941,"comment_status":"","ping_status":"","sticky":false,"template":"","format":"standard","meta":{"footnotes":"","_share_on_mastodon":"0"},"categories":[1845],"tags":[1634,6187,3364,29,548,663,3934,30,13,177,2096,14,15,121,178,180,179,181,12],"class_list":["post-1267319","post","type-post","status-publish","format-standard","has-post-thumbnail","category-mannheim","tag-baden-wuerttemberg","tag-bw","tag-de","tag-deutschland","tag-eu","tag-europa","tag-europe","tag-germany","tag-headlines","tag-kriminalitt","tag-mannheim","tag-nachrichten","tag-news","tag-polizei","tag-presse","tag-pressemeldung","tag-pressemitteilung","tag-pressemitteilungen","tag-schlagzeilen"],"share_on_mastodon":{"url":"https:\/\/pubeurope.com\/@de\/117178109102728273","error":""},"_links":{"self":[{"href":"https:\/\/www.europesays.com\/de\/wp-json\/wp\/v2\/posts\/1267319","targetHints":{"allow":["GET"]}}],"collection":[{"href":"https:\/\/www.europesays.com\/de\/wp-json\/wp\/v2\/posts"}],"about":[{"href":"https:\/\/www.europesays.com\/de\/wp-json\/wp\/v2\/types\/post"}],"author":[{"embeddable":true,"href":"https:\/\/www.europesays.com\/de\/wp-json\/wp\/v2\/users\/2"}],"replies":[{"embeddable":true,"href":"https:\/\/www.europesays.com\/de\/wp-json\/wp\/v2\/comments?post=1267319"}],"version-history":[{"count":0,"href":"https:\/\/www.europesays.com\/de\/wp-json\/wp\/v2\/posts\/1267319\/revisions"}],"wp:featuredmedia":[{"embeddable":true,"href":"https:\/\/www.europesays.com\/de\/wp-json\/wp\/v2\/media\/1266941"}],"wp:attachment":[{"href":"https:\/\/www.europesays.com\/de\/wp-json\/wp\/v2\/media?parent=1267319"}],"wp:term":[{"taxonomy":"category","embeddable":true,"href":"https:\/\/www.europesays.com\/de\/wp-json\/wp\/v2\/categories?post=1267319"},{"taxonomy":"post_tag","embeddable":true,"href":"https:\/\/www.europesays.com\/de\/wp-json\/wp\/v2\/tags?post=1267319"}],"curies":[{"name":"wp","href":"https:\/\/api.w.org\/{rel}","templated":true}]}}