{"id":1267342,"date":"2026-08-29T09:48:25","date_gmt":"2026-08-29T09:48:25","guid":{"rendered":"https:\/\/www.europesays.com\/de\/1267342\/"},"modified":"2026-08-29T09:48:25","modified_gmt":"2026-08-29T09:48:25","slug":"carney-laesst-trump-abblitzen-warum-die-usa-kanada-mit-zoellen-nicht-in-die-knie-zwingen-koennen","status":"publish","type":"post","link":"https:\/\/www.europesays.com\/de\/1267342\/","title":{"rendered":"Carney l\u00e4sst Trump abblitzen: Warum die USA Kanada mit Z\u00f6llen nicht in die Knie zwingen k\u00f6nnen"},"content":{"rendered":"<p>Carney l\u00e4sst Trump abblitzenWarum die USA Kanada mit Z\u00f6llen nicht in die Knie zwingen k\u00f6nnen29.08.2026, 11:03 Uhr <img decoding=\"async\" class=\"Image_img__fQCi0\" loading=\"eager\" fetchpriority=\"high\" src=\"https:\/\/www.n-tv.de\/autor-fallback.svg\" alt=\"image\"\/>Von Max Borowski<\/p>\n<p>Artikel anh\u00f6ren(05:57 min)<\/p>\n<p><img decoding=\"async\" class=\"Image_img__fQCi0 Image_Img_16_9__4BLfH widget-picture-inline_maximizable__t_E7h\" loading=\"eager\" fetchpriority=\"high\" src=\"https:\/\/www.europesays.com\/de\/wp-content\/uploads\/2026\/08\/imago766942638.webp\" alt=\"imago766942638\"\/>Symboltr\u00e4chtig: Trumps Z\u00f6lle gegen Kanada machen unter anderem Toilettenpapier teurer. (Foto: IMAGO\/Pacific Press Agency)<\/p>\n<p class=\"Typography_text-m__XI0da Typography_weight-bold__uT6mq storyline_lead_text_leadtext__q_wg8\">Anders als die Regierungschefs vieler anderer von Trump mit Z\u00f6llen \u00fcberzogenen L\u00e4nder macht der kanadische Premier Mark Carney keine Anstalten, nachzugeben. Trotz der wirtschaftlichen Abh\u00e4ngigkeit von den USA ist Kanada in der st\u00e4rkeren Position. <\/p>\n<p class=\"Typography_text-default__P3otY Typography_weight-normal__pqUbH storyline_paragraph_p__qSR5N\">Den \u00f6konomischen Daten zufolge erscheint Kanada chancenlos in einem wirtschaftlichen Kr\u00e4ftemessen mit seinem s\u00fcdlichen Nachbarn und wichtigsten Handelspartner. Das kanadische Bruttoinlandsprodukt (BIP) betr\u00e4gt nicht einmal ein Zehntel der US-Wirtschaftsleistung. Die kanadische Exportwirtschaft ist vollkommen von den USA abh\u00e4ngig: Mehr als zwei Drittel aller Ausfuhren Kanadas gehen zum s\u00fcdlichen Nachbarn. Umgekehrt hat der Handel mit Kanada gerade einmal einen Anteil von 17 Prozent an den US-Exporten. Dennoch bietet ausgerechnet der kanadische Premierminister Mark Carney als einer der wenigen Regierungschefs US-Pr\u00e4sident Donald Trump die Stirn.<\/p>\n<p class=\"Typography_text-default__P3otY Typography_weight-normal__pqUbH storyline_paragraph_p__qSR5N\">Am vergangenen Wochenende <a class=\"inline_link\" href=\"https:\/\/www.n-tv.de\/wirtschaft\/Zoll-Einigung-mit-Kanada-doch-noch-nicht-fix-id31212594.html\" target=\"_blank\" rel=\"nofollow noopener\">lie\u00df Carney die Verhandlungen mit den USA \u00fcber ein neues Handelsabkommen in letzter Minute platzen<\/a>, obwohl Trump bereits eine Einigung verk\u00fcndet hatte. Die US-Delegation habe zu viel verlangt und zu wenig geboten, stellte Carney fest. Die daraufhin von Trump in Kraft gesetzten und zus\u00e4tzlich angedrohten Strafz\u00f6lle erwiderte die kanadische Regierung &#8222;Dollar f\u00fcr Dollar&#8220; mit Gegenz\u00f6llen. Kanada sei vom Nachbarland &#8222;angegriffen&#8220; worden, so Carney und schloss ein Nachgeben kategorisch aus.<\/p>\n<p class=\"Typography_text-default__P3otY Typography_weight-normal__pqUbH storyline_paragraph_p__qSR5N\">Das Selbstvertrauen, mit dem Carney in diesen Zollkrieg gegen einen \u00fcberm\u00e4chtigen Gegner zieht, ist mit einer anderen Zahl zu erkl\u00e4ren: 60 Prozent. Das ist laut Umfragen, die aktuelle Zustimmungsrate des kanadischen Premiers in der eigenen Bev\u00f6lkerung. Gegen\u00fcber der Vorwoche ist sie noch einmal um drei Prozentpunkte gestiegen. Die Umfragen zeigen auch eine \u00fcberw\u00e4ltigende Zustimmung zu Carneys unnachgiebigem Kurs gegen\u00fcber Trump. Dessen Zustimmungswerte fallen dagegen immer weiter. Trumps Zollangriff auf das Nachbarland Kanada ist ebenso unpopul\u00e4r wie seine anderen Handels- und milit\u00e4rischen Kriege, einschlie\u00dflich des Angriffes auf den Iran. Gerade einmal ein Drittel der Amerikaner ist noch mit Trumps Amtsf\u00fchrung einverstanden.<\/p>\n<p class=\"Typography_text-default__P3otY Typography_weight-normal__pqUbH storyline_paragraph_p__qSR5N\">Dieser Gegensatz ist bemerkenswert, da der Schaden durch den Handelsstreit f\u00fcr die kanadische Wirtschaft schon jetzt betr\u00e4chtlich ist. Die Z\u00f6lle auf Stahlprodukte, die Trump im Fr\u00fchjahr 2025 verk\u00fcndet hat, haben Sch\u00e4tzungen zufolge bereits mehrere Zehntausende Jobs in Kanada innerhalb eines Jahres vernichtet. Neue Z\u00f6lle k\u00f6nnten, wenn sie bestehenbleiben, Hunderttausende weitere Arbeitspl\u00e4tze kosten. Im Vergleich dazu sind die wirtschaftlichen Sch\u00e4den der kanadischen Gegenz\u00f6lle f\u00fcr die USA gering. Aber sie wirken sehr gezielt unter anderem in den Bundesstaaten Ohio und Michigan, deren Wirtschaft stark mit Kanada verflochten ist, und in denen in diesem Herbst neue Senatoren gew\u00e4hlt werden.<\/p>\n<p>H\u00e4rte nutzt Carney im Wahlkampf, Trump schadet sie<\/p>\n<p class=\"Typography_text-default__P3otY Typography_weight-normal__pqUbH storyline_paragraph_p__qSR5N\">Zudem ist die steigende Inflation in den ganzen USA eines der beherrschenden Wahlkampfthemen. Zu den Preissteigerungen tragen auch Trumps eigene Z\u00f6lle gegen Kanada bei, etwa die gegen kanadisches Aluminium, die zahlreiche Produkte in den USA von Autos \u00fcber Maschinen bis zu Getr\u00e4nkedosen teurer machen. Zuletzt sorgten <a class=\"inline_link\" href=\"https:\/\/www.n-tv.de\/wirtschaft\/Droht-den-USA-eine-Klopapier-Krise-id31237674.html\" target=\"_blank\" rel=\"nofollow noopener\">Preisspr\u00fcnge bei Toilettenpapier in den USA <\/a>f\u00fcr Schlagzeilen. Der Hauptrohstoff darin ist Holz, dass zu einem erheblichen Teil aus Kanada stammt und durch Trumps Z\u00f6lle stark verteuert wird. Mit all diesen Folgen k\u00f6nnte der eskalierende Handelsstreit mit Kanada dazu beitragen, dass die Republikaner bei der Wahl im November ihre knappe Mehrheit im US-Senat verlieren.<\/p>\n<p class=\"Typography_text-default__P3otY Typography_weight-normal__pqUbH storyline_paragraph_p__qSR5N\">Auch in Kanada stehen wichtige Wahlen an. F\u00fcr Carney d\u00fcrfte sich dabei, ganz anders als f\u00fcr Trump, seine Unnachgiebigkeit im Handelsstreit auszahlen, insbesondere in der Provinz Quebec. Neben den f\u00fcr alle Kanadier emp\u00f6renden Attacken auf die Souver\u00e4nit\u00e4t des ganzen Landes hatten die USA als Bedingung f\u00fcr ein neues Handelsabkommen gefordert, Regelungen zum Schutz der franz\u00f6sischen Sprache in Quebec abzuschaffen. Carney betonte umgehend, dass dies eine rote Linie f\u00fcr seine Regierung sei.<\/p>\n<p class=\"Typography_text-default__P3otY Typography_weight-normal__pqUbH storyline_paragraph_p__qSR5N\">Sowohl Carneys eigenes Agieren als auch das Trumps spielen so dem Kanadier in die Karten und untergraben die Position des US-Pr\u00e4sidenten. Das gilt auch f\u00fcr den Iran-Krieg, den Trump im Februar vom Zaun brach und aus dem er bis heute keinen Ausweg findet. In den USA und der ganzen Welt sorgte die Sperrung der Stra\u00dfe von Hormus infolge des Kriegs f\u00fcr Unmut wegen steigender Spritpreise. Ein erheblicher Teil des Geldes, dass die US-B\u00fcrger an den Tankstellen seitdem zus\u00e4tzlich ausgeben m\u00fcssen, floss in die kanadische Wirtschaft, die zu den gro\u00dfen Energielieferanten der USA geh\u00f6rt. Die \u00d6l- und Gasbranche konnte bisher umgerechnet rund 60 Milliarden Euro Zusatzeinnahmen infolge des Iran-Kriegs verbuchen und leistet damit einen entscheidenden Beitrag, dass Kanadas Wirtschaft trotz der Zollbelastung kr\u00e4ftig w\u00e4chst, und Carney wegen des Handelsstreits keine Rezession bef\u00fcrchten muss. <\/p>\n<p class=\"Typography_text-s__wu_cm Typography_weight-normal__pqUbH Typography_color-darkgrey__sZEnP article-detail-footer_source__KslPc\">Quelle: ntv.de<\/p>\n","protected":false},"excerpt":{"rendered":"Carney l\u00e4sst Trump abblitzenWarum die USA Kanada mit Z\u00f6llen nicht in die Knie zwingen k\u00f6nnen29.08.2026, 11:03 Uhr Von&hellip;\n","protected":false},"author":2,"featured_media":1267343,"comment_status":"","ping_status":"","sticky":false,"template":"","format":"standard","meta":{"footnotes":"","_share_on_mastodon":"0"},"categories":[3977],"tags":[331,332,106,212,13,53,14951,14,15,12,4017,4018,4016,64,4019,4020,55,211],"class_list":["post-1267342","post","type-post","status-publish","format-standard","has-post-thumbnail","category-usa","tag-aktuelle-nachrichten","tag-aktuelle-news","tag-donald-trump","tag-handelskonflikte","tag-headlines","tag-kanada","tag-mark-carney","tag-nachrichten","tag-news","tag-schlagzeilen","tag-united-states","tag-united-states-of-america","tag-us","tag-usa","tag-vereinigte-staaten","tag-vereinigte-staaten-von-amerika","tag-wirtschaft","tag-zoelle"],"share_on_mastodon":{"url":"https:\/\/pubeurope.com\/@de\/117178174358952779","error":""},"_links":{"self":[{"href":"https:\/\/www.europesays.com\/de\/wp-json\/wp\/v2\/posts\/1267342","targetHints":{"allow":["GET"]}}],"collection":[{"href":"https:\/\/www.europesays.com\/de\/wp-json\/wp\/v2\/posts"}],"about":[{"href":"https:\/\/www.europesays.com\/de\/wp-json\/wp\/v2\/types\/post"}],"author":[{"embeddable":true,"href":"https:\/\/www.europesays.com\/de\/wp-json\/wp\/v2\/users\/2"}],"replies":[{"embeddable":true,"href":"https:\/\/www.europesays.com\/de\/wp-json\/wp\/v2\/comments?post=1267342"}],"version-history":[{"count":0,"href":"https:\/\/www.europesays.com\/de\/wp-json\/wp\/v2\/posts\/1267342\/revisions"}],"wp:featuredmedia":[{"embeddable":true,"href":"https:\/\/www.europesays.com\/de\/wp-json\/wp\/v2\/media\/1267343"}],"wp:attachment":[{"href":"https:\/\/www.europesays.com\/de\/wp-json\/wp\/v2\/media?parent=1267342"}],"wp:term":[{"taxonomy":"category","embeddable":true,"href":"https:\/\/www.europesays.com\/de\/wp-json\/wp\/v2\/categories?post=1267342"},{"taxonomy":"post_tag","embeddable":true,"href":"https:\/\/www.europesays.com\/de\/wp-json\/wp\/v2\/tags?post=1267342"}],"curies":[{"name":"wp","href":"https:\/\/api.w.org\/{rel}","templated":true}]}}