{"id":1267411,"date":"2026-08-29T10:33:16","date_gmt":"2026-08-29T10:33:16","guid":{"rendered":"https:\/\/www.europesays.com\/de\/1267411\/"},"modified":"2026-08-29T10:33:16","modified_gmt":"2026-08-29T10:33:16","slug":"hsv-und-hamburg-im-fokus-die-bundesliga-stars-im-xxl-check","status":"publish","type":"post","link":"https:\/\/www.europesays.com\/de\/1267411\/","title":{"rendered":"HSV und Hamburg im Fokus: Die Bundesliga-Stars im XXL-Check"},"content":{"rendered":"<p>Der FC St. Pauli ist nicht mehr dabei, doch Hamburg bleibt ein wesentlicher Bestandteil des deutschen Oberhauses. Abgesehen von den Profis des HSV-Kaders gibt es 26 Bundesliga-Stars, die in Hamburg geboren wurden und\/oder schon mal f\u00fcr einen Verein aus der Stadt spielten. Ein prominentes Duo wuchs zwar hier auf, kam fu\u00dfballerisch aber anderswo gro\u00df raus. Andere Profis, die heute f\u00fcr den FC Bayern oder den VfB Stuttgart kicken, schafften in Hamburg den Durchbruch. Ligaweit gibt es lediglich bei f\u00fcnf Vereinen keinen einzigen Bezug zur Stadt: Leipzig, Leverkusen, Frankfurt, Hoffenheim und Gladbach. Andernorts wimmelt es von geb\u00fcrtigen Hamburgern \u2013 oder von ehemaligen HSV- und St. Pauli-Akteuren. Ein jetziger Bremer reifte derweil \u201enur\u201c bei Altona 93 und beim ETV.<\/p>\n<p>Welches Nordlicht das ist \u2013 und welcher Klub eine Hamburg-Hochburg ist.<\/p>\n","protected":false},"excerpt":{"rendered":"Der FC St. Pauli ist nicht mehr dabei, doch Hamburg bleibt ein wesentlicher Bestandteil des deutschen Oberhauses. Abgesehen&hellip;\n","protected":false},"author":2,"featured_media":11023,"comment_status":"","ping_status":"","sticky":false,"template":"","format":"standard","meta":{"footnotes":"","_share_on_mastodon":"0"},"categories":[1826],"tags":[299,29,459,30,692,5075],"class_list":["post-1267411","post","type-post","status-publish","format-standard","has-post-thumbnail","category-hamburg","tag-bundesliga","tag-deutschland","tag-fc-st-pauli","tag-germany","tag-hamburg","tag-hsv"],"share_on_mastodon":{"url":"https:\/\/pubeurope.com\/@de\/117178348578020253","error":""},"_links":{"self":[{"href":"https:\/\/www.europesays.com\/de\/wp-json\/wp\/v2\/posts\/1267411","targetHints":{"allow":["GET"]}}],"collection":[{"href":"https:\/\/www.europesays.com\/de\/wp-json\/wp\/v2\/posts"}],"about":[{"href":"https:\/\/www.europesays.com\/de\/wp-json\/wp\/v2\/types\/post"}],"author":[{"embeddable":true,"href":"https:\/\/www.europesays.com\/de\/wp-json\/wp\/v2\/users\/2"}],"replies":[{"embeddable":true,"href":"https:\/\/www.europesays.com\/de\/wp-json\/wp\/v2\/comments?post=1267411"}],"version-history":[{"count":0,"href":"https:\/\/www.europesays.com\/de\/wp-json\/wp\/v2\/posts\/1267411\/revisions"}],"wp:featuredmedia":[{"embeddable":true,"href":"https:\/\/www.europesays.com\/de\/wp-json\/wp\/v2\/media\/11023"}],"wp:attachment":[{"href":"https:\/\/www.europesays.com\/de\/wp-json\/wp\/v2\/media?parent=1267411"}],"wp:term":[{"taxonomy":"category","embeddable":true,"href":"https:\/\/www.europesays.com\/de\/wp-json\/wp\/v2\/categories?post=1267411"},{"taxonomy":"post_tag","embeddable":true,"href":"https:\/\/www.europesays.com\/de\/wp-json\/wp\/v2\/tags?post=1267411"}],"curies":[{"name":"wp","href":"https:\/\/api.w.org\/{rel}","templated":true}]}}