{"id":1267425,"date":"2026-08-29T10:41:11","date_gmt":"2026-08-29T10:41:11","guid":{"rendered":"https:\/\/www.europesays.com\/de\/1267425\/"},"modified":"2026-08-29T10:41:11","modified_gmt":"2026-08-29T10:41:11","slug":"kunst-tempel-des-lichts-fuer-besucherzentrum-im-gartenreich","status":"publish","type":"post","link":"https:\/\/www.europesays.com\/de\/1267425\/","title":{"rendered":"Kunst: \u00abTempel des Lichts\u00bb f\u00fcr Besucherzentrum im Gartenreich"},"content":{"rendered":"<p class=\"paragraph article__item\">Im k\u00fcnftigen Besucherzentrum des Gartenreichs Dessau-W\u00f6rlitz wird die Idee eines \u00abTempels des Lichts\u00bb umgesetzt. Eine Jury habe die Arbeit von <a class=\"rtr-entity\" href=\"https:\/\/www.zeit.de\/thema\/christine-bergmann\" rel=\"nofollow noopener\" target=\"_blank\">Christine Bergmann<\/a> zum Siegerentwurf eines Wettbewerbs zur Kunst am Bau gek\u00fcrt, teilte die Kulturstiftung Dessau-W\u00f6rlitz mit. Im Dachbereich im Inneren des Neubaus sollen demnach goldfarbene Spiegelfl\u00e4chen aus Edelstahl angebracht werden. \u00abSo soll der Lichteinfall gezielt inszeniert werden.\u00bb Ein in den Boden eingelassener Kreis aus Metall, der innen und au\u00dfen den Eingangsbereich umrahme, runde Bergmanns Entwurf mit dem Titel \u00abArkadien\u00bb ab.\n<\/p>\n<p>Aktuelles<\/p>\n<p>                <a href=\"https:\/\/www.zeit.de\/sport\/2026-08\/uefa-concacaf-nations-league-kooperation-fussball\" data-ct-label=\"Fu\u00dfball: Uefa und Concacaf beraten \u00fcber gemeinsame Fu\u00dfball-Nations-League\" data-uuid=\"37bafc1f-0d71-4737-856b-c2330983c711\" rel=\"nofollow noopener\" target=\"_blank\"><\/p>\n<p>                        Fu\u00dfball:<br \/>\n                        Uefa und Concacaf beraten \u00fcber gemeinsame Fu\u00dfball-Nations-League<\/p>\n<p>                <\/a><\/p>\n<p>                <a href=\"https:\/\/www.zeit.de\/sport\/2026-08\/dfb-pokal-1-runde-fussball-regeln-modus\" data-ct-label=\"DFB-Pokal: Was Sie \u00fcber die neue DFB-Pokal-Saison wissen m\u00fcssen\" data-uuid=\"acd20df5-d783-490e-8257-a128c6d9b6e0\" rel=\"nofollow noopener\" target=\"_blank\"><\/p>\n<p>                        DFB-Pokal:<br \/>\n                        Was Sie \u00fcber die neue DFB-Pokal-Saison wissen m\u00fcssen<\/p>\n<p>                <\/a><\/p>\n<p>                <a href=\"https:\/\/www.zeit.de\/wirtschaft\/2026-08\/apple-app-store-regeln-eu-kommission-entwickler-gebuehren\" data-ct-label=\"Digital Markets Act: Apple \u00e4ndert auf Druck der EU Regeln seines App Stores\" data-uuid=\"ffe91ee1-f8c5-4d93-b966-372f686920fb\" rel=\"nofollow noopener\" target=\"_blank\"><\/p>\n<p>                        Digital Markets Act:<br \/>\n                        Apple \u00e4ndert auf Druck der EU Regeln seines App Stores<\/p>\n<p>                <\/a><\/p>\n<p class=\"paragraph article__item\">Den Angaben zufolge waren f\u00fcr den Wettbewerb 153 Ideenskizzen eingereicht worden. F\u00fcnf Arbeiten zuz\u00fcglich zweier Ersatzarbeiten wurden f\u00fcr die zweite Runde ausgew\u00e4hlt. Nun entschied sich die Jury, die unter anderem aus Architekten, K\u00fcnstlern sowie Vertretern von Politik und Stiftungen bestand.\u00a0\n<\/p>\n<p class=\"paragraph article__item\">Im Ensemble des Gelben Hauses in W\u00f6rlitz laufen derzeit Sanierungs- und Modernisierungsarbeiten, ein Besucherzentrum entsteht. Dort sollen sich k\u00fcnftig G\u00e4ste \u00fcber das Gartenreich Dessau-W\u00f6rlitz, dessen Erhalt und \u00fcber die anderen Unesco-St\u00e4tten der Region informieren k\u00f6nnen. Die Gesamtkosten belaufen sich nach Angaben der Kulturstiftung Dessau-W\u00f6rlitz auf rund 26,5 Millionen Euro. Die Er\u00f6ffnung ist f\u00fcr Ende M\u00e4rz 2029 geplant.\n<\/p>\n<p class=\"paragraph article__item\">\u00a9 dpa-infocom, dpa:260829-930-600937\/1<\/p>\n","protected":false},"excerpt":{"rendered":"Im k\u00fcnftigen Besucherzentrum des Gartenreichs Dessau-W\u00f6rlitz wird die Idee eines \u00abTempels des Lichts\u00bb umgesetzt. Eine Jury habe die&hellip;\n","protected":false},"author":2,"featured_media":1267426,"comment_status":"","ping_status":"","sticky":false,"template":"","format":"standard","meta":{"footnotes":"","_share_on_mastodon":"0"},"categories":[1775],"tags":[23433,1793,261842,261843,29,214,261844,30,2075,1794,15,215,19806],"class_list":["post-1267425","post","type-post","status-publish","format-standard","has-post-thumbnail","category-kunst-und-design","tag-besucherzentrum","tag-art-and-design","tag-christine-bergmann","tag-dessau-woerlitz","tag-deutschland","tag-entertainment","tag-gartenreich","tag-germany","tag-kunst","tag-kunst-und-design","tag-news","tag-unterhaltung","tag-woerlitz"],"share_on_mastodon":{"url":"https:\/\/pubeurope.com\/@de\/117178380006274783","error":""},"_links":{"self":[{"href":"https:\/\/www.europesays.com\/de\/wp-json\/wp\/v2\/posts\/1267425","targetHints":{"allow":["GET"]}}],"collection":[{"href":"https:\/\/www.europesays.com\/de\/wp-json\/wp\/v2\/posts"}],"about":[{"href":"https:\/\/www.europesays.com\/de\/wp-json\/wp\/v2\/types\/post"}],"author":[{"embeddable":true,"href":"https:\/\/www.europesays.com\/de\/wp-json\/wp\/v2\/users\/2"}],"replies":[{"embeddable":true,"href":"https:\/\/www.europesays.com\/de\/wp-json\/wp\/v2\/comments?post=1267425"}],"version-history":[{"count":0,"href":"https:\/\/www.europesays.com\/de\/wp-json\/wp\/v2\/posts\/1267425\/revisions"}],"wp:featuredmedia":[{"embeddable":true,"href":"https:\/\/www.europesays.com\/de\/wp-json\/wp\/v2\/media\/1267426"}],"wp:attachment":[{"href":"https:\/\/www.europesays.com\/de\/wp-json\/wp\/v2\/media?parent=1267425"}],"wp:term":[{"taxonomy":"category","embeddable":true,"href":"https:\/\/www.europesays.com\/de\/wp-json\/wp\/v2\/categories?post=1267425"},{"taxonomy":"post_tag","embeddable":true,"href":"https:\/\/www.europesays.com\/de\/wp-json\/wp\/v2\/tags?post=1267425"}],"curies":[{"name":"wp","href":"https:\/\/api.w.org\/{rel}","templated":true}]}}