{"id":1267545,"date":"2026-08-29T12:04:16","date_gmt":"2026-08-29T12:04:16","guid":{"rendered":"https:\/\/www.europesays.com\/de\/1267545\/"},"modified":"2026-08-29T12:04:16","modified_gmt":"2026-08-29T12:04:16","slug":"rekordsumme-fuer-kranke-beschaeftigte-gezahlt-die-gruende","status":"publish","type":"post","link":"https:\/\/www.europesays.com\/de\/1267545\/","title":{"rendered":"Rekordsumme f\u00fcr kranke Besch\u00e4ftigte gezahlt \u2013 die Gr\u00fcnde"},"content":{"rendered":"<p>          <strong>Willkommen bei frag noz!<\/strong><\/p>\n<p>\n            Entdecken Sie die intelligente Suche der Neuen Osnabr\u00fccker Zeitung: Unser KI-Chat antwortet ausschlie\u00dflich auf Basis vertrauensw\u00fcrdiger Quellen aus dem Archiv von noz.de.<\/p>\n<p>Stellen Sie einfach Ihre Frage so, wie Sie auch mit Freunden und Bekannten reden. Statt einer klassischen Trefferliste bekommen Sie von frag noz eine Zusammenfassung aus Artikeln, die f\u00fcr Ihre Frage relevant sind. Dabei k\u00f6nnen Sie jederzeit genauer nachfragen und Ihr Thema tiefer erkunden.<\/p>\n<p>\n            Frag noz ber\u00fccksichtigt alle Artikel mit einem Ver\u00f6ffentlichungsdatum ab dem 9. September 2024.<\/p>\n<p>            Schlie\u00dfen<\/p>\n","protected":false},"excerpt":{"rendered":"Willkommen bei frag noz! Entdecken Sie die intelligente Suche der Neuen Osnabr\u00fccker Zeitung: Unser KI-Chat antwortet ausschlie\u00dflich auf&hellip;\n","protected":false},"author":2,"featured_media":1267546,"comment_status":"","ping_status":"","sticky":false,"template":"","format":"standard","meta":{"footnotes":"","_share_on_mastodon":"0"},"categories":[1828],"tags":[247324,29,5772,27854,30,1420,205345,31306,1209],"class_list":["post-1267545","post","type-post","status-publish","format-standard","has-post-thumbnail","category-koeln","tag-bundesministerium-fuer-arbeit-und-sozialordnung-bma","tag-deutschland","tag-einkommen","tag-fehlzeiten","tag-germany","tag-koeln","tag-lohnfortzahlung","tag-lohnkosten","tag-nordrhein-westfalen"],"share_on_mastodon":{"url":"https:\/\/pubeurope.com\/@de\/117178706530810950","error":""},"_links":{"self":[{"href":"https:\/\/www.europesays.com\/de\/wp-json\/wp\/v2\/posts\/1267545","targetHints":{"allow":["GET"]}}],"collection":[{"href":"https:\/\/www.europesays.com\/de\/wp-json\/wp\/v2\/posts"}],"about":[{"href":"https:\/\/www.europesays.com\/de\/wp-json\/wp\/v2\/types\/post"}],"author":[{"embeddable":true,"href":"https:\/\/www.europesays.com\/de\/wp-json\/wp\/v2\/users\/2"}],"replies":[{"embeddable":true,"href":"https:\/\/www.europesays.com\/de\/wp-json\/wp\/v2\/comments?post=1267545"}],"version-history":[{"count":0,"href":"https:\/\/www.europesays.com\/de\/wp-json\/wp\/v2\/posts\/1267545\/revisions"}],"wp:featuredmedia":[{"embeddable":true,"href":"https:\/\/www.europesays.com\/de\/wp-json\/wp\/v2\/media\/1267546"}],"wp:attachment":[{"href":"https:\/\/www.europesays.com\/de\/wp-json\/wp\/v2\/media?parent=1267545"}],"wp:term":[{"taxonomy":"category","embeddable":true,"href":"https:\/\/www.europesays.com\/de\/wp-json\/wp\/v2\/categories?post=1267545"},{"taxonomy":"post_tag","embeddable":true,"href":"https:\/\/www.europesays.com\/de\/wp-json\/wp\/v2\/tags?post=1267545"}],"curies":[{"name":"wp","href":"https:\/\/api.w.org\/{rel}","templated":true}]}}