{"id":1267554,"date":"2026-08-29T12:09:24","date_gmt":"2026-08-29T12:09:24","guid":{"rendered":"https:\/\/www.europesays.com\/de\/1267554\/"},"modified":"2026-08-29T12:09:24","modified_gmt":"2026-08-29T12:09:24","slug":"bahn-strecke-berlin-hamburg-heute-erneut-gesperrt-so-lange-dauert-es","status":"publish","type":"post","link":"https:\/\/www.europesays.com\/de\/1267554\/","title":{"rendered":"Bahn-Strecke Berlin\u2013Hamburg heute erneut gesperrt \u2013 so lange dauert es"},"content":{"rendered":"<p>Nach Generalsanierung <\/p>\n<p>Bahn sperrt Strecke Berlin\u2013Hamburg erneut<\/p>\n<p>29.08.2026 &#8211; 12:56 UhrLesedauer: 1 Min.<\/p>\n<p><a href=\"#focus-0\" class=\"transition-colors block text-current relative\" data-sctrack=\"FocusGalleryImage.Reference\"><img fetchpriority=\"high\" data-testid=\"Opener.Image\"   loading=\"eager\" src=\"https:\/\/www.europesays.com\/de\/wp-content\/uploads\/2026\/08\/die-generalsanierung-der-bahnstrecke-hamburg-berlin-dauert-bis-ende-april-archivbild.jpg\" alt=\"Bahnhof Wittenberge wird saniert\" title=\"Bahnhof Wittenberge wird saniert\" width=\"2048\" height=\"1152\" class=\"bg-[url:var(--lqipURL)] bg-cover bg-center flex h-full w-full max-w-full\" style=\"--lqipURL:url('https:\/\/images.t-online.de\/2025\/12\/-pIlIM20Iz5M\/0x122:2048x1152\/fit-in\/150x0\/filters:blur(25)\/die-generalsanierung-der-bahnstrecke-hamburg-berlin-dauert-bis-ende-april-archivbild.jpg')\" decoding=\"async\"\/><img loading=\"lazy\" src=\"https:\/\/hamburg.t-online.de\/s\/paper\/_next\/static\/media\/zoom-in.f7dae02f.svg\" alt=\"Vergr\u00f6\u00dfern des Bildes\" title=\"Vergr\u00f6\u00dfern des Bildes\" class=\"block h-[calc(var(--height)_\/_16_*_1rem)] w-[calc(var(--width)_\/_16_*_1rem)] max-w-none absolute right-8 bottom-8 rounded-4 bg-snow p-8\" style=\"--width:32;--height:32\" decoding=\"async\"\/><\/a><\/p>\n<p>Bahnstrecke Hamburg\u2013Berlin (Archivbild): Nach der Generalsanierung wird sie erneut gesperrt. (Quelle: Jens Kalaene\/dpa\/dpa-bilder)<\/p>\n<p class=\"font-bold text-18 leading-17 user-text-lg:text-22 user-text-xl:text-24\">Die Sperrung gilt ab Samstagabend. Einzelne Z\u00fcge werden umgeleitet, im Regionalverkehr gibt es Ersatzverkehr.<\/p>\n<p class=\"text-18 leading-17 user-text-lg:text-22 user-text-xl:text-24\">Die Deutsche Bahn sperrt die Strecke zwischen Berlin und Hamburg von Samstagabend, 21.10 Uhr, bis Sonntagvormittag um 11 Uhr. Nach Angaben der Bahn sollen dabei &#8222;Restm\u00e4ngel an der Infrastruktur beseitigt&#8220; werden.<\/p>\n<p class=\"text-18 leading-17 user-text-lg:text-22 user-text-xl:text-24\">W\u00e4hrend der Sperrung werden einzelne Fern- und G\u00fcterz\u00fcge umgeleitet. F\u00fcr den Regionalverkehr richtet die Bahn einen Ersatzverkehr ein. Reisende sollten sich nach Empfehlung der Bahn vor der Abfahrt \u00fcber die Auswirkungen informieren.<\/p>\n<p class=\"text-18 leading-17 user-text-lg:text-22 user-text-xl:text-24\">Die Strecke war von August 2025 bis Juni 2026 generalsaniert worden \u2013 rund sechs Wochen l\u00e4nger als urspr\u00fcnglich geplant. Vorgesehen war ein Abschluss bis zum 30. April 2026. Die Bahn begr\u00fcndete die Verz\u00f6gerung mit Frost zu Jahresbeginn. Nach Bahn-Angaben fahren die Z\u00fcge auf der Strecke inzwischen wieder mit bis zu 230 Kilometern pro Stunde.<\/p>\n","protected":false},"excerpt":{"rendered":"Nach Generalsanierung Bahn sperrt Strecke Berlin\u2013Hamburg erneut 29.08.2026 &#8211; 12:56 UhrLesedauer: 1 Min. Bahnstrecke Hamburg\u2013Berlin (Archivbild): Nach der&hellip;\n","protected":false},"author":2,"featured_media":1267555,"comment_status":"","ping_status":"","sticky":false,"template":"","format":"standard","meta":{"footnotes":"","_share_on_mastodon":"0"},"categories":[1826],"tags":[722,17161,2226,296,2030,29,13808,11536,30,692,4935,2224],"class_list":["post-1267554","post","type-post","status-publish","format-standard","has-post-thumbnail","category-hamburg","tag-722","tag-17161","tag-bahnstrecke","tag-berlin","tag-deutsche-bahn","tag-deutschland","tag-ersatzverkehr","tag-generalsanierung","tag-germany","tag-hamburg","tag-regionalverkehr","tag-sperrung"],"share_on_mastodon":{"url":"https:\/\/pubeurope.com\/@de\/117178727567749257","error":""},"_links":{"self":[{"href":"https:\/\/www.europesays.com\/de\/wp-json\/wp\/v2\/posts\/1267554","targetHints":{"allow":["GET"]}}],"collection":[{"href":"https:\/\/www.europesays.com\/de\/wp-json\/wp\/v2\/posts"}],"about":[{"href":"https:\/\/www.europesays.com\/de\/wp-json\/wp\/v2\/types\/post"}],"author":[{"embeddable":true,"href":"https:\/\/www.europesays.com\/de\/wp-json\/wp\/v2\/users\/2"}],"replies":[{"embeddable":true,"href":"https:\/\/www.europesays.com\/de\/wp-json\/wp\/v2\/comments?post=1267554"}],"version-history":[{"count":0,"href":"https:\/\/www.europesays.com\/de\/wp-json\/wp\/v2\/posts\/1267554\/revisions"}],"wp:featuredmedia":[{"embeddable":true,"href":"https:\/\/www.europesays.com\/de\/wp-json\/wp\/v2\/media\/1267555"}],"wp:attachment":[{"href":"https:\/\/www.europesays.com\/de\/wp-json\/wp\/v2\/media?parent=1267554"}],"wp:term":[{"taxonomy":"category","embeddable":true,"href":"https:\/\/www.europesays.com\/de\/wp-json\/wp\/v2\/categories?post=1267554"},{"taxonomy":"post_tag","embeddable":true,"href":"https:\/\/www.europesays.com\/de\/wp-json\/wp\/v2\/tags?post=1267554"}],"curies":[{"name":"wp","href":"https:\/\/api.w.org\/{rel}","templated":true}]}}