{"id":1267600,"date":"2026-08-29T12:40:20","date_gmt":"2026-08-29T12:40:20","guid":{"rendered":"https:\/\/www.europesays.com\/de\/1267600\/"},"modified":"2026-08-29T12:40:20","modified_gmt":"2026-08-29T12:40:20","slug":"5-tipps-fuer-eltern-um-kindern-bei-angst-vor-der-einschulung-zu-helfen","status":"publish","type":"post","link":"https:\/\/www.europesays.com\/de\/1267600\/","title":{"rendered":"5 Tipps f\u00fcr Eltern, um Kindern bei Angst vor der Einschulung zu helfen"},"content":{"rendered":"<p class=\"text_ohne_einzug richtext text-em-55 !leading-serif mx-6 desktop:mx-0\">Es ist ein neuer Lebensabschnitt, wom\u00f6glich der erste Umbruch des gewohnten Alltags. Aufgeregt sind Kinder vor der Einschulung sicherlich, doch sie kann auch Sorgen ausl\u00f6sen. Das h\u00e4ngt immer vom Charakter der Kleinen ab, wei\u00df Familientherapeutin und Erziehungsberaterin Regine Meininger. Doch wenn \u00c4ngste aufkommen, k\u00f6nnen Eltern auf verschiedenen Wegen helfen.<\/p>\n","protected":false},"excerpt":{"rendered":"Es ist ein neuer Lebensabschnitt, wom\u00f6glich der erste Umbruch des gewohnten Alltags. Aufgeregt sind Kinder vor der Einschulung&hellip;\n","protected":false},"author":2,"featured_media":1267601,"comment_status":"","ping_status":"","sticky":false,"template":"","format":"standard","meta":{"footnotes":"","_share_on_mastodon":"0"},"categories":[1849],"tags":[3364,29,27676,548,663,3934,30,13,4455,14,15,1209,12,1467],"class_list":["post-1267600","post","type-post","status-publish","format-standard","has-post-thumbnail","category-moenchengladbach","tag-de","tag-deutschland","tag-einschulung","tag-eu","tag-europa","tag-europe","tag-germany","tag-headlines","tag-moenchengladbach","tag-nachrichten","tag-news","tag-nordrhein-westfalen","tag-schlagzeilen","tag-tipps"],"share_on_mastodon":{"url":"https:\/\/pubeurope.com\/@de\/117178848149502933","error":""},"_links":{"self":[{"href":"https:\/\/www.europesays.com\/de\/wp-json\/wp\/v2\/posts\/1267600","targetHints":{"allow":["GET"]}}],"collection":[{"href":"https:\/\/www.europesays.com\/de\/wp-json\/wp\/v2\/posts"}],"about":[{"href":"https:\/\/www.europesays.com\/de\/wp-json\/wp\/v2\/types\/post"}],"author":[{"embeddable":true,"href":"https:\/\/www.europesays.com\/de\/wp-json\/wp\/v2\/users\/2"}],"replies":[{"embeddable":true,"href":"https:\/\/www.europesays.com\/de\/wp-json\/wp\/v2\/comments?post=1267600"}],"version-history":[{"count":0,"href":"https:\/\/www.europesays.com\/de\/wp-json\/wp\/v2\/posts\/1267600\/revisions"}],"wp:featuredmedia":[{"embeddable":true,"href":"https:\/\/www.europesays.com\/de\/wp-json\/wp\/v2\/media\/1267601"}],"wp:attachment":[{"href":"https:\/\/www.europesays.com\/de\/wp-json\/wp\/v2\/media?parent=1267600"}],"wp:term":[{"taxonomy":"category","embeddable":true,"href":"https:\/\/www.europesays.com\/de\/wp-json\/wp\/v2\/categories?post=1267600"},{"taxonomy":"post_tag","embeddable":true,"href":"https:\/\/www.europesays.com\/de\/wp-json\/wp\/v2\/tags?post=1267600"}],"curies":[{"name":"wp","href":"https:\/\/api.w.org\/{rel}","templated":true}]}}