{"id":1267614,"date":"2026-08-29T12:50:28","date_gmt":"2026-08-29T12:50:28","guid":{"rendered":"https:\/\/www.europesays.com\/de\/1267614\/"},"modified":"2026-08-29T12:50:28","modified_gmt":"2026-08-29T12:50:28","slug":"nrw-tag-in-muenster-80-jahre-nrw-buerger-feiern-demokratie-und-vielfalt-politik","status":"publish","type":"post","link":"https:\/\/www.europesays.com\/de\/1267614\/","title":{"rendered":"NRW-Tag in M\u00fcnster &#8211; 80 Jahre NRW: B\u00fcrger feiern Demokratie und Vielfalt &#8211; Politik"},"content":{"rendered":"<p data-manual=\"paragraph\" data-schema-org-speakable=\"true\" class=\"css-1eosz7k\">M\u00fcnster (dpa\/lnw) &#8211; <a href=\"https:\/\/www.sueddeutsche.de\/thema\/Nordrhein-Westfalen\" rel=\"nofollow noopener\" target=\"_blank\">Nordrhein-Westfalen<\/a> feiert seinen Landesgeburtstag an diesem Wochenende mit einem gro\u00dfen B\u00fcrgerfest. In der Innenstadt von M\u00fcnster pr\u00e4sentieren sich am sogenannten NRW-Tag Polizei, Rettungskr\u00e4fte, Feuerwehr, Tourismus, Kultur, Wissenschaft, Bundeswehr, Kirche und Unternehmen. Auch die Justiz und Landesverwaltung zeigen unter dem Motto \u201eDemokratie und Vielfalt\u201c ihre Arbeit.\u00a0<\/p>\n<p data-manual=\"paragraph\" data-schema-org-speakable=\"true\" class=\"css-1eosz7k\">Am Morgen er\u00f6ffnete die stellvertretende Ministerpr\u00e4sidentin Mona Neubaur (Gr\u00fcne) am Aasee zusammen mit Landtagspr\u00e4sident Andr\u00e9 Kuper und M\u00fcnsters Oberb\u00fcrgermeister Tilmann Fuchs (Gr\u00fcne) den Tag. Auf den zehn B\u00fchnen war neben zahlreichen Vertretern der Landesregierung auch Ministerpr\u00e4sident Hendrik W\u00fcst (CDU) unterwegs.<\/p>\n<p>Neubaur: Die Vielfalt z\u00e4hlt<\/p>\n<p data-manual=\"paragraph\" data-schema-org-speakable=\"true\" class=\"css-1eosz7k\">Neubaur appellierte an die Besucher, sich f\u00fcr Meinungs- und Pressefreiheit, die Freiheit von Kunst und Kultur sowie gegen Diskriminierung und Rassismus einzusetzen. Das sei Demokratie und am Ende Grundlage allen wirtschaftlichen Erfolges. \u201eWir sind ein Land mit ganz unterschiedlichen Regionen, die auch ihre Unterschiede um Himmels willen behalten sollen. Aber wir in Nordrhein-Westfalen wissen, wenn es darauf ankommt, dann z\u00e4hlt eben nicht Einfalt, sondern dann z\u00e4hlt Vielfalt\u201c, sagte sie.<\/p>\n<p><img decoding=\"async\" src=\"https:\/\/www.europesays.com\/de\/wp-content\/uploads\/2026\/08\/4ad46052-4769-47a9-8818-e9158775d850.jpg\"   alt=\"Vize-Ministerpr\u00e4sidentin Mona Neubaur (Gr\u00fcne) bei der Er\u00f6ffnung des 80. Landesjubil\u00e4ums in M\u00fcnster.\" loading=\"lazy\" class=\"css-8atqhb\"\/><\/p>\n<p>Vize-Ministerpr\u00e4sidentin Mona Neubaur (Gr\u00fcne) bei der Er\u00f6ffnung des 80. Landesjubil\u00e4ums in M\u00fcnster.<\/p>\n<p>David Ebener\/dpa<\/p>\n<p data-manual=\"paragraph\" data-schema-org-speakable=\"true\" class=\"css-1eosz7k\">Sie erinnerte an den Mut der Engl\u00e4nder nach dem Zweiten Weltkrieg, das Land NRW zu gr\u00fcnden, und sprach sich gegen die aus, die in die Zeit vor 80 Jahren zur\u00fcckfallen wollen. Sie sprach von Rechtsextremen, die Angst und Verunsicherung vor Terror verspr\u00fchen und mit \u201eL\u00fcgen immer wieder behaupten, dass sie dieses Problem als Einzige erkennen und als Einzige das Problem auch wirklich benennen.\u201c Oder sie benannte Islamisten, die versuchen, \u201euns als Gesellschaft auseinanderzutreiben\u201c.\u00a0<\/p>\n<p><img decoding=\"async\" src=\"https:\/\/www.europesays.com\/de\/wp-content\/uploads\/2026\/08\/f308f4e9-e853-465d-a773-05b2610c1123.jpg\"   alt=\"M\u00fcnster feiert: Zum Auftakt des NRW-Tages mit einem Konzert auf dem Domplatz.\" loading=\"lazy\" class=\"css-8atqhb\"\/><\/p>\n<p>M\u00fcnster feiert: Zum Auftakt des NRW-Tages mit einem Konzert auf dem Domplatz.<\/p>\n<p>David Ebener\/dpaLandtagspr\u00e4sident: Wir stehen f\u00fcr einander ein<\/p>\n<p data-manual=\"paragraph\" data-schema-org-speakable=\"true\" class=\"css-1eosz7k\">Landtagspr\u00e4sident Andr\u00e9 Kuper (CDU) betonte: \u201e80 Jahre Demokratie bedeuten 80 Jahre Zusammenhalt und Zuversicht in Nordrhein-Westfalen. Die <a href=\"https:\/\/www.sueddeutsche.de\/thema\/Geschichte\" rel=\"nofollow noopener\" target=\"_blank\">Geschichte<\/a> unseres Landes und unseres Parlaments zeigt: Wir finden L\u00f6sungen, akzeptieren einander und stehen in Krisen f\u00fcreinander ein. Egal, ob Stadt oder Land: Leben und Leben lassen vereint uns.\u201c\u00a0<\/p>\n<p><img decoding=\"async\" src=\"https:\/\/www.europesays.com\/de\/wp-content\/uploads\/2026\/08\/9374dc7c-a32c-42ba-a77d-5adbc528a1e3.jpg\"   alt=\"Landtagspr\u00e4sident Andr\u00e9 Kuper (CDU, l.) bei der Er\u00f6ffnung, rechts M\u00fcnsters Oberb\u00fcrgermeister Tilman Fuchs (Gr\u00fcne).\" loading=\"lazy\" class=\"css-8atqhb\"\/><\/p>\n<p>Landtagspr\u00e4sident Andr\u00e9 Kuper (CDU, l.) bei der Er\u00f6ffnung, rechts M\u00fcnsters Oberb\u00fcrgermeister Tilman Fuchs (Gr\u00fcne).<\/p>\n<p>David Ebener\/dpaW\u00fcst mit politischer Selbstkritik<\/p>\n<p data-manual=\"paragraph\" data-schema-org-speakable=\"true\" class=\"css-1eosz7k\">Bei einer Podiumsdiskussion zum Thema \u201eWie sch\u00fctzen wir unsere Demokratie?\u201c im \u201eWDR\u201c-Stadtgespr\u00e4ch zeigte sich W\u00fcst selbstkritisch. \u201eDie Politik hat gerade in den letzten Jahren immer mehr versprochen als sie dann gehalten hat\u201c, sagte der Ministerpr\u00e4sident. Deshalb weniger Versprechen, mehr von dem machen, sagte W\u00fcst.\u00a0<\/p>\n<p><img decoding=\"async\" src=\"https:\/\/www.europesays.com\/de\/wp-content\/uploads\/2026\/08\/1484980e-aeb5-4a3b-a6dc-db51347c5c0d.jpg\"   alt=\"Ministerpr\u00e4sident Hendrik W\u00fcst (2.v.r.) \u00e4u\u00dferte sich auf einer Podiumsdiskussion.\" loading=\"lazy\" class=\"css-8atqhb\"\/><\/p>\n<p>Ministerpr\u00e4sident Hendrik W\u00fcst (2.v.r.) \u00e4u\u00dferte sich auf einer Podiumsdiskussion.<\/p>\n<p>David Ebener\/dpaStadtfest am Freitag<\/p>\n<p data-manual=\"paragraph\" data-schema-org-speakable=\"true\" class=\"css-1eosz7k\">Den Auftakt zu den dreit\u00e4gigen Feierlichkeiten gab es am Freitagabend mit dem Stadtfest \u201eM\u00fcnster mittendrin\u201c. Neben anderen Stars stand der Deutschrapper Zartmann (\u201eTau mich auf\u201c) auf der B\u00fchne vor dem Dom. Seri\u00f6s eine Besucherzahl zu nennen, sei nicht m\u00f6glich, hatte die Stadt im Vorfeld gesagt. Beobachter gehen von mehreren 100.000 G\u00e4sten an den drei Tagen aus.\u00a0<\/p>\n<p data-manual=\"paragraph\" data-schema-org-speakable=\"true\" class=\"css-1eosz7k\">Als Landesgeburtstag gilt der 23. August &#8211; im Jahr 1946 vor 80 Jahren wurde NRW an diesem Datum aus der Taufe gehoben. Zum 60. Landesgeburtstag 2006 wurde zum ersten Mal ein Nordrhein-Westfalen-Tag gefeiert und seit 2012 im regelm\u00e4\u00dfigen Turnus von zwei Jahren. Den bislang letzten NRW-Tag 2024 organisierte K\u00f6ln. Vor zwei Jahren kamen nach Veranstalterangaben 110.000 Menschen ans Rheinufer. In den Jahren zuvor war die Gro\u00dfveranstaltung sowohl 2020 als auch 2022 der Corona-Pandemie zum Opfer gefallen.<\/p>\n<p><img decoding=\"async\" src=\"https:\/\/www.europesays.com\/de\/wp-content\/uploads\/2026\/08\/d917ddc5-e8e9-4a2a-9515-9447c76cd691.jpg\"   alt=\"Der deutsche Indie-Rapper Zartmann tritt als Top Act von \u201eM\u00fcnster Mittendrin\u201c auf dem Domplatz auf.\" loading=\"lazy\" class=\"css-8atqhb\"\/><\/p>\n<p>Der deutsche Indie-Rapper Zartmann tritt als Top Act von \u201eM\u00fcnster Mittendrin\u201c auf dem Domplatz auf.<\/p>\n<p>David Ebener\/dpaSommerkonzert am Abend\u00a0<\/p>\n<p data-manual=\"paragraph\" data-schema-org-speakable=\"true\" class=\"css-1eosz7k\">Weite Teile der Innenstadt um Dom, Prinzipalmarkt, Aasee und Schlossplatz waren f\u00fcr den Verkehr weitr\u00e4umig abgesperrt. Am Samstagabend spielt die Philharmonie S\u00fcdwestfalen beim Sommerkonzert der Landesregierung vor dem Hauptsitz der Univerwaltung auf dem Schlossplatz. Die Veranstaltung wird im WDR-Fernsehen ab 20.15 Uhr \u00fcbertragen.<\/p>\n<p data-manual=\"paragraph\" data-schema-org-speakable=\"true\" class=\"css-1eosz7k\">\u00a9 dpa-infocom, dpa:260829-930-600957\/3<\/p>\n","protected":false},"excerpt":{"rendered":"M\u00fcnster (dpa\/lnw) &#8211; Nordrhein-Westfalen feiert seinen Landesgeburtstag an diesem Wochenende mit einem gro\u00dfen B\u00fcrgerfest. In der Innenstadt von&hellip;\n","protected":false},"author":2,"featured_media":1267615,"comment_status":"","ping_status":"","sticky":false,"template":"","format":"standard","meta":{"footnotes":"","_share_on_mastodon":"0"},"categories":[1843],"tags":[17274,3364,29,22935,30,2989,1985,8970,1209,16,139,149],"class_list":["post-1267614","post","type-post","status-publish","format-standard","has-post-thumbnail","category-muenster","tag-brauchtum","tag-de","tag-deutschland","tag-fest-kultur","tag-germany","tag-geschichte","tag-landtag","tag-muenster","tag-nordrhein-westfalen","tag-politik","tag-regierung","tag-sueddeutsche-zeitung"],"share_on_mastodon":{"url":"https:\/\/pubeurope.com\/@de\/117178890371293903","error":""},"_links":{"self":[{"href":"https:\/\/www.europesays.com\/de\/wp-json\/wp\/v2\/posts\/1267614","targetHints":{"allow":["GET"]}}],"collection":[{"href":"https:\/\/www.europesays.com\/de\/wp-json\/wp\/v2\/posts"}],"about":[{"href":"https:\/\/www.europesays.com\/de\/wp-json\/wp\/v2\/types\/post"}],"author":[{"embeddable":true,"href":"https:\/\/www.europesays.com\/de\/wp-json\/wp\/v2\/users\/2"}],"replies":[{"embeddable":true,"href":"https:\/\/www.europesays.com\/de\/wp-json\/wp\/v2\/comments?post=1267614"}],"version-history":[{"count":0,"href":"https:\/\/www.europesays.com\/de\/wp-json\/wp\/v2\/posts\/1267614\/revisions"}],"wp:featuredmedia":[{"embeddable":true,"href":"https:\/\/www.europesays.com\/de\/wp-json\/wp\/v2\/media\/1267615"}],"wp:attachment":[{"href":"https:\/\/www.europesays.com\/de\/wp-json\/wp\/v2\/media?parent=1267614"}],"wp:term":[{"taxonomy":"category","embeddable":true,"href":"https:\/\/www.europesays.com\/de\/wp-json\/wp\/v2\/categories?post=1267614"},{"taxonomy":"post_tag","embeddable":true,"href":"https:\/\/www.europesays.com\/de\/wp-json\/wp\/v2\/tags?post=1267614"}],"curies":[{"name":"wp","href":"https:\/\/api.w.org\/{rel}","templated":true}]}}