{"id":1267618,"date":"2026-08-29T12:54:24","date_gmt":"2026-08-29T12:54:24","guid":{"rendered":"https:\/\/www.europesays.com\/de\/1267618\/"},"modified":"2026-08-29T12:54:24","modified_gmt":"2026-08-29T12:54:24","slug":"oslo-beruehrend-alle-wollen-blumen-fuer-koenig-harald-kaufen","status":"publish","type":"post","link":"https:\/\/www.europesays.com\/de\/1267618\/","title":{"rendered":"Oslo | \u00abBer\u00fchrend\u00bb: Alle wollen Blumen f\u00fcr K\u00f6nig Harald kaufen"},"content":{"rendered":"<p>Oslo (dpa) &#8211; Seit dem Tod von K\u00f6nig Harald V. hat die Floristin Charlotte Skogrand B\u00f8 viel mehr zu tun als sonst. In dem kleinen Blumenladen \u00abFloriss\u00bb nahe dem Osloer Schloss binden sie und ihre Kolleginnen einen Strau\u00df nach dem n\u00e4chsten mit rotem Seidenband, den die Norweger auf dem Schlossplatz und an anderen Orten f\u00fcr ihren gestorbenen Monarchen ablegen. \u00abHier ist viel los\u00bb, erz\u00e4hlt sie.<\/p>\n<p>\u00abViele Menschen wollen ihre Anteilnahme zeigen, was sehr sch\u00f6n und warm und ber\u00fchrend ist.\u00bb Die Blumenverk\u00e4uferin fasst sich ans Herz: \u00abEr war eine wundersch\u00f6ne Seele\u00bb, sagt sie \u00fcber K\u00f6nig Harald. \u00abEs ist sehr traurig.\u00bb Zu sehen, wie ihr Land in dieser Zeit der Trauer zusammenhalte, bewege sie sehr, sagt sie. \u00abDiese Liebe ist wirklich sehr, sehr sch\u00f6n.\u00bb<\/p>\n<p>Noch heute soll eine neue Lieferung Blumen im Laden ankommen \u2013 damit noch mehr Norwegerinnen und Norweger dem Monarchen ihren Respekt zollen k\u00f6nnen. Der 89-J\u00e4hrige war am Freitagmorgen im Krankenhaus gestorben. Neuer norwegischer K\u00f6nig ist seitdem sein Sohn Haakon.<\/p>\n","protected":false},"excerpt":{"rendered":"Oslo (dpa) &#8211; Seit dem Tod von K\u00f6nig Harald V. hat die Floristin Charlotte Skogrand B\u00f8 viel mehr&hellip;\n","protected":false},"author":2,"featured_media":1267619,"comment_status":"","ping_status":"","sticky":false,"template":"","format":"standard","meta":{"footnotes":"","_share_on_mastodon":"0"},"categories":[1841],"tags":[37777,1605,3364,29,30,1724,2549,569,1209,913],"class_list":["post-1267618","post","type-post","status-publish","format-standard","has-post-thumbnail","category-bielefeld","tag-adel","tag-bielefeld","tag-de","tag-deutschland","tag-germany","tag-gesellschaft","tag-leute","tag-monarchie","tag-nordrhein-westfalen","tag-norwegen"],"share_on_mastodon":{"url":"https:\/\/pubeurope.com\/@de\/117178903263002382","error":""},"_links":{"self":[{"href":"https:\/\/www.europesays.com\/de\/wp-json\/wp\/v2\/posts\/1267618","targetHints":{"allow":["GET"]}}],"collection":[{"href":"https:\/\/www.europesays.com\/de\/wp-json\/wp\/v2\/posts"}],"about":[{"href":"https:\/\/www.europesays.com\/de\/wp-json\/wp\/v2\/types\/post"}],"author":[{"embeddable":true,"href":"https:\/\/www.europesays.com\/de\/wp-json\/wp\/v2\/users\/2"}],"replies":[{"embeddable":true,"href":"https:\/\/www.europesays.com\/de\/wp-json\/wp\/v2\/comments?post=1267618"}],"version-history":[{"count":0,"href":"https:\/\/www.europesays.com\/de\/wp-json\/wp\/v2\/posts\/1267618\/revisions"}],"wp:featuredmedia":[{"embeddable":true,"href":"https:\/\/www.europesays.com\/de\/wp-json\/wp\/v2\/media\/1267619"}],"wp:attachment":[{"href":"https:\/\/www.europesays.com\/de\/wp-json\/wp\/v2\/media?parent=1267618"}],"wp:term":[{"taxonomy":"category","embeddable":true,"href":"https:\/\/www.europesays.com\/de\/wp-json\/wp\/v2\/categories?post=1267618"},{"taxonomy":"post_tag","embeddable":true,"href":"https:\/\/www.europesays.com\/de\/wp-json\/wp\/v2\/tags?post=1267618"}],"curies":[{"name":"wp","href":"https:\/\/api.w.org\/{rel}","templated":true}]}}