{"id":1267641,"date":"2026-08-29T13:07:17","date_gmt":"2026-08-29T13:07:17","guid":{"rendered":"https:\/\/www.europesays.com\/de\/1267641\/"},"modified":"2026-08-29T13:07:17","modified_gmt":"2026-08-29T13:07:17","slug":"berauscht-vom-applaus-der-eigenen-echokammer-was-die-tagesspiegel-community-ueber-die-afd-denkt","status":"publish","type":"post","link":"https:\/\/www.europesays.com\/de\/1267641\/","title":{"rendered":"\u201eBerauscht vom Applaus der eigenen Echokammer\u201c: Was die Tagesspiegel-Community \u00fcber die AfD denkt"},"content":{"rendered":"<p class=\"tspCJpg tspCJph\">Rund 40 Prozent f\u00fcr die AfD: Wenige Tage vor der Landtagswahl in Sachsen-Anhalt liegt die Partei in den <a href=\"https:\/\/www.tagesspiegel.de\/politik\/sachsen-anhalt-eine-woche-vor-der-wahl-umfrage-sieht-afd-weiter-klar-vor-cdu--aber-ohne-absolute-mehrheit-15991040.html?icid=in-text-link_15993999\" class=\"link link--internal\" data-gtm-class=\"article-text-link\" data-gtm-val=\"internal\" rel=\"nofollow noopener\" target=\"_blank\">Umfragen deutlich vorn<\/a>. F\u00fcr Tagesspiegel-Nutzer <strong>Existenz <\/strong>demonstriert die AfD dabei \u201eeindrucksvoll das Ph\u00e4nomen der populistischen Selbstrausch-Dynamik\u201c. Die CDU folgt mit gro\u00dfem Abstand. Noch ist offen, ob die AfD daraus eine Regierungsmehrheit bilden kann. Klar ist aber schon jetzt: Dieser Wahlabend wird die <a href=\"https:\/\/www.tagesspiegel.de\/politik\/landtagswahl-in-sachsen-anhalt-konnen-taktische-wahler-den-afd-durchmarsch-verhindern-15992451.html?icid=in-text-link_15993999\" class=\"link link--internal\" data-gtm-class=\"article-text-link\" data-gtm-val=\"internal\" rel=\"nofollow noopener\" target=\"_blank\">politische Ordnung im Land ver\u00e4ndern<\/a>.<\/p>\n<p class=\"tspCJpg\">Sachsen-Anhalt steht damit vor einem politischen Einschnitt, der weit \u00fcber das Bundesland hinausweisen d\u00fcrfte. Was geschieht, wenn eine Partei, die bislang vor allem mit gro\u00dfen Versprechen und scharfer Abgrenzung von den anderen aufgetreten ist, pl\u00f6tzlich konkrete Verantwortung \u00fcbernehmen muss? Und was sagt es \u00fcber die bisherigen Regierungsparteien aus, wenn so <a href=\"https:\/\/interaktiv.tagesspiegel.de\/lab\/interaktive-karte-zur-wahl-in-sachsen-anhalt-alle-ergebnisse-seit-1990-im-detail\/?icid=in-text-link_15993999\" class=\"link link--internal\" data-gtm-class=\"article-text-link\" data-gtm-val=\"internal\" rel=\"nofollow noopener\" target=\"_blank\">viele Menschen der AfD ihre Stimme geben<\/a>, ob aus \u00dcberzeugung, Protest oder aus Entt\u00e4uschung?<\/p>\n<p class=\"tspCJpg\">In der Tagesspiegel-Community geht es um die Frage, warum die AfD in Sachsen-Anhalt besonders erfolgreich ist und weshalb ihr Zuspruch bundesweit w\u00e4chst. Einige erwarten, dass die Partei in Regierungsverantwortung an ihren Versprechen scheitert. Andere sehen die bisher regierenden Parteien in der Verantwortung daf\u00fcr, dass die AfD f\u00fcr immer mehr Menschen attraktiv ist.<\/p>\n<p>Die Tagesspiegel-Community<\/p>\n<p class=\"tspCJpg\"><strong>Sehr geehrte Leserinnen und Leser,\u00a0wir freuen uns \u00fcber Debatten, die wir gerne allen Tagesspiegel-Leserinnen und -Lesern pr\u00e4sentieren.\u00a0Bringen Sie Ihre Perspektive ein\u00a0und bereichern auch Sie den demokratischen Diskurs.\u00a0Klicken Sie hierf\u00fcr auf die Sprechblase\u00a0\u2013 wir freuen uns auf Ihre Teilnahme!<\/strong><\/p>\n<p class=\"tspCJpg\">Die Beitr\u00e4ge suchen jenseits einfacher Parolen nach den Gr\u00fcnden f\u00fcr diesen Erfolg. Sie handeln von Frust, Entt\u00e4uschung, fehlender Selbstwirksamkeit und dem Eindruck, dass Politik am eigenen Leben vorbeigeht.<\/p>\n<p class=\"tspCJpg\"><strong>Lesen Sie hier eine redaktionelle Auswahl aus der Tagesspiegel-Community:<\/strong><\/p>\n<p class=\"tspCJpg\"><strong>Existenz<\/strong><br \/>Ulrich Siegmund und die AfD demonstrieren eindrucksvoll das Ph\u00e4nomen der populistischen Selbstrausch-Dynamik. Wer den Fraktionschef in Sachsen-Anhalt beobachtet, sieht keinen n\u00fcchternen Gestalter, sondern einen Akteur im politischen Schwulst \u2013 berauscht vom Applaus der eigenen Echokammer, abgehoben in eine schw\u00e4rmerische Parallelrealit\u00e4t.<\/p>\n<p class=\"tspCJpg\">Wie ein abgedrifteter K\u00fcnstler auf der B\u00fchne, der die Energie des Publikums in einen Rausch verwandelt, verwechselt Siegmund die Klicks auf TikTok und das Beifallklatschen auf AfD-Kundgebungen mit der komplexen Wirklichkeit eines Bundeslandes. Wenn er Symbolpolitik auf dem Simson-Moped betreibt und von einer \u201eNegativmigration\u201c fantasiert, inszeniert er eine Illusion.<\/p>\n<p class=\"tspCJpg\">Der fatale Realit\u00e4tsverlust beginnt dort, wo er geglaubt wissen will, man k\u00f6nne per einfachem Sprechakt globale Dynamiken, verfassungsrechtliche Grenzen und wirtschaftliche Sachzw\u00e4nge hinwegzaubern.<\/p>\n<p class=\"tspCJpg\">Ein Bundesland l\u00e4sst sich nicht wie eine Social-Media-Story steuern. Die spr\u00f6de Realit\u00e4t fragt nicht nach einfachen Slogans, sondern nach funktionierenden Krankenh\u00e4usern, gepflegten Senioren und einer handlungsf\u00e4higen Wirtschaft \u2013 Bereichen, die im demografisch gealterten Osten ohne ausl\u00e4ndische Arbeitskr\u00e4fte kollabieren w\u00fcrden.<\/p>\n<blockquote class=\"tspCMpp\">\n<p>Siegmunds W\u00e4hlern droht ein unsanftes Erwachen<\/p>\n<\/blockquote>\n<p class=\"tspCMpq\">Tagesspiegel-Nutzer <strong>Existenz<\/strong><\/p>\n<p class=\"tspCJpg\">Dieser Messias-Komplex birgt ein gewaltiges Bumerang-Risiko. Die Geschichte zeigt \u2013 etwa am Beispiel von Ronald Schill \u2013, wie schnell das Kartenhaus der Populisten zusammenbricht, sobald die Show an den H\u00fcrden der exekutiven Verantwortung scheitert. Siegmunds W\u00e4hlern droht ein unsanftes Erwachen: Wenn der Vorhang f\u00e4llt und der Rausch verfliegt, bleibt im luftleeren Raum mit Symbolik allein kein funktionierender Staat zur\u00fcck, sondern nur die Entzauberung eines Kaisers ohne Kleider.<\/p>\n<p class=\"tspCJpg\"><strong>Isidorus<\/strong><br \/>Es ist nicht auszuschlie\u00dfen, dass diese Partei bis zur Wahl noch weitere Prozentzuw\u00e4chse erf\u00e4hrt. Vielleicht ist es so, dass nicht wenige Menschen seit Langem das Gef\u00fchl von Selbstwirksamkeit versp\u00fcren, wenn sie t\u00e4glich die Warnungen h\u00f6ren, was w\u00e4re, wenn diese Partei die Mehrheit erhalten sollte, und einen bewussten Akt gegen die anderen Parteien setzen, die quasi unisono vor dieser Partei warnen. Ich kann endlich was tun gegen die da oben in den anderen Parteien und gegen all diese schlauen Journalisten und Analysten.<\/p>\n<p class=\"tspCJpg\"><strong>Dispatch19<\/strong><br \/>Wenn eine Partei deutlich \u00fcber 40 Prozent erh\u00e4lt, und das in einer Gesellschaft, die von Hyperindividualismus und Kleinteiligkeit gekennzeichnet ist, dann hat das Gr\u00fcnde. Sie haben weniger mit der Programmatik der AfD zu tun als mit den Parteien, die das Land, national und in den L\u00e4ndern, seit 1949 bzw. 1990 ununterbrochen regieren. Dabei erzielen sie Ergebnisse, die jedermann besichtigen kann, die unseren Alltag und unser Leben pr\u00e4gen.<\/p>\n<p><img decoding=\"async\" src=\"https:\/\/www.europesays.com\/de\/wp-content\/uploads\/2026\/08\/1788008837_335_wahldialog-der-ihk-halle-dessau-vor-der-landtagswahl.jpeg\"   alt=\"18.08.2026, Sachsen-Anhalt, Halle\/Saale: Sven Schulze (CDU), Ministerpr\u00e4sident von Sachsen-Anhalt, hebt beim Wahldialog der IHK Halle-Dessau in Halle\/Saale eine Stimmkarte. Die Spitzenkandidaten der Parteien diskutieren mit Unternehmern \u00fcber die wirtschaftliche Zukunft Sachsen-Anhalts. Foto: Hendrik Schmidt\/dpa +++ dpa-Bildfunk +++\" aria-labelledby=\"caption-15964795\" width=\"440\" height=\"330\" loading=\"lazy\" class=\"tspA0ja\"\/> Sven Schulze (CDU), Ministerpr\u00e4sident von Sachsen-Anhalt Foto: Hendrik Schmidt\/dpa +++ dpa-Bildfunk +++ <\/p>\n<p class=\"tspABgd\"> \u00a9 dpa\/Hendrik Schmidt <\/p>\n<p class=\"tspCJpg\">H\u00e4ufig und in steigendem Ma\u00dfe werden sie negativ beurteilt. Und dann tun diese Dauerregierungsparteien so, als seien nicht sie die Regierung, sondern stets immer nur Opposition gewesen und h\u00e4tten rein nichts mit dem zu tun, was bisher geschehen ist, was gemacht wurde oder unterlassen wurde.<\/p>\n<p class=\"tspCJpg\">Sven Schulze ist ein besonders herausragender Protagonist dieser Kunst. Er tritt auf, als sei nicht Ulrich Siegmund, sondern er der angreifende Oppositionsf\u00fchrer. Und damit das dann wenigstens einen Hauch von Realit\u00e4t hat und nicht ganz und gar l\u00e4cherlich wirkt, angesichts der Tatsache, dass er der Ministerpr\u00e4sident ist, versucht er es mit dem Zauberwort \u201eMerz\u201c. Erschreckend daran ist nur, f\u00fcr wie dumm er die W\u00e4hler h\u00e4lt.<\/p>\n<p class=\"tspCJpg\"><strong>Vernunft<\/strong><br \/>Unabh\u00e4ngig von den tats\u00e4chlichen Sachverhalten und den faktischen Problemen in Sachsen-Anhalt ist wahrscheinlich die Migration das Thema, das die meisten Menschen dort emotional bewegt. Insofern ist die Zuspitzung des Wahlkampfes auf dieses vermeintliche Problem durch Siegmund eine strategisch kluge Entscheidung, gest\u00fctzt durch die Forderung nach billiger Energie aus Russland. Ob dieses Kalk\u00fcl aufgeht, wird der Wahltag zeigen.<\/p>\n<blockquote class=\"tspCMpp\">\n<p>&#8230;oder die Brandmauer und alle anderen Mauern werden in k\u00fcrzester Zeit zerbr\u00f6seln<\/p>\n<\/blockquote>\n<p class=\"tspCMpq\">Tagesspiegel-Nutzer <strong>Vernunft<\/strong><\/p>\n<p class=\"tspCJpg\">Wenn es der AfD gelingt, aus eigener Kraft oder mithilfe des BSW die Regierung zu stellen, kann man sich die Folgen f\u00fcr die gesamte Bundespolitik kaum vorstellen. Entweder wird man sich noch einmal mit ganzer Kraft und mit allen Mitteln mehrheitlich f\u00fcr den Kampf gegen Rechts entscheiden, oder die Brandmauer und alle anderen Mauern werden in k\u00fcrzester Zeit zerbr\u00f6seln.<\/p>\n<p class=\"tspCJpg\"><strong>Tiber5<\/strong><br \/>Strategisch gesehen w\u00e4re eine absolute Mehrheit der Parlamentssitze in Sachsen-Anhalt das Bl\u00f6deste, was der AfD passieren k\u00f6nnte. M\u00fcsste sie dann doch zeigen, was sie in Regierungsverantwortung kann und vor allem nicht kann. Ich gehe in diesem Falle von einem absolut desastr\u00f6sen Chaos aus \u2013 egal, wie charismatisch und eloquent sich Herr Siegmund gibt.<\/p>\n<blockquote class=\"tspCMpp\">\n<p>Lebt die AfD doch davon, in keiner Weise ihre Versprechungen umsetzen zu k\u00f6nnen oder gar zu m\u00fcssen.<\/p>\n<\/blockquote>\n<p class=\"tspCMpq\">Tagesspiegel-Nutzer <strong>Tiber5<\/strong><\/p>\n<p class=\"tspCJpg\">Lebt die AfD doch davon, in keiner Weise ihre Versprechungen umsetzen zu k\u00f6nnen oder gar zu m\u00fcssen. Bundespolitisch w\u00fcrde es der AfD n\u00fctzen, wenn in Sachsen-Anhalt die anderen Parteien \u2013 CDU, Linke und wer es noch ins Parlament schafft \u2013 sich zusammentun. Das w\u00e4re allerdings strategisch f\u00fcr die CDU der Super-GAU.<\/p>\n<p class=\"tspCJpg\"><strong>Susewind49<\/strong><br \/>Lasst sie doch mal regieren. Irgendwann merken dann auch ihre Anh\u00e4nger, dass die AfD es nicht kann und ausl\u00e4ndische Fachkr\u00e4fte Sachsen-Anhalt verlassen oder gar nicht erst kommen.<\/p>\n<p class=\"tspCJpg\"><strong>A.H.K.<\/strong><br \/>Nun ja, 40 % sind nicht die Mehrheit, und 60 % wollen diese Politik nicht. Warum w\u00e4hlt man eine Partei, die laut Parteiprogramm Besserverdiener beg\u00fcnstigt, Arbeiter benachteiligt und der Exportwirtschaft schadet?<\/p>\n<blockquote class=\"tspCMpp\">\n<p>Die meisten Versprechen kann Siegmund in Sachsen-Anhalt gar nicht umsetzen, weil er das Geld in SA nicht hat, es nicht bekommt oder es gar nicht in seine Landeszust\u00e4ndigkeit f\u00e4llt<\/p>\n<\/blockquote>\n<p class=\"tspCMpq\">Tagesspiegel-Nutzer\/in <strong>A.H.K.<\/strong><\/p>\n<p class=\"tspCJpg\">Sowie den kleinen Gemeinden und Landwirten schadet, die von den F\u00f6rdergeldern der EU abh\u00e4ngig sind, was dann wegf\u00e4llt. Das DIW hat das nach einer Studie als AfD-Paradoxon bezeichnet: Ihre W\u00e4hler schaden sich am meisten. Die meisten Versprechen kann Siegmund in Sachsen-Anhalt gar nicht umsetzen, weil er das Geld in SA nicht hat, es nicht bekommt oder es gar nicht in seine Landeszust\u00e4ndigkeit f\u00e4llt.<\/p>\n<p class=\"tspCJpg\">Deswegen weicht er ja auch immer smart mit der Phrase aus, dass das \u201elangfristige Ziele\u201c sind, die er so nicht erreicht. Wenige deutsche Fachkr\u00e4fte aus dem Ausland zur\u00fcckzuholen, ist abstruser Stuss. Menschen, die im Ausland gearbeitet haben, sind weltoffen, international und kaum zu begeistern, in ein engstirniges, fremdenfeindliches und provinzielles Land zu kommen.<\/p>\n<blockquote class=\"tspCMpp\">\n<p>Da werden im AfD-Land noch viele lernen m\u00fcssen, wie man sich mit 88 Jahren selbst eine Windel anlegt<\/p>\n<\/blockquote>\n<p class=\"tspCMpq\">Tagesspiegel-Nutzer <strong>A.H.K.<\/strong><\/p>\n<p class=\"tspCJpg\">Da werden im AfD-Land noch viele lernen m\u00fcssen, wie man sich mit 88 Jahren selbst eine Windel anlegt, die Bettpfanne reinigt oder die defekte Heizung repariert. Man braucht nur ein Feindbild und abstruse Versprechen, und die Entt\u00e4uschten marschieren hinterher.<\/p>\n<p><a href=\"https:\/\/www.tagesspiegel.de\/meinung\/lesermeinung\/?icid=single-topic_15993999___\" data-gtm-class=\"article-mzt-link\" class=\"tspCPp3\" rel=\"nofollow noopener\" target=\"_blank\">Mehr Tagesspiegel-Community Alle Community-Artikel im \u00dcberblick <\/a><\/p>\n<p class=\"tspCJpg\">Man w\u00e4hlt die, um \u201edenen da oben\u201c einen Denkzettel zu verpassen, was in der Wahlkabine ein Gef\u00fchl von kurzfristiger Macht erzeugt. Hauptsache, das Geb\u00e4ude wird niedergerissen \u2013 nieder, nieder, nieder. Die Realit\u00e4t wird alle L\u00fcgen und M\u00e4rchen schmerzhaft hinwegfegen. Zu sagen \u201eLass die doch mal machen\u201c bedeutet, wohlwissend, einen Geisterfahrer ans Steuer zu lassen, der nicht glaubt, dass der prognostizierte Totalschaden eintritt, wenn man voll gegen die Wand f\u00e4hrt. Aber der W\u00e4hler will es ja so.<\/p>\n<p class=\"tspCJpg\"><strong>Herbert.Nau<\/strong><br \/>Die beiden Sommerinterviews waren erschreckend \u2013 weniger wegen des \u00fcblichen AfD-Krawalls als wegen der demonstrativen Selbstverst\u00e4ndlichkeit, mit der Weidel und Chrupalla inzwischen auftreten. Sie f\u00fchlen sich auf dem Weg zur Macht.<\/p>\n<p class=\"tspCJpg\">Weidel beschimpft demokratische Konkurrenten als \u201eFlachzangen\u201c, will Schengen verlassen und \u201ealle\u201c Syrer zur\u00fcckf\u00fchren. Chrupalla verharmlost rechtsextreme Verbindungen als \u201eJugends\u00fcnden\u201c, den menschengemachten Klimawandel zum \u201eKlimahype\u201c und s\u00e4t ohne Belege Zweifel an der Briefwahl. Das ist keine seri\u00f6se Alternative zur Regierungspolitik. Es ist ein Gemisch aus Ressentiment, Realit\u00e4tsverweigerung, Diffamierung und Misstrauen gegen demokratische Institutionen.<\/p>\n<blockquote class=\"tspCMpp\">\n<p>Nicht die Partei wird harmloser. Sie hat nur gelernt, ihre Gef\u00e4hrlichkeit f\u00fcr die deutsche Demokratie professioneller zu verpacken.<\/p>\n<\/blockquote>\n<p class=\"tspCMpq\">Tagesspiegel-Nutzer <strong>Herbert.Nau<\/strong><\/p>\n<p class=\"tspCJpg\">Das eigentlich Beunruhigende aber ist die Verpackung: Weidel \u00fcbt sich pl\u00f6tzlich in Herzlichkeit, Chrupalla gibt den gem\u00fctlichen Vern\u00fcnftigen. Hinter dieser Fassade bleibt der politische Radikalismus. Wer angesichts solcher Auftritte noch glaubt, die AfD werde durch Wahlerfolge gem\u00e4\u00dfigt, sollte genau hinsehen: Nicht die Partei wird harmloser. Sie hat nur gelernt, ihre Gef\u00e4hrlichkeit f\u00fcr die deutsche Demokratie professioneller zu verpacken.<\/p>\n<p class=\"tspCJpg\"><strong>Weltenbeobachter<\/strong><br \/>Der sch\u00f6ne Lack der AfD ist d\u00fcnn \u2013 kratzt man daran, kommt brauner Rost zum Vorschein. Es ist bedauerlich, dass viele Leute das nicht sehen wollen. Sie k\u00f6nnten es, so dumm k\u00f6nnen die Leute nicht sein, aber sie wollen es nicht. DAS finde ich viel schlimmer.<\/p>\n<p>Lesen Sie auch<a href=\"https:\/\/www.tagesspiegel.de\/politik\/robert-habeck-in-magdeburg-kurz-zuruck-im-alten-stil-15993759.html?icid=topic-list_15993999___\" data-gtm-class=\"article-mzt-link\" data-hydrate-fingerprint=\"09740a54944caac75fd2c0c63fd5c5df\" data-hydrate-props=\"{&amp;escapedquot;element&amp;escapedquot;:{&amp;escapedquot;type&amp;escapedquot;:&amp;escapedquot;relatedContent&amp;escapedquot;,&amp;escapedquot;fieldMap&amp;escapedquot;:{},&amp;escapedquot;relation&amp;escapedquot;:{&amp;escapedquot;fields&amp;escapedquot;:{&amp;escapedquot;isPaid&amp;escapedquot;:true},&amp;escapedquot;href&amp;escapedquot;:&amp;escapedquot;\/politik\/robert-habeck-in-magdeburg-kurz-zuruck-im-alten-stil-15993759.html&amp;escapedquot;,&amp;escapedquot;teaserTitle&amp;escapedquot;:{&amp;escapedquot;kicker&amp;escapedquot;:&amp;escapedquot;L\u00e4chelnd im Biergarten&amp;escapedquot;,&amp;escapedquot;headline&amp;escapedquot;:&amp;escapedquot;Robert Habeck und das kurze Gastspiel im Wahlkampf in Sachsen-Anhalt&amp;escapedquot;},&amp;escapedquot;id&amp;escapedquot;:&amp;escapedquot;15993759&amp;escapedquot;,&amp;escapedquot;type&amp;escapedquot;:&amp;escapedquot;story&amp;escapedquot;},&amp;escapedquot;isPartOfList&amp;escapedquot;:true,&amp;escapedquot;topicListType&amp;escapedquot;:&amp;escapedquot;topic-list&amp;escapedquot;},&amp;escapedquot;showArrow&amp;escapedquot;:true}\" data-hydrate-slots=\"{&#039;default&#039;:[]}\" class=\"tspCPp3 tspDEsb\" rel=\"nofollow noopener\" target=\"_blank\">L\u00e4chelnd im Biergarten Robert Habeck und das kurze Gastspiel im Wahlkampf in Sachsen-Anhalt <\/a><a href=\"https:\/\/www.tagesspiegel.de\/politik\/vor-der-landtagswahl-in-sachsen-anhalt-ozdemir-und-pistorius-fordern-verbotsverfahren-gegen-die-afd-15993610.html?icid=topic-list_15993999___\" data-gtm-class=\"article-mzt-link\" data-hydrate-fingerprint=\"09740a54944caac75fd2c0c63fd5c5df\" data-hydrate-props=\"{&amp;escapedquot;element&amp;escapedquot;:{&amp;escapedquot;type&amp;escapedquot;:&amp;escapedquot;relatedContent&amp;escapedquot;,&amp;escapedquot;fieldMap&amp;escapedquot;:{},&amp;escapedquot;relation&amp;escapedquot;:{&amp;escapedquot;fields&amp;escapedquot;:{&amp;escapedquot;isPaid&amp;escapedquot;:null},&amp;escapedquot;href&amp;escapedquot;:&amp;escapedquot;\/politik\/vor-der-landtagswahl-in-sachsen-anhalt-ozdemir-und-pistorius-fordern-verbotsverfahren-gegen-die-afd-15993610.html&amp;escapedquot;,&amp;escapedquot;teaserTitle&amp;escapedquot;:{&amp;escapedquot;kicker&amp;escapedquot;:&amp;escapedquot;Vor der Landtagswahl in Sachsen-Anhalt&amp;escapedquot;,&amp;escapedquot;headline&amp;escapedquot;:&amp;escapedquot;\u00d6zdemir und Pistorius fordern Verbotsverfahren gegen die AfD&amp;escapedquot;},&amp;escapedquot;id&amp;escapedquot;:&amp;escapedquot;15993610&amp;escapedquot;,&amp;escapedquot;type&amp;escapedquot;:&amp;escapedquot;story&amp;escapedquot;},&amp;escapedquot;isPartOfList&amp;escapedquot;:true,&amp;escapedquot;topicListType&amp;escapedquot;:&amp;escapedquot;topic-list&amp;escapedquot;},&amp;escapedquot;showArrow&amp;escapedquot;:true}\" data-hydrate-slots=\"{&#039;default&#039;:[]}\" class=\"tspCPp3 tspDEsb\" rel=\"nofollow noopener\" target=\"_blank\">Vor der Landtagswahl in Sachsen-Anhalt \u00d6zdemir und Pistorius fordern Verbotsverfahren gegen die AfD <\/a><a href=\"https:\/\/www.tagesspiegel.de\/politik\/landtagswahl-in-sachsen-anhalt-konnen-taktische-wahler-den-afd-durchmarsch-verhindern-15992451.html?icid=topic-list_15993999___\" data-gtm-class=\"article-mzt-link\" data-hydrate-fingerprint=\"09740a54944caac75fd2c0c63fd5c5df\" data-hydrate-props=\"{&amp;escapedquot;element&amp;escapedquot;:{&amp;escapedquot;type&amp;escapedquot;:&amp;escapedquot;relatedContent&amp;escapedquot;,&amp;escapedquot;fieldMap&amp;escapedquot;:{},&amp;escapedquot;relation&amp;escapedquot;:{&amp;escapedquot;fields&amp;escapedquot;:{&amp;escapedquot;isPaid&amp;escapedquot;:true},&amp;escapedquot;href&amp;escapedquot;:&amp;escapedquot;\/politik\/landtagswahl-in-sachsen-anhalt-konnen-taktische-wahler-den-afd-durchmarsch-verhindern-15992451.html&amp;escapedquot;,&amp;escapedquot;teaserTitle&amp;escapedquot;:{&amp;escapedquot;kicker&amp;escapedquot;:&amp;escapedquot;Landtagswahl in Sachsen-Anhalt&amp;escapedquot;,&amp;escapedquot;headline&amp;escapedquot;:&amp;escapedquot;K\u00f6nnen taktische W\u00e4hler den AfD-Durchmarsch verhindern?&amp;escapedquot;},&amp;escapedquot;id&amp;escapedquot;:&amp;escapedquot;15992451&amp;escapedquot;,&amp;escapedquot;type&amp;escapedquot;:&amp;escapedquot;story&amp;escapedquot;},&amp;escapedquot;isPartOfList&amp;escapedquot;:true,&amp;escapedquot;topicListType&amp;escapedquot;:&amp;escapedquot;topic-list&amp;escapedquot;},&amp;escapedquot;showArrow&amp;escapedquot;:true}\" data-hydrate-slots=\"{&#039;default&#039;:[]}\" class=\"tspCPp3 tspDEsb\" rel=\"nofollow noopener\" target=\"_blank\">Landtagswahl in Sachsen-Anhalt K\u00f6nnen taktische W\u00e4hler den AfD-Durchmarsch verhindern? <\/a><\/p>\n<p class=\"tspCJpg\"><strong>LieberHumanismus<\/strong><br \/>Schon irgendwie auff\u00e4llig, dass die Partei, die im letzten Jahrzehnt am lautesten \u201eL\u00fcgenpresse\u201c br\u00fcllt, regelm\u00e4\u00dfig beim L\u00fcgen ertappt wird. Schade, dass die Anh\u00e4nger der AfD es trotzdem vorziehen, ihre Augen und Ohren zuzuhalten, um blo\u00df nicht einsehen zu m\u00fcssen, dass die Schmeicheleien (\u201eIhr seid die besseren Menschen, die als Einzige alle Vorteile genie\u00dfen sollten\u201c), die angenehmen Deutungen (\u201eNicht ihr seid schuld, sondern alle anderen\u201c) und die verlockenden Versprechen (\u201eMit uns wird alles besser!\u201c) nichts als L\u00fcgen sind.<\/p>\n","protected":false},"excerpt":{"rendered":"Rund 40 Prozent f\u00fcr die AfD: Wenige Tage vor der Landtagswahl in Sachsen-Anhalt liegt die Partei in den&hellip;\n","protected":false},"author":2,"featured_media":1267642,"comment_status":"","ping_status":"","sticky":false,"template":"","format":"standard","meta":{"footnotes":"","_share_on_mastodon":"0"},"categories":[5],"tags":[186,331,332,31,3364,29,30,13,14,15,770,860,12,151,4672,6799],"class_list":["post-1267641","post","type-post","status-publish","format-standard","has-post-thumbnail","category-nachrichten","tag-afd","tag-aktuelle-nachrichten","tag-aktuelle-news","tag-cdu","tag-de","tag-deutschland","tag-germany","tag-headlines","tag-nachrichten","tag-news","tag-rechtsextremismus","tag-sachsen-anhalt","tag-schlagzeilen","tag-tiktok","tag-wahlen","tag-wahlkampf"],"share_on_mastodon":{"url":"https:\/\/pubeurope.com\/@de\/117178954135254622","error":""},"_links":{"self":[{"href":"https:\/\/www.europesays.com\/de\/wp-json\/wp\/v2\/posts\/1267641","targetHints":{"allow":["GET"]}}],"collection":[{"href":"https:\/\/www.europesays.com\/de\/wp-json\/wp\/v2\/posts"}],"about":[{"href":"https:\/\/www.europesays.com\/de\/wp-json\/wp\/v2\/types\/post"}],"author":[{"embeddable":true,"href":"https:\/\/www.europesays.com\/de\/wp-json\/wp\/v2\/users\/2"}],"replies":[{"embeddable":true,"href":"https:\/\/www.europesays.com\/de\/wp-json\/wp\/v2\/comments?post=1267641"}],"version-history":[{"count":0,"href":"https:\/\/www.europesays.com\/de\/wp-json\/wp\/v2\/posts\/1267641\/revisions"}],"wp:featuredmedia":[{"embeddable":true,"href":"https:\/\/www.europesays.com\/de\/wp-json\/wp\/v2\/media\/1267642"}],"wp:attachment":[{"href":"https:\/\/www.europesays.com\/de\/wp-json\/wp\/v2\/media?parent=1267641"}],"wp:term":[{"taxonomy":"category","embeddable":true,"href":"https:\/\/www.europesays.com\/de\/wp-json\/wp\/v2\/categories?post=1267641"},{"taxonomy":"post_tag","embeddable":true,"href":"https:\/\/www.europesays.com\/de\/wp-json\/wp\/v2\/tags?post=1267641"}],"curies":[{"name":"wp","href":"https:\/\/api.w.org\/{rel}","templated":true}]}}