{"id":1267668,"date":"2026-08-29T13:25:21","date_gmt":"2026-08-29T13:25:21","guid":{"rendered":"https:\/\/www.europesays.com\/de\/1267668\/"},"modified":"2026-08-29T13:25:21","modified_gmt":"2026-08-29T13:25:21","slug":"fw-e-kleidungsstuecke-am-ruhrufer-loesen-umfangreichen-wasserrettungseinsatz-aus","status":"publish","type":"post","link":"https:\/\/www.europesays.com\/de\/1267668\/","title":{"rendered":"FW-E: Kleidungsst\u00fccke am Ruhrufer l\u00f6sen umfangreichen Wasserrettungseinsatz aus"},"content":{"rendered":"<p class=\"date\">29.08.2026 \u2013 15:21<\/p>\n<p class=\"customer\">\n                        <a class=\"story-customer\" title=\"weiter zum newsroom von Feuerwehr Essen\" href=\"https:\/\/www.presseportal.de\/blaulicht\/nr\/56893\" rel=\"nofollow noopener\" target=\"_blank\">Feuerwehr Essen<\/a>\n                    <\/p>\n<p><a class=\"glightbox event-trigger\" href=\"https:\/\/cache.pressmailing.net\/thumbnail\/story_hires\/93d61284-09cd-4a6f-8d46-2c4fa4529c5c\/351b1575-c828-4796-8~t8um5s4kgce3qc.jpeg.jpg\" data-description=\"Symbolbild der Feuerwehr Essen\" data-category=\"medialightbox\" data-action=\"click\" data-label=\"single\" data-value=\"6a92dcdb270000fd2cbba8b8\" rel=\"nofollow noopener\" target=\"_blank\"><img decoding=\"async\" height=\"540\" with=\"720\" src=\"https:\/\/www.europesays.com\/de\/wp-content\/uploads\/2026\/08\/fw-e-kleidungsst-cke-am-ruhrufer-l-sen-umfangreichen-wasserrettungseinsatz-aus.jpeg\"   alt=\"FW-E: Kleidungsst\u00fccke am Ruhrufer l\u00f6sen umfangreichen Wasserrettungseinsatz aus\" class=\"single\"\/><\/a><\/p>\n<p><a data-category=\"citylink-story-view\" data-action=\"click\" data-label=\"Citylink in Meldungsansicht\" class=\"story-city event-trigger\" href=\"https:\/\/www.presseportal.de\/regional\/Essen%20-%20%DCberruhr-Hinsel%2C%20Wichteltal\" title=\"News aus Essen - \u00dcberruhr-Hinsel, Wichteltal \" rel=\"nofollow noopener\" target=\"_blank\">Essen &#8211; \u00dcberruhr-Hinsel, Wichteltal<\/a> (ots)<\/p>\n<p>Am heutigen Samstag meldeten Fu\u00dfg\u00e4nger gegen 10:38 Uhr Kleidungsst\u00fccke, die auf einem Steg im Bereich des Holteyer Hafens im Essener Stadtteil \u00dcberruhr-Hinsel zur\u00fcckgelassen worden waren. Da zu diesem Zeitpunkt nicht ausgeschlossen werden konnte, dass sich eine Person im Wasser befand, alarmierte die Leitstelle der Feuerwehr Essen umgehend zahlreiche Einsatzkr\u00e4fte zu einem umfangreichen Wasserrettungseinsatz.<\/p>\n<p>An der Suche beteiligten sich Einsatzkr\u00e4fte der Berufsfeuerwehr und der Freiwilligen Feuerwehr Essen sowie Kr\u00e4fte der DLRG Essen. Zus\u00e4tzlich unterst\u00fctzte ein Hubschrauber der Polizei die Suchma\u00dfnahmen aus der Luft. Im weiteren Einsatzverlauf wurde zudem die Rettungshundestaffel Bochum-Essen angefordert, die die Suche mit speziell ausgebildeten Hunden unterst\u00fctzte.<\/p>\n<p>Der Bereich der Ruhr wurde zun\u00e4chst vom Holteyer Hafen bis zur Kurt-Schumacher-Br\u00fccke und im weiteren Verlauf bis zum Spillenburger Wehr umfangreich kontrolliert. Einsatzkr\u00e4fte suchten die Uferbereiche ab, w\u00e4hrend mehrere Drohnen und der Polizeihubschrauber den Bereich aus der Luft kontrollierten. Parallel wurde die Ruhr mit mehreren Booten befahren und abgesucht. Dabei kamen unter anderem Sonarger\u00e4te zum Einsatz. Dar\u00fcber hinaus wurden Str\u00f6mungsretter der DLRG Essen und der Freiwilligen Feuerwehren Essen Burgaltendorf und Essen-Steele, sowie Taucher in die Suchma\u00dfnahmen eingebunden.<\/p>\n<p>Nach mehr als zweist\u00fcndiger intensiver Suche wurde der Einsatz schlie\u00dflich beendet. Trotz der umfangreichen Ma\u00dfnahmen ergaben sich keine weiteren Anhaltspunkte daf\u00fcr, dass sich tats\u00e4chlich eine Person im Wasser befunden hatte. Auch konnten keine Hinweise auf eine vermisste oder hilfebed\u00fcrftige Person festgestellt werden.<\/p>\n<p>Insgesamt waren rund 40 Einsatzkr\u00e4fte an der mehr als zweist\u00fcndigen Suche beteiligt.<\/p>\n<p class=\"contact-headline\">R\u00fcckfragen bitte an:<\/p>\n<p class=\"contact-text\">Feuerwehr Essen<br \/>Christian Schm\u00fccker<br \/>Telefon: 0201-12370102<br \/>Fax: 0201\/228233<br \/>E-Mail: <a href=\"https:\/\/www.presseportal.de\/blaulicht\/pm\/56893\/mailto:christian.schmuecker@feuerwehr.essen.de\" class=\"uri-mailto\" rel=\"nofollow noopener\" target=\"_blank\">christian.schmuecker@feuerwehr.essen.de<\/a><br \/><a target=\"_blank\" class=\"uri-ext outbound\" rel=\"noopener nofollow\" href=\"https:\/\/www.essen.de\/feuerwehr\">https:\/\/www.essen.de\/feuerwehr<\/a><\/p>\n<p class=\"originator\">Original-Content von: Feuerwehr Essen, \u00fcbermittelt durch news aktuell<\/p>\n","protected":false},"excerpt":{"rendered":"29.08.2026 \u2013 15:21 Feuerwehr Essen Essen &#8211; \u00dcberruhr-Hinsel, Wichteltal (ots) Am heutigen Samstag meldeten Fu\u00dfg\u00e4nger gegen 10:38 Uhr&hellip;\n","protected":false},"author":2,"featured_media":1267669,"comment_status":"","ping_status":"","sticky":false,"template":"","format":"standard","meta":{"footnotes":"","_share_on_mastodon":"0"},"categories":[1834],"tags":[2919,3364,29,3688,985,30,1087,1209,176,178,180,179,181],"class_list":["post-1267668","post","type-post","status-publish","format-standard","has-post-thumbnail","category-essen","tag-brand","tag-de","tag-deutschland","tag-essen","tag-feuerwehr","tag-germany","tag-he","tag-nordrhein-westfalen","tag-nrw","tag-presse","tag-pressemeldung","tag-pressemitteilung","tag-pressemitteilungen"],"share_on_mastodon":{"url":"","error":""},"_links":{"self":[{"href":"https:\/\/www.europesays.com\/de\/wp-json\/wp\/v2\/posts\/1267668","targetHints":{"allow":["GET"]}}],"collection":[{"href":"https:\/\/www.europesays.com\/de\/wp-json\/wp\/v2\/posts"}],"about":[{"href":"https:\/\/www.europesays.com\/de\/wp-json\/wp\/v2\/types\/post"}],"author":[{"embeddable":true,"href":"https:\/\/www.europesays.com\/de\/wp-json\/wp\/v2\/users\/2"}],"replies":[{"embeddable":true,"href":"https:\/\/www.europesays.com\/de\/wp-json\/wp\/v2\/comments?post=1267668"}],"version-history":[{"count":0,"href":"https:\/\/www.europesays.com\/de\/wp-json\/wp\/v2\/posts\/1267668\/revisions"}],"wp:featuredmedia":[{"embeddable":true,"href":"https:\/\/www.europesays.com\/de\/wp-json\/wp\/v2\/media\/1267669"}],"wp:attachment":[{"href":"https:\/\/www.europesays.com\/de\/wp-json\/wp\/v2\/media?parent=1267668"}],"wp:term":[{"taxonomy":"category","embeddable":true,"href":"https:\/\/www.europesays.com\/de\/wp-json\/wp\/v2\/categories?post=1267668"},{"taxonomy":"post_tag","embeddable":true,"href":"https:\/\/www.europesays.com\/de\/wp-json\/wp\/v2\/tags?post=1267668"}],"curies":[{"name":"wp","href":"https:\/\/api.w.org\/{rel}","templated":true}]}}