{"id":1267673,"date":"2026-08-29T13:28:12","date_gmt":"2026-08-29T13:28:12","guid":{"rendered":"https:\/\/www.europesays.com\/de\/1267673\/"},"modified":"2026-08-29T13:28:12","modified_gmt":"2026-08-29T13:28:12","slug":"bericht-berlin-will-russland-fuer-drohnenvorfall-in-leipzig-verantwortlich-machen","status":"publish","type":"post","link":"https:\/\/www.europesays.com\/de\/1267673\/","title":{"rendered":"Bericht: Berlin will Russland f\u00fcr Drohnenvorfall in Leipzig verantwortlich machen"},"content":{"rendered":"<p class=\"text-black text-[17px] leading-7 font-normal font-merriweather\">\n              Nach einem Medienbericht will die Bundesregierung Moskau in den kommenden Tagen offiziell f\u00fcr einen versuchten Drohnenanschlag am Flughafen Leipzig Anfang August verantwortlich machen. Parallel sollen umfangreiche Ma\u00dfnahmen angek\u00fcndigt werden.\n            <\/p>\n<p class=\"text-black text-[17px] leading-7 font-normal font-merriweather\">\n              Berlin bereite die offizielle Zuordnung des Vorfalls vom 4. August an Russland vor, berichtete die Welt am Sonntag am Samstag unter Berufung auf drei mit dem Vorgang vertraute Personen. Zeitgleich sollten den Berichten zufolge umfangreiche Ma\u00dfnahmen angek\u00fcndigt werden.\n            <\/p>\n<p class=\"text-black text-[17px] leading-7 font-normal font-merriweather\">\n              Dabei gehe es um eine Kombination aus direkten Schritten Deutschlands und <a target=\"_blank\" href=\"https:\/\/www.berliner-zeitung.de\/article\/nach-griechenlands-erfolg-mit-russlands-lng-experte-sieht-neuen-trend-bei-eu-sanktionen-10226281\" rel=\"nofollow noopener\">neuen EU-Sanktionen<\/a>, hie\u00df es weiter. Die Ank\u00fcndigung sei f\u00fcr Anfang kommender Woche parallel zum Treffen der EU-Au\u00dfenminister in Irland am Dienstag geplant. Bundeskanzler Friedrich Merz (CDU) k\u00f6nne die Entscheidung den Berichten zufolge aber auch vorziehen.\n            <\/p>\n<p class=\"text-black text-[17px] leading-7 font-normal font-merriweather\">\n              Ein Regierungssprecher wollte den Bericht nicht best\u00e4tigen. Das Kanzleramt beteilige sich nicht an Spekulationen, sagte er. \u201eRelevant ist allein die offizielle Zuordnung, die die Bundesregierung nach eigenem Ermessen und unter Abw\u00e4gung aller Ermittlungsergebnisse vornimmt.\u201c\n            <\/p>\n<p>            Sprengstoffdrohne nahe ukrainischen Frachtflugzeugen<\/p>\n<p class=\"text-black text-[17px] leading-7 font-normal font-merriweather\">\n              Am Abend des 4. August war am <a target=\"_blank\" href=\"https:\/\/ostdeutscheallgemeine.com\/article\/drohne-am-flughafen-leipzig-halle-10335664\" rel=\"nofollow noopener\">Flughafen Leipzig<\/a> eine mit Sprengstoff beladene Drohne entdeckt worden. In ihrer N\u00e4he befanden sich nach den vorliegenden Angaben mehrere ukrainische Frachtflugzeuge. Der Flughafen gilt als Umschlagplatz f\u00fcr milit\u00e4rische Hilfslieferungen f\u00fcr die Ukraine im Krieg gegen Russland. Berichten zufolge kamen in Leipzig mehrere Drohnen zum Einsatz.\n            <\/p>\n<p class=\"text-black text-[17px] leading-7 font-normal font-merriweather\">\n              Merz hatte am Donnerstag in einem RTL-Interview angek\u00fcndigt, die Bundesregierung werde die Verantwortlichen des Vorfalls in K\u00fcrze benennen. Bundesinnenminister <a target=\"_blank\" href=\"https:\/\/www.berliner-zeitung.de\/article\/innenminister-alexander-dobrindt-will-an-grenzkontrollen-festhalten-10034052\" rel=\"nofollow noopener\">Alexander Dobrindt<\/a> (CSU) hatte bislang lediglich von \u201efremden M\u00e4chten\u201c gesprochen. (mit dpa)<\/p>\n<p>                    <img decoding=\"async\" src=\"https:\/\/www.berliner-zeitung.de\/images\/blz\/send-mail.svg\" alt=\"Send feedback\"\/><\/p>\n<p>Lesen Sie mehr zum Thema<\/p>\n","protected":false},"excerpt":{"rendered":"Nach einem Medienbericht will die Bundesregierung Moskau in den kommenden Tagen offiziell f\u00fcr einen versuchten Drohnenanschlag am Flughafen&hellip;\n","protected":false},"author":2,"featured_media":1267674,"comment_status":"","ping_status":"","sticky":false,"template":"","format":"standard","meta":{"footnotes":"","_share_on_mastodon":"0"},"categories":[1832],"tags":[296,3364,29,1478,108949,7563,30,71,308,307,859],"class_list":["post-1267673","post","type-post","status-publish","format-standard","has-post-thumbnail","category-leipzig","tag-berlin","tag-de","tag-deutschland","tag-drohne","tag-drohnenvorfall","tag-flughafen-leipzig-halle","tag-germany","tag-leipzig","tag-moskau","tag-russland","tag-sachsen"],"share_on_mastodon":{"url":"https:\/\/pubeurope.com\/@de\/117179038814280227","error":""},"_links":{"self":[{"href":"https:\/\/www.europesays.com\/de\/wp-json\/wp\/v2\/posts\/1267673","targetHints":{"allow":["GET"]}}],"collection":[{"href":"https:\/\/www.europesays.com\/de\/wp-json\/wp\/v2\/posts"}],"about":[{"href":"https:\/\/www.europesays.com\/de\/wp-json\/wp\/v2\/types\/post"}],"author":[{"embeddable":true,"href":"https:\/\/www.europesays.com\/de\/wp-json\/wp\/v2\/users\/2"}],"replies":[{"embeddable":true,"href":"https:\/\/www.europesays.com\/de\/wp-json\/wp\/v2\/comments?post=1267673"}],"version-history":[{"count":0,"href":"https:\/\/www.europesays.com\/de\/wp-json\/wp\/v2\/posts\/1267673\/revisions"}],"wp:featuredmedia":[{"embeddable":true,"href":"https:\/\/www.europesays.com\/de\/wp-json\/wp\/v2\/media\/1267674"}],"wp:attachment":[{"href":"https:\/\/www.europesays.com\/de\/wp-json\/wp\/v2\/media?parent=1267673"}],"wp:term":[{"taxonomy":"category","embeddable":true,"href":"https:\/\/www.europesays.com\/de\/wp-json\/wp\/v2\/categories?post=1267673"},{"taxonomy":"post_tag","embeddable":true,"href":"https:\/\/www.europesays.com\/de\/wp-json\/wp\/v2\/tags?post=1267673"}],"curies":[{"name":"wp","href":"https:\/\/api.w.org\/{rel}","templated":true}]}}