{"id":1267693,"date":"2026-08-29T13:40:19","date_gmt":"2026-08-29T13:40:19","guid":{"rendered":"https:\/\/www.europesays.com\/de\/1267693\/"},"modified":"2026-08-29T13:40:19","modified_gmt":"2026-08-29T13:40:19","slug":"stadt-muenchen-will-situation-fuer-radler-und-fussgaenger-in-laim-verbessern-muenchen","status":"publish","type":"post","link":"https:\/\/www.europesays.com\/de\/1267693\/","title":{"rendered":"Stadt M\u00fcnchen will Situation f\u00fcr Radler und Fu\u00dfg\u00e4nger in Laim verbessern &#8211; M\u00fcnchen"},"content":{"rendered":"<p data-manual=\"paragraph\" data-schema-org-speakable=\"true\" class=\"css-1eosz7k\">Wer in der <a href=\"https:\/\/www.sueddeutsche.de\/muenchen\/muenchen-laim-bahnhof-aufzug-umweltverbundroehre-unterfuehrung-li.3468604\" rel=\"nofollow noopener\" target=\"_blank\">Laimer Unterf\u00fchrung<\/a> zu Fu\u00df oder mit dem Rollstuhl unterwegs ist, muss immer wieder aufpassen, dass es nicht zu einer Kollision mit durchrasenden Radfahrern kommt. Die R\u00f6hre ist eng, an den Seiten ist teilweise der Platz durch Fahrradst\u00e4nder eingeschr\u00e4nkt, zus\u00e4tzlich engt ein B\u00e4ckereicontainer den Platz ein.<\/p>\n<p data-manual=\"paragraph\" data-schema-org-speakable=\"true\" class=\"css-1eosz7k\">In diesem westlichen Teil der Unterf\u00fchrung, den sich Radler und Passanten teilen m\u00fcssen, ist viel los. Von 2028 an sollen an der Ostseite Rad- und Fu\u00dfverkehr sowie die Tram durch eine sogenannte Umweltverbundr\u00f6hre gef\u00fchrt werden. Diese hei\u00dft so, weil alle drei Verkehrsarten dort in einem \u201eUmweltverbund\u201c Platz finden sollen. Bis dahin bleibt die alte Unterf\u00fchrung im Westteil eine Zone mit Konfliktpotenzial.<\/p>\n<p data-manual=\"paragraph\" data-schema-org-speakable=\"true\" class=\"css-1eosz7k\">Eine bauliche Trennung von\u00a0Rad- und Fu\u00dfverkehr sei bis zur Fertigstellung der Umweltverbundr\u00f6hre nicht m\u00f6glich, sagt die Stadtverwaltung. Weil es aber zeitnah eine Verbesserung der Situation vor Ort braucht, haben Mobilit\u00e4tsreferat, Baureferat, Behindertenbeirat und Polizei an einem \u201eRunden Tisch Laimer R\u00f6hre\u201c Ma\u00dfnahmen f\u00fcr kurzfristige Verbesserungen erarbeitet.<\/p>\n<p data-manual=\"paragraph\" data-schema-org-speakable=\"true\" class=\"css-1eosz7k\">Diese werden nun umgesetzt. Unter anderem wird mit neuen und deutlicheren Beschilderungen auf das auch f\u00fcr Radler geltende Schritttempo hingewiesen sowie Markierungen auf dem Boden angebracht, die den gemeinsamen Fu\u00df- und Radverkehrsbereich ausweisen.<\/p>\n<p data-manual=\"paragraph\" data-schema-org-speakable=\"true\" class=\"css-1eosz7k\">Schon jetzt gilt: Rechtlich gesehen ist der Bereich in der Unterf\u00fchrung ein Gehweg mit dem Zusatzzeichen \u201eRadverkehr frei\u201c. Das hei\u00dft, Radler m\u00fcssen auf Fu\u00dfg\u00e4nger R\u00fccksicht nehmen und d\u00fcrfen sie nicht gef\u00e4hrden oder behindern. Radfahrende d\u00fcrfen auf diesen Wegen nur mit Schrittgeschwindigkeit fahren, also maximal sieben Kilometer pro Stunde.<\/p>\n<p data-manual=\"paragraph\" data-schema-org-speakable=\"true\" class=\"css-1eosz7k\">Um die Verkehrsteilnehmer zu sensibilisieren und die geltende Regelung zu verdeutlichen, werden in den kommenden Wochen Banner an den Tunneleing\u00e4ngen angebracht, die auf die ver\u00e4nderten Regeln hinweisen. Zudem wird die Kampagne \u201eMiteinander unterwegs mit Herz\u201c fortgesetzt, bei der eine Vor-Ort-Aktion im Herbst auf das Thema gegenseitige R\u00fccksichtnahme aufmerksam machen wird.<\/p>\n<p data-manual=\"paragraph\" data-schema-org-speakable=\"true\" class=\"css-1eosz7k\">Um eine Fehlbelegung der Fahrradst\u00e4nder im Tunnel durch aufgegebene Fahrr\u00e4der und Schrottr\u00e4der zu verhindern, hat die P+R Park &amp; Ride GmbH 125 mutma\u00dflich aufgegebene Fahrr\u00e4der und ein Schrottrad entfernt. Auch dies soll laut Verwaltung zur Verbesserung der Situation beitragen, da damit ein geordnetes Abstellen von Fahrr\u00e4dern gesichert werde und zudem ein saubereres Gesamtbild entstehe.\u00a0Nach der Umsetzung der Ma\u00dfnahmen werde die Situation weiterhin beobachtet.<\/p>\n","protected":false},"excerpt":{"rendered":"Wer in der Laimer Unterf\u00fchrung zu Fu\u00df oder mit dem Rollstuhl unterwegs ist, muss immer wieder aufpassen, dass&hellip;\n","protected":false},"author":2,"featured_media":1267694,"comment_status":"","ping_status":"","sticky":false,"template":"","format":"standard","meta":{"footnotes":"","_share_on_mastodon":"0"},"categories":[1827],"tags":[772,29,30,30912,1268,2813,15064,91988,149,3232],"class_list":["post-1267693","post","type-post","status-publish","format-standard","has-post-thumbnail","category-muenchen","tag-bayern","tag-deutschland","tag-germany","tag-laim","tag-muenchen","tag-muenchen-stadtteile","tag-neuhausen-nymphenburg","tag-radfahren-in-muenchen","tag-sueddeutsche-zeitung","tag-verkehr-in-muenchen"],"share_on_mastodon":{"url":"https:\/\/pubeurope.com\/@de\/117179083810800093","error":""},"_links":{"self":[{"href":"https:\/\/www.europesays.com\/de\/wp-json\/wp\/v2\/posts\/1267693","targetHints":{"allow":["GET"]}}],"collection":[{"href":"https:\/\/www.europesays.com\/de\/wp-json\/wp\/v2\/posts"}],"about":[{"href":"https:\/\/www.europesays.com\/de\/wp-json\/wp\/v2\/types\/post"}],"author":[{"embeddable":true,"href":"https:\/\/www.europesays.com\/de\/wp-json\/wp\/v2\/users\/2"}],"replies":[{"embeddable":true,"href":"https:\/\/www.europesays.com\/de\/wp-json\/wp\/v2\/comments?post=1267693"}],"version-history":[{"count":0,"href":"https:\/\/www.europesays.com\/de\/wp-json\/wp\/v2\/posts\/1267693\/revisions"}],"wp:featuredmedia":[{"embeddable":true,"href":"https:\/\/www.europesays.com\/de\/wp-json\/wp\/v2\/media\/1267694"}],"wp:attachment":[{"href":"https:\/\/www.europesays.com\/de\/wp-json\/wp\/v2\/media?parent=1267693"}],"wp:term":[{"taxonomy":"category","embeddable":true,"href":"https:\/\/www.europesays.com\/de\/wp-json\/wp\/v2\/categories?post=1267693"},{"taxonomy":"post_tag","embeddable":true,"href":"https:\/\/www.europesays.com\/de\/wp-json\/wp\/v2\/tags?post=1267693"}],"curies":[{"name":"wp","href":"https:\/\/api.w.org\/{rel}","templated":true}]}}