{"id":1267707,"date":"2026-08-29T13:48:38","date_gmt":"2026-08-29T13:48:38","guid":{"rendered":"https:\/\/www.europesays.com\/de\/1267707\/"},"modified":"2026-08-29T13:48:38","modified_gmt":"2026-08-29T13:48:38","slug":"hackerangriff-auf-berliner-verwaltung-berliner-senatskanzlei-schweigt-zu-erpressung-durch-hacker","status":"publish","type":"post","link":"https:\/\/www.europesays.com\/de\/1267707\/","title":{"rendered":"Hackerangriff auf Berliner Verwaltung: Berliner Senatskanzlei schweigt zu Erpressung durch Hacker"},"content":{"rendered":"<p class=\"paragraph article__item\">Zwei Wochen nach Bekanntwerden des\u00a0<a href=\"https:\/\/www.zeit.de\/digital\/2026-08\/cyberangriff-berlin-senatsverwaltung-it-ikt-vorfall\" target=\"_blank\" rel=\"nofollow noopener\">Hackerangriffs<\/a> auf das Datennetz<br \/>\nder <a href=\"https:\/\/www.zeit.de\/thema\/berlin\" target=\"_blank\" rel=\"nofollow noopener\">Berliner Verwaltung<\/a> h\u00e4lt sich die Landesregierung weiterhin zu<br \/>\nzentralen Fragen bedeckt. Angaben zu den Forderungen der Erpresser, den<br \/>\nm\u00f6glicherweise erbeuteten Daten und den mutma\u00dflichen T\u00e4tern macht der<br \/>\nSenat bislang nicht. \u00bbAus ermittlungstaktischen Gr\u00fcnden \u00e4u\u00dfern wir uns<br \/>\ndazu zum jetzigen Zeitpunkt nicht\u00ab, sagte eine Senatssprecherin auf  Anfrage der Nachrichtenagentur dpa. Die Ermittlungen dauerten an.\n<\/p>\n<p class=\"paragraph article__item\">Laut einem <a href=\"https:\/\/www.spiegel.de\/netzwelt\/berlin-cyberangriff-auf-die-hauptstadt-die-hacker-fordern-30-bitcoin-a-54af015f-7f83-411a-a39c-8b7b05cff60a\" target=\"_blank\" rel=\"nofollow noopener\">Bericht des Spiegels<\/a>\u00a0drohten die<br \/>\nAngreifer <a href=\"https:\/\/www.zeit.de\/politik\/deutschland\/2026-08\/hackerangriff-berliner-verwaltung-cyberangriff-loesegeld-berlin-gxe\" target=\"_blank\" rel=\"nofollow noopener\">mit der Ver\u00f6ffentlichung erbeuteter Daten<\/a>, sollte <a class=\"rtr-entity\" href=\"https:\/\/www.zeit.de\/thema\/berlin\" rel=\"nofollow noopener\" target=\"_blank\">Berlin<\/a> nicht<br \/>\n auf ihre Zahlungsforderung eingehen. Dem Bericht zufolge soll die seit<br \/>\nmehreren Jahren aktive Hackergruppe Rhysida hinter dem Angriff stehen.<br \/>\nDie Erpresser h\u00e4tten 30 Bitcoin gefordert. Das entspricht derzeit einem<br \/>\nWert von rund zwei Millionen Euro.\n<\/p>\n<p>            Gro\u00dfe Menge sensibler Daten            <\/p>\n<p class=\"paragraph article__item\">Den Angaben zufolge gelangten die Angreifer an eine gro\u00dfe Menge sensibler Daten. Darunter sollen Informationen aus Ordnungswidrigkeitsverfahren sowie Passw\u00f6rter sein. Der Spiegel beruft sich dabei auf Informationen der Hackergruppe im Darknet. Ob und in welchem Umfang die genannten Daten tats\u00e4chlich abgeflossen sind, hat die Berliner Landesregierung bislang nicht best\u00e4tigt.\n<\/p>\n<p class=\"paragraph article__item\">Nach einer Sondersitzung des Senats hatten der Regierende B\u00fcrgermeister Kai Wegner (CDU) und Innensenatorin Iris Spranger (SPD) am Freitag \u00fcber den Erpressungsversuch informiert, ohne Einzelheiten zu nennen. Wegner sagte, das Land Berlin werde sich nicht erpressen lassen.\n<\/p>\n<p class=\"paragraph article__item\">Von dem Cyberangriff <a href=\"https:\/\/www.zeit.de\/digital\/2026-08\/cyberangriff-berlin-senatsverwaltung-it-ikt-vorfall\" target=\"_blank\" rel=\"nofollow noopener\">betroffen waren die Verkehrs- und die Bauverwaltung<\/a>. Beide Beh\u00f6rden wurden nach Bekanntwerden der Attacke vor\u00fcbergehend vom Landesnetz getrennt. Zun\u00e4chst <a href=\"https:\/\/www.zeit.de\/digital\/2026-08\/berlin-cyberangriff-senatsverwaltung-daten-briefwahl-kai-wegner\" target=\"_blank\" rel=\"nofollow noopener\">hatte die Landesregierung mitgeteilt<\/a>, es seien lediglich \u00f6ffentlich zug\u00e4ngliche Daten abgeflossen. Am Mittwoch r\u00e4umte die Senatskanzlei jedoch ein, dass auch nicht \u00f6ffentliche Daten betroffen seien.\n<\/p>\n<p>Mehr zum Thema<\/p>\n<p>            Berlin        <\/p>\n<p>                <a href=\"https:\/\/www.zeit.de\/2026\/36\/berliner-abgeordnetenhauswahl-wahlentscheidung-volt-afd-wahlplakate\" data-ct-label=\"Berliner Abgeordnetenhauswahl: Was gibt\u2019s in Berlin zu w\u00e4hlen, au\u00dfer \u00bbkleinstes \u00dcbel\u00ab?\" data-uuid=\"b95fdd0c-affb-474b-8d04-b8e022a13c70\" rel=\"nofollow noopener\" target=\"_blank\"><\/p>\n<p>        Z+ (abopflichtiger Inhalt);<\/p>\n<p>    Berliner Abgeordnetenhauswahl:<br \/>\n                        Was gibt\u2019s in Berlin zu w\u00e4hlen, au\u00dfer \u00bbkleinstes \u00dcbel\u00ab?<\/p>\n<p>                <\/a><\/p>\n<p>                <a href=\"https:\/\/www.zeit.de\/politik\/deutschland\/2026-07\/wahl-berlin-abgeordnetenhaus-erststimme-zweitstimme-wahlrecht-faq\" data-ct-label=\"Wahl in Berlin: Was Sie zur Abgeordnetenhauswahl in Berlin wissen sollten\" data-uuid=\"bd2d584c-207b-4181-a606-896c083601b5\" rel=\"nofollow noopener\" target=\"_blank\"><\/p>\n<p>                        Wahl in Berlin:<br \/>\n                        Was Sie zur Abgeordnetenhauswahl in Berlin wissen sollten<\/p>\n<p>                <\/a><\/p>\n<p>                <a href=\"https:\/\/www.zeit.de\/2026\/35\/elif-eralp-die-linke-berlin-anagramm-name\" data-ct-label=\"Elif Eralp: Gestatten, Bundeskanzler Ferzmich Rider\" data-uuid=\"e857e479-7549-4a68-ae57-e8ea733272e9\" rel=\"nofollow noopener\" target=\"_blank\"><\/p>\n<p>        Z+ (abopflichtiger Inhalt);<\/p>\n<p>    Elif Eralp:<br \/>\n                        Gestatten, Bundeskanzler Ferzmich Rider<\/p>\n<p>                <\/a><\/p>\n","protected":false},"excerpt":{"rendered":"Zwei Wochen nach Bekanntwerden des\u00a0Hackerangriffs auf das Datennetz der Berliner Verwaltung h\u00e4lt sich die Landesregierung weiterhin zu zentralen&hellip;\n","protected":false},"author":2,"featured_media":1267708,"comment_status":"","ping_status":"","sticky":false,"template":"","format":"standard","meta":{"footnotes":"","_share_on_mastodon":"0"},"categories":[1825],"tags":[296,1743,29,34273,30,3558,261884,16],"class_list":["post-1267707","post","type-post","status-publish","format-standard","has-post-thumbnail","category-berlin","tag-berlin","tag-datenschutz","tag-deutschland","tag-erpressung","tag-germany","tag-hackerangriff","tag-hackerangriff-auf-berliner-verwaltung","tag-politik"],"share_on_mastodon":{"url":"https:\/\/pubeurope.com\/@de\/117179115251047810","error":""},"_links":{"self":[{"href":"https:\/\/www.europesays.com\/de\/wp-json\/wp\/v2\/posts\/1267707","targetHints":{"allow":["GET"]}}],"collection":[{"href":"https:\/\/www.europesays.com\/de\/wp-json\/wp\/v2\/posts"}],"about":[{"href":"https:\/\/www.europesays.com\/de\/wp-json\/wp\/v2\/types\/post"}],"author":[{"embeddable":true,"href":"https:\/\/www.europesays.com\/de\/wp-json\/wp\/v2\/users\/2"}],"replies":[{"embeddable":true,"href":"https:\/\/www.europesays.com\/de\/wp-json\/wp\/v2\/comments?post=1267707"}],"version-history":[{"count":0,"href":"https:\/\/www.europesays.com\/de\/wp-json\/wp\/v2\/posts\/1267707\/revisions"}],"wp:featuredmedia":[{"embeddable":true,"href":"https:\/\/www.europesays.com\/de\/wp-json\/wp\/v2\/media\/1267708"}],"wp:attachment":[{"href":"https:\/\/www.europesays.com\/de\/wp-json\/wp\/v2\/media?parent=1267707"}],"wp:term":[{"taxonomy":"category","embeddable":true,"href":"https:\/\/www.europesays.com\/de\/wp-json\/wp\/v2\/categories?post=1267707"},{"taxonomy":"post_tag","embeddable":true,"href":"https:\/\/www.europesays.com\/de\/wp-json\/wp\/v2\/tags?post=1267707"}],"curies":[{"name":"wp","href":"https:\/\/api.w.org\/{rel}","templated":true}]}}