{"id":1267731,"date":"2026-08-29T14:03:14","date_gmt":"2026-08-29T14:03:14","guid":{"rendered":"https:\/\/www.europesays.com\/de\/1267731\/"},"modified":"2026-08-29T14:03:14","modified_gmt":"2026-08-29T14:03:14","slug":"russland-eskalation-schreitet-voran-polen-warnt-nato","status":"publish","type":"post","link":"https:\/\/www.europesays.com\/de\/1267731\/","title":{"rendered":"Russland: \u201eEskalation schreitet voran\u201c \u2013 Polen warnt Nato"},"content":{"rendered":"<p>Die n\u00e4chsten sechs Monate seien entscheidend, sagt Polens Regierungschef Tusk. Er warnt vor einer direkten Konfrontation mit Russland. Die Woche warnte CIA-Chef John Ratcliffe Moskau genau davor.<\/p>\n<p class=\"c-inline-alert__description\">Klicken Sie hier, um sich Artikel von WELT in der Google-Suche bevorzugt anzeigen zu lassen.<\/p>\n<p class=\"is-first-paragraph\" data-external=\"Article.FirstParagraph\">Polens Regierungschef Donald Tusk hat davor gewarnt, dass Russland den Krieg in der Ukraine ausweiten und die Nato provozieren k\u00f6nnte. \u201eWie ich bereits gewarnt habe, schreitet die Eskalation vonseiten Russlands voran\u201c, schrieb Tusk<a class=\"is-link c-block-items__link is-external c-link--rich-text-renderer\" href=\"https:\/\/x.com\/donaldtusk\/status\/2093648423522124282?s=20\" target=\"_blank\" title=\"Link wird in einem neuen Tab ge\u00f6ffnet\" rel=\"nofollow noopener\" data-internal-tracking-enabled=\"true\" data-internal-tracking=\"{&quot;action&quot;:&quot;click&quot;,&quot;label&quot;:&quot;link&quot;,&quot;name&quot;:&quot;Inline Element&quot;,&quot;data&quot;:{&quot;source&quot;:&quot;&quot;,&quot;target&quot;:&quot;https:\/\/x.com\/donaldtusk\/status\/2093648423522124282?s=20&quot;,&quot;trackingName&quot;:&quot;&quot;,&quot;trackingLabel&quot;:&quot;&quot;}}\"> auf der Online-Plattform X<\/a> nach einem Gespr\u00e4ch mit Nato-Generalsekret\u00e4r Mark Rutte.<\/p>\n<p>Die n\u00e4chsten sechs Monate w\u00fcrden entscheidend sein. \u201eWir d\u00fcrfen Provokationen Russlands gegen\u00fcber einem der Nato-Mitglieder nicht ausschlie\u00dfen.\u201c<\/p>\n<p>Am Mittwoch hatte eine Visite von CIA-Chef John Ratcliffe nach Moskau weltweit Spekulationen ausgel\u00f6st. In US-Medien hie\u00df es, dass Ratcliffe Russland vor einer Attacke auf einen der Nato-Staaten gewarnt haben soll. Angesprochen auf die Berichte, dementierte der Kreml und wies mit dem Finger auf den Westen.<\/p>\n<p>Polen ist einer der wichtigsten politischen und milit\u00e4rischen Unterst\u00fctzer der von Russland angegriffenen Ukraine. Das Land f\u00fchlt sich auch selbst von Moskau bedroht und r\u00fcstet massiv auf.<\/p>\n<p>Am Freitag hatte der ukrainische Pr\u00e4sident Wolodymyr Selenskyj Moskau mit einer Intensivierung der Drohnenschl\u00e4ge im russischen Hinterland gedroht. \u201eDie Aufgabe lautet: t\u00e4glich 1000 Drohnen f\u00fcr Langstreckenangriffe gegen Russland. Derzeit f\u00fchren wir durchschnittlich \u00fcber 300 solcher Langstreckenangriffe aus \u2013 das muss mehr werden\u201c, sagte Selenskyj in seiner in Kiew verbreiteten abendlichen Videobotschaft. Die Ukraine m\u00fcsse den Einsatz von Waffen zur Abwehr russischer Angriffe maximieren, betonte er.<\/p>\n<p>Mit den Angriffen etwa auf \u00d6lraffinerien, Logistikzentren und milit\u00e4rische Ziele hat Kiew die Kosten f\u00fcr Moskaus Krieg in die H\u00f6he getrieben. Kremlchef Putin hatte wirtschaftliche Sch\u00e4den zwar einger\u00e4umt, sie aber als nicht kritisch heruntergespielt. Putin wiederum drohte der Ukraine mit Attacken, die weitaus mehr Zerst\u00f6rungen anrichteten als umgekehrt.<\/p>\n<p>dpa\/jm<\/p>\n","protected":false},"excerpt":{"rendered":"Die n\u00e4chsten sechs Monate seien entscheidend, sagt Polens Regierungschef Tusk. Er warnt vor einer direkten Konfrontation mit Russland.&hellip;\n","protected":false},"author":2,"featured_media":1267732,"comment_status":"","ping_status":"","sticky":false,"template":"","format":"standard","meta":{"footnotes":"","_share_on_mastodon":"0"},"categories":[3],"tags":[13,14,15,250153,110,111,115,12,116,45,10,8,9,11,103,112,117,104],"class_list":["post-1267731","post","type-post","status-publish","format-standard","has-post-thumbnail","category-welt","tag-headlines","tag-nachrichten","tag-news","tag-newsos-import-welt","tag-newsteam","tag-putin","tag-russland-ukraine-krieg-24-2-2022","tag-schlagzeilen","tag-selenskyj","tag-texttospeech","tag-top-news","tag-top-meldungen","tag-topmeldungen","tag-topnews","tag-welt","tag-wladimir","tag-wolodymyr","tag-world"],"share_on_mastodon":{"url":"https:\/\/pubeurope.com\/@de\/117179178874459092","error":""},"_links":{"self":[{"href":"https:\/\/www.europesays.com\/de\/wp-json\/wp\/v2\/posts\/1267731","targetHints":{"allow":["GET"]}}],"collection":[{"href":"https:\/\/www.europesays.com\/de\/wp-json\/wp\/v2\/posts"}],"about":[{"href":"https:\/\/www.europesays.com\/de\/wp-json\/wp\/v2\/types\/post"}],"author":[{"embeddable":true,"href":"https:\/\/www.europesays.com\/de\/wp-json\/wp\/v2\/users\/2"}],"replies":[{"embeddable":true,"href":"https:\/\/www.europesays.com\/de\/wp-json\/wp\/v2\/comments?post=1267731"}],"version-history":[{"count":0,"href":"https:\/\/www.europesays.com\/de\/wp-json\/wp\/v2\/posts\/1267731\/revisions"}],"wp:featuredmedia":[{"embeddable":true,"href":"https:\/\/www.europesays.com\/de\/wp-json\/wp\/v2\/media\/1267732"}],"wp:attachment":[{"href":"https:\/\/www.europesays.com\/de\/wp-json\/wp\/v2\/media?parent=1267731"}],"wp:term":[{"taxonomy":"category","embeddable":true,"href":"https:\/\/www.europesays.com\/de\/wp-json\/wp\/v2\/categories?post=1267731"},{"taxonomy":"post_tag","embeddable":true,"href":"https:\/\/www.europesays.com\/de\/wp-json\/wp\/v2\/tags?post=1267731"}],"curies":[{"name":"wp","href":"https:\/\/api.w.org\/{rel}","templated":true}]}}