{"id":1267756,"date":"2026-08-29T14:21:17","date_gmt":"2026-08-29T14:21:17","guid":{"rendered":"https:\/\/www.europesays.com\/de\/1267756\/"},"modified":"2026-08-29T14:21:17","modified_gmt":"2026-08-29T14:21:17","slug":"2-liga-heidenheim-ueberrollt-dynamo-dresden-auch-in-karlsruhe-gibt-es-ein-tor-spektakel","status":"publish","type":"post","link":"https:\/\/www.europesays.com\/de\/1267756\/","title":{"rendered":"2. Liga: Heidenheim \u00fcberrollt Dynamo Dresden \u2013 auch in Karlsruhe gibt es ein Tor-Spektakel"},"content":{"rendered":"<p>Am dritten Spieltag der 2. Liga kommt es zu spektakul\u00e4ren Partien. Dynamo Dresden und den Karlsruher SC erwischt es arg. Auch Aufsteiger Cottbus muss Lehrgeld zahlen.<\/p>\n<p class=\"c-inline-alert__description\">Klicken Sie hier, um sich Artikel von WELT in der Google-Suche bevorzugt anzeigen zu lassen.<\/p>\n<p class=\"is-first-paragraph\" data-external=\"Article.FirstParagraph\">In einer packenden Zweitliga-Partie mit drei Traumtoren und viel Tempo hat der VfL Wolfsburg seinen zweiten Ausw\u00e4rtssieg gefeiert. Beim Karlsruher SC siegte die Elf von Trainer Tobias Strobl 5:2 (3:2). Alexander Bernhardsson (10. Minute), Fabian Reese (28.\/90.+5), Vin\u00edcius Souza (45.+2) und Hauke Wahl (88.) trafen f\u00fcr die Niedersachsen. Shio Fukuda (7.) und Marvin Wanitzek (12.) erzielten die KSC-Tore vor 28.143 Fu\u00dfballfans im Wildpark.<\/p>\n<p>Vor allem die erste Halbzeit bot viel Spektakel, f\u00fcr das zun\u00e4chst der KSC sorgte. Dominant, spielfreudig und passsicher pr\u00e4sentierte sich die Elf von Coach Maximilian Senft. Die fr\u00fche F\u00fchrung durch Fukuda, der nach einem Ecksto\u00df per Kopf traf, war verdient. Wanitzek legte mit einem Traumtor in den Winkel zum 2:1 nach. Assistiert hatte dem KSC-Kapit\u00e4n der von Eintracht Frankfurt umworbene Louey Ben Farhat, der sein Startelfdeb\u00fct in dieser Saison gab und direkt zeigte, warum ihn der Bundesligaklub nach Hessen lotsen will.<\/p>\n<p>Pfiffe der KSC-Fans gegen Reese<\/p>\n<p>Bei den Wolfsburgern lief viel \u00fcber die linke Seite mit Reese. Die KSC-Fans, die eine Fanfreundschaft zu Reeses ehemaligem Klub Hertha BSC pflegen, pfiffen ihn bei nahezu jedem Ballkontakt aus. Der 28-J\u00e4hrige, 2017 beim KSC aktiv, nahm es \u00e4u\u00dferlich gelassen. Seine Flanke f\u00fchrte zum 1:1 durch Bernhardsson, das 2:2 erzielte er mit viel Wucht aus gut 25 Metern selbst. Eine Art Kopie war das ebenfalls traumhafte 2:3 durch Souza, wobei KSC-Torwart Hans Christian Bernat zweimal nicht ganz schuldlos wirkte.<\/p>\n<p>Nach dem Wechsel hielt Bernat seine Farben im Spiel, als er gegen Bernhardsson und Kento Shiogai stark parierte. Offensiv fanden die Karlsruher nun kaum noch L\u00fccken gegen eine wesentlich stabilere VfL-Defensive. Wanitzek vergab die einzig nennenswerte KSC-Chance in H\u00e4lfte zwei, bei der VfL-Torwart Jakub Zielinski aber zur Stelle war. Wahl und Reese machten in der Schlussphase alles klar.<\/p>\n<p>Heidenheim schie\u00dft Dresden ab<\/p>\n<p>Der 1. FC Heidenheim hat derweil einen Befreiungsschlag geschafft und Dynamo Dresden in einem wilden Duell mit 5:3 (0:1) besiegt. Die G\u00e4ste gingen zweimal in F\u00fchrung \u2013 sogar in Unterzahl. Nach einem kuriosen Eigentor der Dresdner drehten die Heidenheimer die Partie aber noch und holten nach zwei Pflichtspielniederlagen wieder drei wichtige Punkte.<\/p>\n<p>Vincent Vermeij brachte Dynamo in der 30. Minute in F\u00fchrung. Thomas D\u00e4hne, der im Heidenheimer Tor den Vorzug vor Frank Feller erhalten hatte, kam an den Kopfball des Niederl\u00e4nders nicht mehr heran. Nach der Pause steigerte sich der Bundesliga-Absteiger und glich durch Jan Sch\u00f6ppner aus (67.).<\/p>\n<p>Dann wurde es wild: Dresdens Thomas Keller (69.) sah f\u00fcr ein Foul Gelb-Rot, kurz darauf stellte Robert Wagner auf 2:1 f\u00fcr die Sachsen (73.). Heidenheim schlug in \u00dcberzahl aber zur\u00fcck. Friedrich M\u00fcller bugsierte den Ball im hohen Bogen ins eigene Tor (77.). In der Schlussphase trafen Oualid Mhamdi (87.), Julian Niehues (89.) und Maximilian Breunig (90.+1) innerhalb weniger Minuten f\u00fcr Heidenheim. Dann setzte Dresdens Jonas Sterner (90.+7) den Schlusspunkt.<\/p>\n<p>Die Heidenheimer hatten zuletzt 1:4 bei Hertha BSC und dann in der ersten DFB-Pokalrunde 2:5 beim Viertligaklub SSV Jeddeloh II verloren. Gegen Dresden zeigte das Team von Trainer Frank Schmidt nun aber Moral.<\/p>\n<p>Erster Saisonsieg f\u00fcr F\u00fcrth<\/p>\n<p>Ebenfalls gro\u00df ist der Jubel in Franken: Die SpVgg Greuther F\u00fcrth hat ihren ersten Sieg in der neuen Saison gefeiert. Beim 4:3 (1:1) bei Energie Cottbus sorgten ein Doppelschlag durch Felix Klaus (45.+3\/Foulelfmeter) und ein Eigentor von Fousseny Doumbia (46.) f\u00fcr die Wende. Ole Pohlmann (71.) und erneut Klaus zehn Minuten vor dem Ende der regul\u00e4ren Spielzeit stellten den Sieg sicher.<\/p>\n<p>Vor 13.171 Zuschauern hatte Lucas Copado die Gastgeber bereits nach sechs Minuten in F\u00fchrung gebracht. Der zur Halbzeit eingewechselte Tolcay Cigerci konnte noch einmal zum 2:2 ausgleichen (70.), doch im Gegenzug brachte Pohlmann die G\u00e4ste wieder in F\u00fchrung.<\/p>\n<p>Der \u00fcberragende Klaus mit seinem insgesamt f\u00fcnften Saisontreffer sorgte dann f\u00fcr die Entscheidung. Der Anschlusstreffer durch den von Union Berlin ausgeliehenen Dmytro Bogdanov (90.+4) kam zu sp\u00e4t.<\/p>\n<p>jwo mit dpa<\/p>\n","protected":false},"excerpt":{"rendered":"Am dritten Spieltag der 2. Liga kommt es zu spektakul\u00e4ren Partien. Dynamo Dresden und den Karlsruher SC erwischt&hellip;\n","protected":false},"author":2,"featured_media":1267757,"comment_status":"","ping_status":"","sticky":false,"template":"","format":"standard","meta":{"footnotes":"","_share_on_mastodon":"0"},"categories":[1844],"tags":[1634,3364,29,347,30,8903,3850,261895,45,931,82100],"class_list":["post-1267756","post","type-post","status-publish","format-standard","has-post-thumbnail","category-karlsruhe","tag-baden-wuerttemberg","tag-de","tag-deutschland","tag-fussball","tag-germany","tag-karlsruhe","tag-karlsruher-sc","tag-saison-2026-2027-fussball-bundesliga","tag-texttospeech","tag-vfl-wolfsburg","tag-zweite-bundesliga-geo-d-ks"],"share_on_mastodon":{"url":"https:\/\/pubeurope.com\/@de\/117179249399012055","error":""},"_links":{"self":[{"href":"https:\/\/www.europesays.com\/de\/wp-json\/wp\/v2\/posts\/1267756","targetHints":{"allow":["GET"]}}],"collection":[{"href":"https:\/\/www.europesays.com\/de\/wp-json\/wp\/v2\/posts"}],"about":[{"href":"https:\/\/www.europesays.com\/de\/wp-json\/wp\/v2\/types\/post"}],"author":[{"embeddable":true,"href":"https:\/\/www.europesays.com\/de\/wp-json\/wp\/v2\/users\/2"}],"replies":[{"embeddable":true,"href":"https:\/\/www.europesays.com\/de\/wp-json\/wp\/v2\/comments?post=1267756"}],"version-history":[{"count":0,"href":"https:\/\/www.europesays.com\/de\/wp-json\/wp\/v2\/posts\/1267756\/revisions"}],"wp:featuredmedia":[{"embeddable":true,"href":"https:\/\/www.europesays.com\/de\/wp-json\/wp\/v2\/media\/1267757"}],"wp:attachment":[{"href":"https:\/\/www.europesays.com\/de\/wp-json\/wp\/v2\/media?parent=1267756"}],"wp:term":[{"taxonomy":"category","embeddable":true,"href":"https:\/\/www.europesays.com\/de\/wp-json\/wp\/v2\/categories?post=1267756"},{"taxonomy":"post_tag","embeddable":true,"href":"https:\/\/www.europesays.com\/de\/wp-json\/wp\/v2\/tags?post=1267756"}],"curies":[{"name":"wp","href":"https:\/\/api.w.org\/{rel}","templated":true}]}}