{"id":1267773,"date":"2026-08-29T14:33:19","date_gmt":"2026-08-29T14:33:19","guid":{"rendered":"https:\/\/www.europesays.com\/de\/1267773\/"},"modified":"2026-08-29T14:33:19","modified_gmt":"2026-08-29T14:33:19","slug":"mangellage-bei-drohnen-im-westen-jaeger-russland-will-die-ukraine-unbewohnbar-machen","status":"publish","type":"post","link":"https:\/\/www.europesays.com\/de\/1267773\/","title":{"rendered":"Mangellage bei Drohnen im Westen?: J\u00e4ger: Russland will die Ukraine &#8222;unbewohnbar&#8220; machen"},"content":{"rendered":"<p>Mangellage bei Drohnen im Westen?J\u00e4ger: Russland will die Ukraine &#8222;unbewohnbar&#8220; machen29.08.2026, 15:41 Uhr<\/p>\n<p class=\"Typography_text-m__XI0da Typography_weight-normal__pqUbH\">Angriffe mit Drohnen und Raketen dominieren den Krieg in der Ukraine, dementsprechend hoch ist der Verbrauch auf beiden Seiten. Die Unterst\u00fctzer der Ukraine scheinen derweil an ihre Kapazit\u00e4tsgrenzen zu kommen, wie Politologe Thomas J\u00e4ger erkl\u00e4rt.<\/p>\n","protected":false},"excerpt":{"rendered":"Mangellage bei Drohnen im Westen?J\u00e4ger: Russland will die Ukraine &#8222;unbewohnbar&#8220; machen29.08.2026, 15:41 Uhr Angriffe mit Drohnen und Raketen&hellip;\n","protected":false},"author":2,"featured_media":1267774,"comment_status":"","ping_status":"","sticky":false,"template":"","format":"standard","meta":{"footnotes":"","_share_on_mastodon":"0"},"categories":[4013],"tags":[331,332,661,10068,13,33085,5020,929,14,15,4043,4044,850,307,12,317,3081],"class_list":["post-1267773","post","type-post","status-publish","format-standard","has-post-thumbnail","category-russland","tag-aktuelle-nachrichten","tag-aktuelle-news","tag-angriff-auf-die-ukraine","tag-drohnen","tag-headlines","tag-kampfdrohnen","tag-kreml","tag-kriege-und-konflikte","tag-nachrichten","tag-news","tag-russia","tag-russian-federation","tag-russische-foederation","tag-russland","tag-schlagzeilen","tag-ukraine","tag-ukraine-konflikt"],"share_on_mastodon":{"url":"https:\/\/pubeurope.com\/@de\/117179292290719517","error":""},"_links":{"self":[{"href":"https:\/\/www.europesays.com\/de\/wp-json\/wp\/v2\/posts\/1267773","targetHints":{"allow":["GET"]}}],"collection":[{"href":"https:\/\/www.europesays.com\/de\/wp-json\/wp\/v2\/posts"}],"about":[{"href":"https:\/\/www.europesays.com\/de\/wp-json\/wp\/v2\/types\/post"}],"author":[{"embeddable":true,"href":"https:\/\/www.europesays.com\/de\/wp-json\/wp\/v2\/users\/2"}],"replies":[{"embeddable":true,"href":"https:\/\/www.europesays.com\/de\/wp-json\/wp\/v2\/comments?post=1267773"}],"version-history":[{"count":0,"href":"https:\/\/www.europesays.com\/de\/wp-json\/wp\/v2\/posts\/1267773\/revisions"}],"wp:featuredmedia":[{"embeddable":true,"href":"https:\/\/www.europesays.com\/de\/wp-json\/wp\/v2\/media\/1267774"}],"wp:attachment":[{"href":"https:\/\/www.europesays.com\/de\/wp-json\/wp\/v2\/media?parent=1267773"}],"wp:term":[{"taxonomy":"category","embeddable":true,"href":"https:\/\/www.europesays.com\/de\/wp-json\/wp\/v2\/categories?post=1267773"},{"taxonomy":"post_tag","embeddable":true,"href":"https:\/\/www.europesays.com\/de\/wp-json\/wp\/v2\/tags?post=1267773"}],"curies":[{"name":"wp","href":"https:\/\/api.w.org\/{rel}","templated":true}]}}