{"id":1267790,"date":"2026-08-29T14:43:17","date_gmt":"2026-08-29T14:43:17","guid":{"rendered":"https:\/\/www.europesays.com\/de\/1267790\/"},"modified":"2026-08-29T14:43:17","modified_gmt":"2026-08-29T14:43:17","slug":"sprengstoff-drohne-aus-moskau-regierung-haelt-sich-bedeckt-nachrichten-aus-deutschland","status":"publish","type":"post","link":"https:\/\/www.europesays.com\/de\/1267790\/","title":{"rendered":"Sprengstoff-Drohne aus Moskau? &#8211; Regierung h\u00e4lt sich bedeckt &#8211; Nachrichten aus Deutschland"},"content":{"rendered":"<p>Berlin (dpa) &#8211; Die Bundesregierung will sich weiterhin nicht \u00f6ffentlich dazu \u00e4u\u00dfern, wer f\u00fcr den versuchten Anschlag mit einer Sprengstoff-Drohne am Flughafen Leipzig\/Halle verantwortlich ist. Auf Berichte von Medien des Springer-Verlags angesprochen, wonach die Regierung davon ausgeht, dass Russland hinter dem Vorfall steckt, sagte ein Regierungssprecher: \u00abDie Bundesregierung\u00a0beteiligt sich nicht an Spekulationen. Relevant ist allein die offizielle Zuordnung, die die Bundesregierung nach<\/p>\n","protected":false},"excerpt":{"rendered":"Berlin (dpa) &#8211; Die Bundesregierung will sich weiterhin nicht \u00f6ffentlich dazu \u00e4u\u00dfern, wer f\u00fcr den versuchten Anschlag mit&hellip;\n","protected":false},"author":2,"featured_media":1267791,"comment_status":"","ping_status":"","sticky":false,"template":"","format":"standard","meta":{"footnotes":"","_share_on_mastodon":"0"},"categories":[2],"tags":[331,3924,332,3922,1173,3364,29,30,13,1015,8221,4823,14,3923,15,3921,16,307,859,860,12],"class_list":["post-1267790","post","type-post","status-publish","format-standard","has-post-thumbnail","category-deutschland","tag-aktuelle-nachrichten","tag-aktuelle-nachrichten-aus-deutschland","tag-aktuelle-news","tag-aktuelle-news-aus-deutschland","tag-bundesregierung","tag-de","tag-deutschland","tag-germany","tag-headlines","tag-justiz","tag-konflikte","tag-meldung","tag-nachrichten","tag-nachrichten-aus-deutschland","tag-news","tag-news-aus-deutschland","tag-politik","tag-russland","tag-sachsen","tag-sachsen-anhalt","tag-schlagzeilen"],"share_on_mastodon":{"url":"https:\/\/pubeurope.com\/@de\/117179331768978128","error":""},"_links":{"self":[{"href":"https:\/\/www.europesays.com\/de\/wp-json\/wp\/v2\/posts\/1267790","targetHints":{"allow":["GET"]}}],"collection":[{"href":"https:\/\/www.europesays.com\/de\/wp-json\/wp\/v2\/posts"}],"about":[{"href":"https:\/\/www.europesays.com\/de\/wp-json\/wp\/v2\/types\/post"}],"author":[{"embeddable":true,"href":"https:\/\/www.europesays.com\/de\/wp-json\/wp\/v2\/users\/2"}],"replies":[{"embeddable":true,"href":"https:\/\/www.europesays.com\/de\/wp-json\/wp\/v2\/comments?post=1267790"}],"version-history":[{"count":0,"href":"https:\/\/www.europesays.com\/de\/wp-json\/wp\/v2\/posts\/1267790\/revisions"}],"wp:featuredmedia":[{"embeddable":true,"href":"https:\/\/www.europesays.com\/de\/wp-json\/wp\/v2\/media\/1267791"}],"wp:attachment":[{"href":"https:\/\/www.europesays.com\/de\/wp-json\/wp\/v2\/media?parent=1267790"}],"wp:term":[{"taxonomy":"category","embeddable":true,"href":"https:\/\/www.europesays.com\/de\/wp-json\/wp\/v2\/categories?post=1267790"},{"taxonomy":"post_tag","embeddable":true,"href":"https:\/\/www.europesays.com\/de\/wp-json\/wp\/v2\/tags?post=1267790"}],"curies":[{"name":"wp","href":"https:\/\/api.w.org\/{rel}","templated":true}]}}