{"id":1267806,"date":"2026-08-29T14:54:18","date_gmt":"2026-08-29T14:54:18","guid":{"rendered":"https:\/\/www.europesays.com\/de\/1267806\/"},"modified":"2026-08-29T14:54:18","modified_gmt":"2026-08-29T14:54:18","slug":"cdu-politiker-will-ki-sicherheitsinstitut-nach-dresden-holen","status":"publish","type":"post","link":"https:\/\/www.europesays.com\/de\/1267806\/","title":{"rendered":"CDU-Politiker will KI-Sicherheitsinstitut nach Dresden holen"},"content":{"rendered":"<p>\t<a href=\"https:\/\/www.europesays.com\/de\/wp-content\/uploads\/2026\/08\/Markus-Reichel.webp\"><img loading=\"lazy\" decoding=\"async\" class=\"size-full wp-image-198357\" src=\"https:\/\/www.europesays.com\/de\/wp-content\/uploads\/2026\/08\/Markus-Reichel.webp\" alt=\"Markus Reichel. Foto: Frank Gr\u00e4tz f\u00fcr Pressefotodatenbank Markus Reichel\" width=\"1200\" height=\"675\"  \/><\/a>Markus Reichel. Foto: Frank Gr\u00e4tz f\u00fcr Pressefotodatenbank Markus Reichel<br \/>\nBisher stehen f\u00fcr den Bund vor allem Berlin, Saarbr\u00fccken und M\u00fcnchen oben auf der Liste<\/p>\n<p><strong>Dresden<\/strong>, 29.08.26. Der Bund soll zumindest einen Teil seines geplanten KI-Sicherheitsinstituts in Dresden beziehungsweise Sachsen ansiedeln. Daf\u00fcr <a href=\"https:\/\/www.markus-reichel.de\/aktuelles\/2026\/wochenrueckblick-24-28-08-2026\" rel=\"nofollow noopener\" target=\"_blank\">pl\u00e4diert der Dresdner CDU-Bundestagsabgeordnete Markus Reichel<\/a> \u2013 und will sich in Berlin daf\u00fcr einsetzen.<\/p>\n<p>Reichel: Institut geh\u00f6rt ins Herz der europ\u00e4ischen Mikroelektronik<\/p>\n<p>\u201eWenn Deutschland ein KI-Sicherheitsinstitut von internationalem Rang aufbauen will, sollte es Dresden nicht \u00fcbersehen\u201c, betont der Politiker. \u201eWir haben hier nicht nur KI-Forschung, sondern das \u00d6kosystem, um Sicherheit von der Software bis zum Chip und bis in die industrielle Praxis zu denken.\u201c Entscheidend f\u00fcr die Standortentscheidung d\u00fcrfte allerdings auch die Verf\u00fcgbarkeit von Experten f\u00fcr KI-Technologien und Cybersicherheit sein \u2013 <a href=\"https:\/\/oiger.de\/2026\/06\/09\/bitkom-neues-ki-sicherheitsinstitut-braucht-viel-geld-und-spitzenleute\/197778\" rel=\"nofollow noopener\" target=\"_blank\">darauf hatte bereits der deutsche Branchenverband \u201eBitkom\u201c hingewiesen<\/a>.<\/p>\n<p>Politiker weltweit machen sich Sorgen \u00fcber Angriffsf\u00e4higkeiten moderner KIs<\/p>\n<p>Hintergrund: Angesichts der zuletzt sehr dynamischen Entwicklung \u201eK\u00fcnstlicher Intelligenzen\u201c (KIs), gro\u00dfer Sprachmodelle (LLM) sowie damit verbundener neuer Chancen und Risiken f\u00fcr Wirtschaft, Cyberangriffe, Spionage und Effizienzgewinne will die Bundesregierung nach dem Vorbild anderer Staaten ein eigens KI-Sicherheitsinstitut aufbauen. Neudeutsch soll es \u201edeutsches AI Security Institute\u201c (DE-AISI) hei\u00dfen und f\u00fcr staatliche Stellen die F\u00e4higkeiten und Risiken neuer KIs insbesondere aus den USA, China und anderen L\u00e4ndern analysieren. Den Bedarf an solchen Analysen hatte zuletzt das De-facto-Verbot einer neuen KI-Version von \u201eAnthropic\u201c durch die US-Regierung f\u00fcr alle Ausl\u00e4nder noch einmal deutlich gemacht. Die Trump-Administration hatte das tempor\u00e4re Embargo mit den besonderen Cyberangriffs-F\u00e4higkeiten der KI begr\u00fcndet.<\/p>\n<blockquote>\n<p><strong>\u201eKI-Sicherheit ist mehr als die Sicherheit eines Sprachmodells.\u201c<br \/><\/strong>Bundestagsabgeordneter Markus Reichel<\/p>\n<\/blockquote>\n<p>Als Standorte f\u00fcr das deutsche Institut stehen vor allem Berlin \u2013 wegen der N\u00e4he zu den Bundesbeh\u00f6rden \u2013 sowie Saarbr\u00fccken und M\u00fcnchen zur Debatte. Diese Standortdiskussion wollen Reichel und andere s\u00e4chsische Politiker nun in Richtung Dresden drehen. \u201eKI-Sicherheit ist mehr als die Sicherheit eines Sprachmodells. Sie reicht von Daten und Software \u00fcber Kommunikationssysteme bis zur Hardware\u201c, argumentiert der Mathematiker und Politiker. \u201eWer technologische Souver\u00e4nit\u00e4t ernst meint, muss diese gesamte Kette betrachten. Genau diese Verbindung kann Dresden wie kaum ein anderer Standort in Deutschland bieten.\u201c<\/p>\n<p>Autor: <a href=\"https:\/\/oiger.de\/heiko-weckbrodt\" rel=\"nofollow noopener\" target=\"_blank\">Heiko Weckbrodt<\/a><\/p>\n<p>Quellen: Markus Reichel, Oiger-Archiv<\/p>\n","protected":false},"excerpt":{"rendered":"Markus Reichel. Foto: Frank Gr\u00e4tz f\u00fcr Pressefotodatenbank Markus Reichel Bisher stehen f\u00fcr den Bund vor allem Berlin, Saarbr\u00fccken&hellip;\n","protected":false},"author":2,"featured_media":1267807,"comment_status":"","ping_status":"","sticky":false,"template":"","format":"standard","meta":{"footnotes":"","_share_on_mastodon":"0"},"categories":[1835],"tags":[296,31,15731,3364,261902,29,2386,30,261903,1256,261904,859],"class_list":["post-1267806","post","type-post","status-publish","format-standard","has-post-thumbnail","category-dresden","tag-berlin","tag-cdu","tag-cybersecurity","tag-de","tag-de-aisi","tag-deutschland","tag-dresden","tag-germany","tag-ki-sicherheitsinstitut","tag-kuenstliche-intelligenz","tag-markus-reichel","tag-sachsen"],"share_on_mastodon":{"url":"https:\/\/pubeurope.com\/@de\/117179376898112789","error":""},"_links":{"self":[{"href":"https:\/\/www.europesays.com\/de\/wp-json\/wp\/v2\/posts\/1267806","targetHints":{"allow":["GET"]}}],"collection":[{"href":"https:\/\/www.europesays.com\/de\/wp-json\/wp\/v2\/posts"}],"about":[{"href":"https:\/\/www.europesays.com\/de\/wp-json\/wp\/v2\/types\/post"}],"author":[{"embeddable":true,"href":"https:\/\/www.europesays.com\/de\/wp-json\/wp\/v2\/users\/2"}],"replies":[{"embeddable":true,"href":"https:\/\/www.europesays.com\/de\/wp-json\/wp\/v2\/comments?post=1267806"}],"version-history":[{"count":0,"href":"https:\/\/www.europesays.com\/de\/wp-json\/wp\/v2\/posts\/1267806\/revisions"}],"wp:featuredmedia":[{"embeddable":true,"href":"https:\/\/www.europesays.com\/de\/wp-json\/wp\/v2\/media\/1267807"}],"wp:attachment":[{"href":"https:\/\/www.europesays.com\/de\/wp-json\/wp\/v2\/media?parent=1267806"}],"wp:term":[{"taxonomy":"category","embeddable":true,"href":"https:\/\/www.europesays.com\/de\/wp-json\/wp\/v2\/categories?post=1267806"},{"taxonomy":"post_tag","embeddable":true,"href":"https:\/\/www.europesays.com\/de\/wp-json\/wp\/v2\/tags?post=1267806"}],"curies":[{"name":"wp","href":"https:\/\/api.w.org\/{rel}","templated":true}]}}