{"id":1267830,"date":"2026-08-29T15:07:21","date_gmt":"2026-08-29T15:07:21","guid":{"rendered":"https:\/\/www.europesays.com\/de\/1267830\/"},"modified":"2026-08-29T15:07:21","modified_gmt":"2026-08-29T15:07:21","slug":"fc-bayern-beim-51-gegen-stuttgart-mutig-kopiert-ist-schon-verloren-sport","status":"publish","type":"post","link":"https:\/\/www.europesays.com\/de\/1267830\/","title":{"rendered":"FC Bayern beim 5:1 gegen Stuttgart: Mutig kopiert ist schon verloren &#8211; Sport"},"content":{"rendered":"<p data-manual=\"paragraph\" data-schema-org-speakable=\"true\" class=\"css-1ygz9cx\">Heimlich anwesend m\u00fcsste einer sein oder zumindest Zugriff auf eine versteckte Kamera haben, wenn Vincent Kompany nach einem Kantersieg wie jenem am Freitagabend gegen den VfB Stuttgart in die Kabine schreitet, um eine Ansprache zu halten. Es br\u00e4uchte die versteckte Kamera nicht, um die Betriebsgeheimnisse einer Fu\u00dfballmannschaft auszuspionieren. Sondern, um zu begreifen, wie ein Mann, den Harry Kane \u201ethe Boss\u201c nennt, es hinbekommt, andere Menschen auch Tage sp\u00e4ter wieder zur aufopferungsvollen Verrichtung ihrer T\u00e4tigkeit zu motivieren, wenn deren Verstand l\u00e4ngst vorschreiben m\u00fcsste, die F\u00fc\u00dfe hochzulegen und Kalorien zu sparen.<\/p>\n","protected":false},"excerpt":{"rendered":"Heimlich anwesend m\u00fcsste einer sein oder zumindest Zugriff auf eine versteckte Kamera haben, wenn Vincent Kompany nach einem&hellip;\n","protected":false},"author":2,"featured_media":1267831,"comment_status":"","ping_status":"","sticky":false,"template":"","format":"standard","meta":{"footnotes":"","_share_on_mastodon":"0"},"categories":[1830],"tags":[1634,299,3364,29,458,347,30,148,265,1441,149],"class_list":["post-1267830","post","type-post","status-publish","format-standard","has-post-thumbnail","category-stuttgart","tag-baden-wuerttemberg","tag-bundesliga","tag-de","tag-deutschland","tag-fc-bayern-muenchen","tag-fussball","tag-germany","tag-leserdiskussion","tag-sport","tag-stuttgart","tag-sueddeutsche-zeitung"],"share_on_mastodon":{"url":"https:\/\/pubeurope.com\/@de\/117179426014047539","error":""},"_links":{"self":[{"href":"https:\/\/www.europesays.com\/de\/wp-json\/wp\/v2\/posts\/1267830","targetHints":{"allow":["GET"]}}],"collection":[{"href":"https:\/\/www.europesays.com\/de\/wp-json\/wp\/v2\/posts"}],"about":[{"href":"https:\/\/www.europesays.com\/de\/wp-json\/wp\/v2\/types\/post"}],"author":[{"embeddable":true,"href":"https:\/\/www.europesays.com\/de\/wp-json\/wp\/v2\/users\/2"}],"replies":[{"embeddable":true,"href":"https:\/\/www.europesays.com\/de\/wp-json\/wp\/v2\/comments?post=1267830"}],"version-history":[{"count":0,"href":"https:\/\/www.europesays.com\/de\/wp-json\/wp\/v2\/posts\/1267830\/revisions"}],"wp:featuredmedia":[{"embeddable":true,"href":"https:\/\/www.europesays.com\/de\/wp-json\/wp\/v2\/media\/1267831"}],"wp:attachment":[{"href":"https:\/\/www.europesays.com\/de\/wp-json\/wp\/v2\/media?parent=1267830"}],"wp:term":[{"taxonomy":"category","embeddable":true,"href":"https:\/\/www.europesays.com\/de\/wp-json\/wp\/v2\/categories?post=1267830"},{"taxonomy":"post_tag","embeddable":true,"href":"https:\/\/www.europesays.com\/de\/wp-json\/wp\/v2\/tags?post=1267830"}],"curies":[{"name":"wp","href":"https:\/\/api.w.org\/{rel}","templated":true}]}}