{"id":1267858,"date":"2026-08-29T15:23:27","date_gmt":"2026-08-29T15:23:27","guid":{"rendered":"https:\/\/www.europesays.com\/de\/1267858\/"},"modified":"2026-08-29T15:23:27","modified_gmt":"2026-08-29T15:23:27","slug":"berlin-motorradfahrer-stirbt-nach-unfall-auf-a111","status":"publish","type":"post","link":"https:\/\/www.europesays.com\/de\/1267858\/","title":{"rendered":"Berlin: Motorradfahrer stirbt nach Unfall auf A111"},"content":{"rendered":"<p>            <img loading=\"lazy\" decoding=\"async\" class=\"ts-image\" src=\"https:\/\/www.europesays.com\/de\/wp-content\/uploads\/2026\/08\/rbb-414886474-absperrband-100.jpg\" alt=\"Absperrband vor einem Polizei Auto mit Blaulicht. (Quelle: dpa\/CHROMORANGE)\" title=\"414886474 Absperrband  | dpa\/CHROMORANGE\"\/><\/p>\n<p class=\"metatextline\">Stand: 29.08.2026 \u2022 17:15 Uhr<\/p>\n<p class=\"textabsatz m-ten m-offset-one l-eight l-offset-two columns twelve\">Ein Motorradfahrer ist knapp zwei Tage nach einem schweren Unfall auf der Autobahn 111 in Berlin-Heiligensee seinen Verletzungen erlegen. Der 34-J\u00e4hrige ist am Donnerstagnachmittag in einem Krankenhaus gestorben, teilte die Polizei mit. Der Mann war am Mittwochabend gegen 19:15 Uhr auf der linken Spur der Autobahn 111 unterwegs, als er in H\u00f6he der Anschlussstelle Schulzendorfer Stra\u00dfe sein Motorrad stark beschleunigt und dabei die Kontrolle \u00fcber die Maschine verloren haben soll. Er sei daraufhin gegen die linke Seite eines vor ihm fahrenden Pkw geprallt und durch den Zusammensto\u00df ins Schlingern geraten. Der 34-J\u00e4hrige soll in der Folge samt Maschine gegen die Mittelleitplanke geprallt und anschlie\u00dfend auf die Fahrbahn gest\u00fcrzt sein. Dabei erlitt er schwerste Verletzungen an Kopf und Beinen und wurde in ein Krankenhaus gebracht. Der Fahrer des Pkw blieb unverletzt.<\/p>\n<p class=\"textabsatz m-ten m-offset-one l-eight l-offset-two columns twelve\">Sendung: rbb|24, 29.08.2026, Audio: rbb|24, 29.08.2026, Roberto Jurkschat<\/p>\n<p>                                        <a class=\"backlink__link\" href=\"https:\/\/www.rbb24.de\/panorama\/beitrag\/2026\/08\/motorradfahrer-unfall-a111-autobahn-berlin.html\" rel=\"nofollow noopener\" target=\"_blank\"><\/p>\n<p>                                                <img decoding=\"async\" src=\"https:\/\/images.tagesschau.de\/image\/898f19c3-6760-4be2-a33f-1fa765216ec2\/AAABlap_olM\/AAABnR8VW9w\/original\/lra-rbb-logo-100.svg\" alt=\"Rundfunk Berlin-Brandenburg\"\/><\/p>\n<p>                                        <\/a><\/p>\n","protected":false},"excerpt":{"rendered":"Stand: 29.08.2026 \u2022 17:15 Uhr Ein Motorradfahrer ist knapp zwei Tage nach einem schweren Unfall auf der Autobahn&hellip;\n","protected":false},"author":2,"featured_media":1267859,"comment_status":"","ping_status":"","sticky":false,"template":"","format":"standard","meta":{"footnotes":"","_share_on_mastodon":"0"},"categories":[1825],"tags":[296,29,30,2239],"class_list":["post-1267858","post","type-post","status-publish","format-standard","has-post-thumbnail","category-berlin","tag-berlin","tag-deutschland","tag-germany","tag-rbb"],"share_on_mastodon":{"url":"https:\/\/pubeurope.com\/@de\/117179490752269156","error":""},"_links":{"self":[{"href":"https:\/\/www.europesays.com\/de\/wp-json\/wp\/v2\/posts\/1267858","targetHints":{"allow":["GET"]}}],"collection":[{"href":"https:\/\/www.europesays.com\/de\/wp-json\/wp\/v2\/posts"}],"about":[{"href":"https:\/\/www.europesays.com\/de\/wp-json\/wp\/v2\/types\/post"}],"author":[{"embeddable":true,"href":"https:\/\/www.europesays.com\/de\/wp-json\/wp\/v2\/users\/2"}],"replies":[{"embeddable":true,"href":"https:\/\/www.europesays.com\/de\/wp-json\/wp\/v2\/comments?post=1267858"}],"version-history":[{"count":0,"href":"https:\/\/www.europesays.com\/de\/wp-json\/wp\/v2\/posts\/1267858\/revisions"}],"wp:featuredmedia":[{"embeddable":true,"href":"https:\/\/www.europesays.com\/de\/wp-json\/wp\/v2\/media\/1267859"}],"wp:attachment":[{"href":"https:\/\/www.europesays.com\/de\/wp-json\/wp\/v2\/media?parent=1267858"}],"wp:term":[{"taxonomy":"category","embeddable":true,"href":"https:\/\/www.europesays.com\/de\/wp-json\/wp\/v2\/categories?post=1267858"},{"taxonomy":"post_tag","embeddable":true,"href":"https:\/\/www.europesays.com\/de\/wp-json\/wp\/v2\/tags?post=1267858"}],"curies":[{"name":"wp","href":"https:\/\/api.w.org\/{rel}","templated":true}]}}