{"id":1267860,"date":"2026-08-29T15:24:20","date_gmt":"2026-08-29T15:24:20","guid":{"rendered":"https:\/\/www.europesays.com\/de\/1267860\/"},"modified":"2026-08-29T15:24:20","modified_gmt":"2026-08-29T15:24:20","slug":"von-nuernberg-ueber-beyonce-nach-hollywood-jaime-lee-kirchner-wurde-zum-star","status":"publish","type":"post","link":"https:\/\/www.europesays.com\/de\/1267860\/","title":{"rendered":"Von N\u00fcrnberg \u00fcber Beyonc\u00e9 nach Hollywood: Jaime Lee Kirchner wurde zum Star"},"content":{"rendered":"<p>Sie tanze f\u00fcr Beyonc\u00e9 <\/p>\n<p>Dieser US-Serienstar wurde in N\u00fcrnberg geboren<\/p>\n<p>29.08.2026 &#8211; 16:16 UhrLesedauer: 2 Min.<\/p>\n<p><a href=\"#focus-0\" class=\"transition-colors block text-current relative\" data-sctrack=\"FocusGalleryImage.Reference\"><img fetchpriority=\"high\" data-testid=\"Opener.Image\"   loading=\"eager\" src=\"https:\/\/www.europesays.com\/de\/wp-content\/uploads\/2026\/08\/cbs-upfront-presentation-2016-may-18-2016-new-york-ny-usa-may-18-2016-new-york-city-jaime-lee-kirchn.jpeg\" alt=\"imago images 0835489693\" title=\"imago images 0835489693\" width=\"1624\" height=\"914\" class=\"bg-[url:var(--lqipURL)] bg-cover bg-center flex h-full w-full max-w-full\" style=\"--lqipURL:url('https:\/\/images.t-online.de\/2026\/08\/HhXXqHEa4Brr\/426x94:1624x914\/fit-in\/150x0\/filters:blur(25)\/cbs-upfront-presentation-2016-may-18-2016-new-york-ny-usa-may-18-2016-new-york-city-jaime-lee-kirchner-attending-the-2016-cbs-upfront-at-oak-room-on-may-18-2016-in-new-york-city-copyright-xkristinxcallahanx.jpg')\" decoding=\"async\"\/><img loading=\"lazy\" src=\"https:\/\/nuernberg.t-online.de\/s\/paper\/_next\/static\/media\/zoom-in.f7dae02f.svg\" alt=\"Vergr\u00f6\u00dfern des Bildes\" title=\"Vergr\u00f6\u00dfern des Bildes\" class=\"block h-[calc(var(--height)_\/_16_*_1rem)] w-[calc(var(--width)_\/_16_*_1rem)] max-w-none absolute right-8 bottom-8 rounded-4 bg-snow p-8\" style=\"--width:32;--height:32\" decoding=\"async\"\/><\/a><\/p>\n<p>Jaime Lee Kirchner (Archivbild): Lange blieb sie allerdings nicht in Deutschland. (Quelle: IMAGO\/Kristin Callahan\/imago)<\/p>\n<p><img loading=\"lazy\" src=\"https:\/\/nuernberg.t-online.de\/s\/paper\/_next\/static\/media\/audio-volume.6689034c.svg\" alt=\"\" title=\"\" class=\"block h-[calc(var(--height)_\/_16_*_1rem)] w-[calc(var(--width)_\/_16_*_1rem)] max-w-none group-hover:brightness-0 group-hover:invert\" style=\"--width:16;--height:16\" decoding=\"async\"\/>Vorlesen<\/p>\n<p>Aktuelle Zeit:0:00Gesamtdauer:0:00<\/p>\n<p>1x<img loading=\"lazy\" src=\"https:\/\/nuernberg.t-online.de\/s\/paper\/_next\/static\/media\/font-sizes.32942e33.svg\" alt=\"\" title=\"\" class=\"block h-[calc(var(--height)_\/_16_*_1rem)] w-[calc(var(--width)_\/_16_*_1rem)] max-w-none group-hover:hidden group-aria-expanded:hidden\" style=\"--width:16;--height:16\" decoding=\"async\"\/><img loading=\"lazy\" src=\"https:\/\/nuernberg.t-online.de\/s\/paper\/_next\/static\/media\/font-sizes-dark-mode.e382645c.svg\" alt=\"\" title=\"\" class=\"block h-[calc(var(--height)_\/_16_*_1rem)] w-[calc(var(--width)_\/_16_*_1rem)] max-w-none hidden group-hover:block group-aria-expanded:block\" style=\"--width:16;--height:16\" decoding=\"async\"\/><img loading=\"lazy\" src=\"https:\/\/nuernberg.t-online.de\/s\/paper\/_next\/static\/media\/sharing-menu-icon.1eb71368.svg\" alt=\"\" title=\"\" class=\"block h-[calc(var(--height)_\/_16_*_1rem)] w-[calc(var(--width)_\/_16_*_1rem)] max-w-none group-hover:brightness-0 group-hover:invert\" style=\"--width:16;--height:16\" decoding=\"async\"\/>Artikel teilen<\/p>\n<p class=\"font-bold text-18 leading-17 user-text-lg:text-22 user-text-xl:text-24\">Millionen Zuschauer kennen Jaime Lee Kirchner aus der US-Serie &#8222;Bull&#8220;. Was viele nicht wissen: Die Schauspielerin kam in N\u00fcrnberg zur Welt.<\/p>\n<p class=\"text-18 leading-17 user-text-lg:text-22 user-text-xl:text-24\">Wer Jaime Lee Kirchner aus der US-Serie &#8222;Bull&#8220; kennt, d\u00fcrfte ihren Namen kaum mit N\u00fcrnberg verbinden. Tats\u00e4chlich begann die Geschichte der Schauspielerin aber in Franken: Kirchner wurde am 23. August 1981 in N\u00fcrnberg geboren. Vergangenen Sonntag feiert sie ihren 45. Geburtstag.<\/p>\n<p class=\"text-18 leading-17 user-text-lg:text-22 user-text-xl:text-24\">Lange blieb sie allerdings nicht in Deutschland. Kirchner wuchs im US-Bundesstaat Tennessee in Clarksville auf und schlug schon fr\u00fch den Weg auf die B\u00fchne ein. Bereits als Jugendliche nahm sie an Vorsprechen teil, sp\u00e4ter studierte sie an der renommierten Tisch School of the Arts der New York University.<\/p>\n<p>Noch vor ihrer TV-Karriere tanzte sie f\u00fcr Beyonc\u00e9<\/p>\n<p class=\"text-18 leading-17 user-text-lg:text-22 user-text-xl:text-24\">Bevor Kirchner einem Millionenpublikum als Schauspielerin bekannt wurde, f\u00fchrte ihr Weg zu einem anderen Weltstar: 2002 war sie als T\u00e4nzerin im Musikvideo zu Beyonc\u00e9s Song &#8222;Work It Out&#8220; zu sehen.<\/p>\n<p>Empfohlener externer InhaltYoutube<\/p>\n<p class=\"text-14 leading-15\">Wir ben\u00f6tigen Ihre Einwilligung, um den von unserer Redaktion eingebundenen Youtube-Inhalt anzuzeigen. Sie k\u00f6nnen diesen (und damit auch alle weiteren Youtube-Inhalte auf t-online.de) mit einem Klick anzeigen lassen und auch wieder deaktivieren.<\/p>\n<p>Youtube-Inhalte immer anzeigen<\/p>\n<p>Ich bin damit einverstanden, dass mir externe Inhalte angezeigt werden. Damit k\u00f6nnen personenbezogene Daten an Drittplattformen \u00fcbermittelt werden. <a href=\"https:\/\/www.t-online.de\/datenschutz\/id_88397036\/index#17-externe-inhalte\" target=\"_blank\" class=\"transition-colors text-magenta\" rel=\"nofollow noopener\">Mehr dazu in unseren Datenschutzhinweisen<\/a>.<\/p>\n<p class=\"text-18 leading-17 user-text-lg:text-22 user-text-xl:text-24\">Danach gelang ihr der Sprung ins professionelle Schauspielgesch\u00e4ft. Kirchner spielte unter anderem im Musical &#8222;Rent&#8220; und \u00fcbernahm Rollen in verschiedenen US-Produktionen. Zu sehen war sie etwa in &#8222;CSI: Den T\u00e4tern auf der Spur&#8220;, &#8222;Dollhouse&#8220;, &#8222;Mercy&#8220; und &#8222;The Mob Doctor&#8220;. Ihre bekannteste Rolle folgte schlie\u00dflich 2016.<\/p>\n<p><a href=\"#focus-1\" class=\"transition-colors block text-current relative\" data-sctrack=\"FocusGalleryImage.Reference\"><img   loading=\"lazy\" src=\"https:\/\/www.europesays.com\/de\/wp-content\/uploads\/2026\/08\/casat-of-bull-chris-jackson-annabelle-attanasio-geneve-carr-michael-weatherly-jaime-lee-kirchner-and.jpeg\" alt=\"imago images 0444790558\" title=\"imago images 0444790558\" width=\"3000\" height=\"1688\" class=\"h-full w-full max-w-full rounded-8\" decoding=\"async\"\/><img loading=\"lazy\" src=\"https:\/\/nuernberg.t-online.de\/s\/paper\/_next\/static\/media\/zoom-in.f7dae02f.svg\" alt=\"Vergr\u00f6\u00dfern des Bildes\" title=\"Vergr\u00f6\u00dfern des Bildes\" class=\"block h-[calc(var(--height)_\/_16_*_1rem)] w-[calc(var(--width)_\/_16_*_1rem)] max-w-none absolute right-8 bottom-8 rounded-4 bg-snow p-8\" style=\"--width:32;--height:32\" decoding=\"async\"\/>Der Cast von &#8222;Bull&#8220;: (v.l.) Chris Jackson, Annabelle Attanasio, Geneve Carr, Michael Weatherly, Jaime Lee Kirchner und Freddy Rodriguez. (Quelle: IMAGO\/Robin Platzer\/Twin Images \/ Avalon\/imago)<\/a><\/p>\n<p>Als Danny James wurde die geb\u00fcrtige N\u00fcrnbergerin bekannt<\/p>\n<p class=\"text-18 leading-17 user-text-lg:text-22 user-text-xl:text-24\">Sechs Staffeln lang geh\u00f6rte Kirchner zum festen Ensemble der CBS-Serie &#8222;Bull&#8220;. Als Ermittlerin Danielle &#8222;Danny&#8220; James arbeitete ihre Figur im Team des von Michael Weatherly gespielten Psychologen Jason Bull. Insgesamt war Kirchner von 2016 bis zum Serienende 2022 in der Produktion zu sehen.<\/p>\n<p class=\"text-18 leading-17 user-text-lg:text-22 user-text-xl:text-24\">Dass die Schauspielerin ihre ersten Lebensspuren ausgerechnet in Franken hinterlie\u00df, d\u00fcrfte selbst manchen Fans der Serie unbekannt sein. In den \u00fcblichen US-Biografien wird als Geburtsland h\u00e4ufig lediglich Deutschland angegeben. Andere biografische Quellen nennen N\u00fcrnberg ausdr\u00fccklich als ihren Geburtsort.<\/p>\n","protected":false},"excerpt":{"rendered":"Sie tanze f\u00fcr Beyonc\u00e9 Dieser US-Serienstar wurde in N\u00fcrnberg geboren 29.08.2026 &#8211; 16:16 UhrLesedauer: 2 Min. Jaime Lee&hellip;\n","protected":false},"author":2,"featured_media":1267861,"comment_status":"","ping_status":"","sticky":false,"template":"","format":"standard","meta":{"footnotes":"","_share_on_mastodon":"0"},"categories":[1776],"tags":[722,1801,261913,29,214,4348,30,261910,261911,261912,260128,3783,1802,215],"class_list":["post-1267860","post","type-post","status-publish","format-standard","has-post-thumbnail","category-prominente","tag-722","tag-celebrities","tag-clarksville","tag-deutschland","tag-entertainment","tag-franken","tag-germany","tag-jaime-lee","tag-jason-bull","tag-michael-weatherly","tag-new-york-university","tag-nuernberg","tag-prominente","tag-unterhaltung"],"share_on_mastodon":{"url":"https:\/\/pubeurope.com\/@de\/117179493821020899","error":""},"_links":{"self":[{"href":"https:\/\/www.europesays.com\/de\/wp-json\/wp\/v2\/posts\/1267860","targetHints":{"allow":["GET"]}}],"collection":[{"href":"https:\/\/www.europesays.com\/de\/wp-json\/wp\/v2\/posts"}],"about":[{"href":"https:\/\/www.europesays.com\/de\/wp-json\/wp\/v2\/types\/post"}],"author":[{"embeddable":true,"href":"https:\/\/www.europesays.com\/de\/wp-json\/wp\/v2\/users\/2"}],"replies":[{"embeddable":true,"href":"https:\/\/www.europesays.com\/de\/wp-json\/wp\/v2\/comments?post=1267860"}],"version-history":[{"count":0,"href":"https:\/\/www.europesays.com\/de\/wp-json\/wp\/v2\/posts\/1267860\/revisions"}],"wp:featuredmedia":[{"embeddable":true,"href":"https:\/\/www.europesays.com\/de\/wp-json\/wp\/v2\/media\/1267861"}],"wp:attachment":[{"href":"https:\/\/www.europesays.com\/de\/wp-json\/wp\/v2\/media?parent=1267860"}],"wp:term":[{"taxonomy":"category","embeddable":true,"href":"https:\/\/www.europesays.com\/de\/wp-json\/wp\/v2\/categories?post=1267860"},{"taxonomy":"post_tag","embeddable":true,"href":"https:\/\/www.europesays.com\/de\/wp-json\/wp\/v2\/tags?post=1267860"}],"curies":[{"name":"wp","href":"https:\/\/api.w.org\/{rel}","templated":true}]}}