{"id":1267874,"date":"2026-08-29T15:33:23","date_gmt":"2026-08-29T15:33:23","guid":{"rendered":"https:\/\/www.europesays.com\/de\/1267874\/"},"modified":"2026-08-29T15:33:23","modified_gmt":"2026-08-29T15:33:23","slug":"runder-bauch-voller-korb-jeanette-biedermanns-suesser-vitamin-einkauf-unterhaltung","status":"publish","type":"post","link":"https:\/\/www.europesays.com\/de\/1267874\/","title":{"rendered":"Runder Bauch, voller Korb: Jeanette Biedermanns s\u00fc\u00dfer Vitamin-Einkauf | Unterhaltung"},"content":{"rendered":"<p><a class=\"skip-content skip-content--link\" href=\"#in-content-skip-link-target-v-0-0\">TTS-Player \u00fcberspringen\u21b5<\/a><a id=\"in-content-skip-link-target-v-0-0\" class=\"skip-content--target-link-hidden skip-content skip-content--target-link\" href=\"#in-content-skip-link-target-v-0-0\">Artikel weiterlesen<\/a><\/p>\n<p>Berlin \u2013<b> Es sind diese ganz normalen Momente, die pl\u00f6tzlich etwas ganz Besonderes werden. Ein letzter Einkauf auf dem Markt. Frisches Obst, frisches Gem\u00fcse und die Gewissheit: Schon bald wird nichts mehr sein wie vorher.<\/b><\/p>\n<p><a href=\"https:\/\/www.bild.de\/themen\/specials\/popstars\/unterhaltung-nachrichten-news-fotos-videos-16993336.bild.html\" class=\"text-link\" rel=\"nofollow noopener\" target=\"_blank\">Popstar<\/a><a href=\"https:\/\/www.bild.de\/unterhaltung\/stars-und-leute\/jeanette-biedermann-im-steckbrief-sie-strahlt-jetzt-mit-babybauch-640706a6ada7701438499343\" class=\"text-link\" rel=\"nofollow noopener\" target=\"_blank\">Jeanette Biedermann<\/a> (46) steht kurz vor dem gr\u00f6\u00dften Gl\u00fcck ihres Lebens. Die S\u00e4ngerin erwartet ihr erstes Kind. Jetzt verr\u00e4t ein neuer Instagram-Post: Das Warten geht in die allerletzte Runde. Zu einem Foto von ihrem Marktbesuch schreibt sie: \u201eJetzt kann es wirklich jeden Tag so weit sein. Deshalb habe ich mich auf dem Markt nochmal mit frischem <a href=\"https:\/\/www.bild.de\/themen\/specials\/obst\/obst-fruechte-ratgeber-nachrichten-news-fotos-videos-19832408.bild.html\" class=\"text-link\" rel=\"nofollow noopener\" target=\"_blank\">Obst<\/a> und Gem\u00fcse eingedeckt.\u201c Viel deutlicher kann eine werdende Mama wohl kaum sagen: Wir sind bereit!<\/p>\n<p><img decoding=\"async\" width=\"992\" height=\"1499\" alt=\"Vitamine f\u00fcr zwei: Biedermann war im passenden Kleid einkaufen\" loading=\"lazy\" src=\"https:\/\/www.europesays.com\/de\/wp-content\/uploads\/2026\/08\/3ba5b8e95ab418d3f47a441a5956df7b,71f0d10c.jpeg\"   class=\"dynamic\"\/><\/p>\n<p class=\"fig__caption__text\">Vitamine f\u00fcr zwei: Biedermann war im passenden Kleid einkaufen<\/p>\n<p>Foto: Jeanette Biedermann<\/p>\n<p>Jeanette Biedermann ist bereit<\/p>\n<p>Bereit sind nicht nur die Eink\u00e4ufe. Bereit ist auch Jeanette selbst. Seit Wochen strahlt die S\u00e4ngerin eine tiefe Ruhe und Zufriedenheit aus. Auf einem k\u00fcrzlich ver\u00f6ffentlichten Foto sitzt sie ungeschminkt vor dem kleinen Babybettchen, das Gesicht voller Vorfreude. \u201eWir warten gespannt auf unseren kleinen Schatz, auf unser Geschenk!\u201c, schrieb sie damals. Ihr gehe es \u201esehr gut\u201c und ihrem Baby auch.<\/p>\n<p>F\u00fcr Jeanette geht damit ein Traum in Erf\u00fcllung, den sie seit Jahrzehnten in sich tr\u00e4gt. Schon 2003 erz\u00e4hlte sie: \u201eIch w\u00fcrde gern Mama werden.\u201c Jetzt, mehr als 20 Jahre sp\u00e4ter, wartet sie mit ihrem Partner Sebastian auf die Geburt ihres ersten Kindes.<\/p>\n<p><img decoding=\"async\" width=\"992\" height=\"1304\" alt=\"Der liebevoll gestaltete Stubenwagen mit einem Schmetterlings-Mobile steht bereit f\u00fcr das Baby\" loading=\"lazy\" src=\"https:\/\/www.europesays.com\/de\/wp-content\/uploads\/2026\/08\/719a4099c4fd99624d98ccc17f9a93a0,ed71b48b.jpeg\"   class=\"dynamic\"\/><\/p>\n<p class=\"fig__caption__text\">Der liebevoll gestaltete Stubenwagen mit einem Schmetterlings-Mobile steht bereit f\u00fcr das Baby<\/p>\n<p>Die S\u00e4ngerin ist sehr gl\u00fccklich<\/p>\n<p>Der begleitet die <a href=\"https:\/\/www.bild.de\/ratgeber\/kind-familie\/kind-und-familie\/schwangerschaft-alle-infos-70150634.bild.html\" class=\"text-link\" rel=\"nofollow noopener\" target=\"_blank\">Schwangerschaft<\/a> bei jedem Schritt. \u201eEr begleitet mich zu jedem Ultraschalltermin und erlebt jede Entwicklung mit. Diese gemeinsame Vorfreude ist etwas ganz Besonderes\u201c, schw\u00e4rmte Jeanette \u00fcber ihn. F\u00fcr sie sei Sebastian \u201eder richtige Mann\u201c.<\/p>\n<p>Vielleicht sieht die S\u00e4ngerin gerade deshalb so gl\u00fccklich aus. Bereits im vergangenen Jahr sagte sie zu BILD: \u201eIch bin im Frieden mit meinem Inneren und in Liebe zu mir selbst.\u201c Genau dieses Gef\u00fchl spiegeln ihre neuen Fotos wider. Die letzten Besorgungen sind gemacht, das Kinderbett steht bereit, die Vorfreude k\u00f6nnte kaum gr\u00f6\u00dfer sein. Jetzt fehlt nur noch ein Mensch. Und nach Jeanettes eigenen Worten kann es \u201ewirklich jeden Tag so weit sein\u201c.<\/p>\n","protected":false},"excerpt":{"rendered":"TTS-Player \u00fcberspringen\u21b5Artikel weiterlesen Berlin \u2013 Es sind diese ganz normalen Momente, die pl\u00f6tzlich etwas ganz Besonderes werden. Ein&hellip;\n","protected":false},"author":2,"featured_media":1267875,"comment_status":"","ping_status":"","sticky":false,"template":"","format":"standard","meta":{"footnotes":"","_share_on_mastodon":"0"},"categories":[155],"tags":[1290,5614,27705,29,214,30,152,8858,6686,1911,1291,834,138370,215],"class_list":["post-1267874","post","type-post","status-publish","format-standard","has-post-thumbnail","category-unterhaltung","tag-baby","tag-biedermann-jeanette","tag-bild-am-sonntag","tag-deutschland","tag-entertainment","tag-germany","tag-instagram","tag-kinderwunsch","tag-personen-steckbrief","tag-saengerin","tag-schwanger","tag-schwangerschaft","tag-team-first","tag-unterhaltung"],"share_on_mastodon":{"url":"https:\/\/pubeurope.com\/@de\/117179528692999761","error":""},"_links":{"self":[{"href":"https:\/\/www.europesays.com\/de\/wp-json\/wp\/v2\/posts\/1267874","targetHints":{"allow":["GET"]}}],"collection":[{"href":"https:\/\/www.europesays.com\/de\/wp-json\/wp\/v2\/posts"}],"about":[{"href":"https:\/\/www.europesays.com\/de\/wp-json\/wp\/v2\/types\/post"}],"author":[{"embeddable":true,"href":"https:\/\/www.europesays.com\/de\/wp-json\/wp\/v2\/users\/2"}],"replies":[{"embeddable":true,"href":"https:\/\/www.europesays.com\/de\/wp-json\/wp\/v2\/comments?post=1267874"}],"version-history":[{"count":0,"href":"https:\/\/www.europesays.com\/de\/wp-json\/wp\/v2\/posts\/1267874\/revisions"}],"wp:featuredmedia":[{"embeddable":true,"href":"https:\/\/www.europesays.com\/de\/wp-json\/wp\/v2\/media\/1267875"}],"wp:attachment":[{"href":"https:\/\/www.europesays.com\/de\/wp-json\/wp\/v2\/media?parent=1267874"}],"wp:term":[{"taxonomy":"category","embeddable":true,"href":"https:\/\/www.europesays.com\/de\/wp-json\/wp\/v2\/categories?post=1267874"},{"taxonomy":"post_tag","embeddable":true,"href":"https:\/\/www.europesays.com\/de\/wp-json\/wp\/v2\/tags?post=1267874"}],"curies":[{"name":"wp","href":"https:\/\/api.w.org\/{rel}","templated":true}]}}