{"id":1267895,"date":"2026-08-29T15:46:20","date_gmt":"2026-08-29T15:46:20","guid":{"rendered":"https:\/\/www.europesays.com\/de\/1267895\/"},"modified":"2026-08-29T15:46:20","modified_gmt":"2026-08-29T15:46:20","slug":"koebes-underground-bringt-hits-und-freddie-mercury-nach-rheydt","status":"publish","type":"post","link":"https:\/\/www.europesays.com\/de\/1267895\/","title":{"rendered":"K\u00f6bes Underground bringt Hits und Freddie Mercury nach Rheydt"},"content":{"rendered":"<p class=\"text_ohne_einzug richtext text-em-55 !leading-serif mx-6 desktop:mx-0\"> Als das K\u00f6lner Dreigestirn zu vorger\u00fcckter Stunde die neue Session f\u00fcr offiziell er\u00f6ffnet erkl\u00e4rt, gibt es kein Halten mehr. W\u00e4hrend das jecke Trio aus den Reihen der Stimmungsband K\u00f6bes Underground auf der Rheydter Schloss-B\u00fchne alle Register zieht und das Publikum auf dem restlos ausverkauften Areal mit seiner karnevalistischen Einlage mitten im August begeistert, z\u00fccken die Zuschauer ihre Handys, um die ungew\u00f6hnlichen Momente mit Fotos und Videos festzuhalten. Die Hausband der bekannten K\u00f6lner Stunksitzung ist zur Sommermusik <a href=\"https:\/\/rp-online.de\/thema\/schloss-rheydt\/\" rel=\"nofollow noopener\" target=\"_blank\">Schloss Rheydt<\/a> zur\u00fcckgekehrt, um mit ihrem rund zweist\u00fcndigen Programm einmal mehr f\u00fcr einen stimmungsvollen Abend voller Klamauk, Musik und Tanzeinlagen zu sorgen.<\/p>\n","protected":false},"excerpt":{"rendered":"Als das K\u00f6lner Dreigestirn zu vorger\u00fcckter Stunde die neue Session f\u00fcr offiziell er\u00f6ffnet erkl\u00e4rt, gibt es kein Halten&hellip;\n","protected":false},"author":2,"featured_media":1267896,"comment_status":"","ping_status":"","sticky":false,"template":"","format":"standard","meta":{"footnotes":"","_share_on_mastodon":"0"},"categories":[1849],"tags":[4740,3364,29,10157,261916,548,663,3934,13267,30,13,97411,1420,4455,14,15,1209,21893,29330,12,13597,20451],"class_list":["post-1267895","post","type-post","status-publish","format-standard","has-post-thumbnail","category-moenchengladbach","tag-bekannten","tag-de","tag-deutschland","tag-dreigestirn","tag-ecki","tag-eu","tag-europa","tag-europe","tag-freddie-mercury","tag-germany","tag-headlines","tag-koebes","tag-koeln","tag-moenchengladbach","tag-nachrichten","tag-news","tag-nordrhein-westfalen","tag-pieper","tag-rheydt","tag-schlagzeilen","tag-schloss","tag-underground"],"share_on_mastodon":{"url":"https:\/\/pubeurope.com\/@de\/117179579578923161","error":""},"_links":{"self":[{"href":"https:\/\/www.europesays.com\/de\/wp-json\/wp\/v2\/posts\/1267895","targetHints":{"allow":["GET"]}}],"collection":[{"href":"https:\/\/www.europesays.com\/de\/wp-json\/wp\/v2\/posts"}],"about":[{"href":"https:\/\/www.europesays.com\/de\/wp-json\/wp\/v2\/types\/post"}],"author":[{"embeddable":true,"href":"https:\/\/www.europesays.com\/de\/wp-json\/wp\/v2\/users\/2"}],"replies":[{"embeddable":true,"href":"https:\/\/www.europesays.com\/de\/wp-json\/wp\/v2\/comments?post=1267895"}],"version-history":[{"count":0,"href":"https:\/\/www.europesays.com\/de\/wp-json\/wp\/v2\/posts\/1267895\/revisions"}],"wp:featuredmedia":[{"embeddable":true,"href":"https:\/\/www.europesays.com\/de\/wp-json\/wp\/v2\/media\/1267896"}],"wp:attachment":[{"href":"https:\/\/www.europesays.com\/de\/wp-json\/wp\/v2\/media?parent=1267895"}],"wp:term":[{"taxonomy":"category","embeddable":true,"href":"https:\/\/www.europesays.com\/de\/wp-json\/wp\/v2\/categories?post=1267895"},{"taxonomy":"post_tag","embeddable":true,"href":"https:\/\/www.europesays.com\/de\/wp-json\/wp\/v2\/tags?post=1267895"}],"curies":[{"name":"wp","href":"https:\/\/api.w.org\/{rel}","templated":true}]}}