{"id":1267898,"date":"2026-08-29T15:48:15","date_gmt":"2026-08-29T15:48:15","guid":{"rendered":"https:\/\/www.europesays.com\/de\/1267898\/"},"modified":"2026-08-29T15:48:15","modified_gmt":"2026-08-29T15:48:15","slug":"wiesbaden-anwaeltin-julia-dokara-stillt-sohn-vor-gericht-zeuge-verstoert","status":"publish","type":"post","link":"https:\/\/www.europesays.com\/de\/1267898\/","title":{"rendered":"Wiesbaden: Anw\u00e4ltin Julia Dokara stillt Sohn vor Gericht \u2013 Zeuge verst\u00f6rt"},"content":{"rendered":"<p>Zeuge ist verst\u00f6rt!Im Gericht! Mutter stillt Baby und sorgt f\u00fcr Aufsehen<img alt=\"Die Rechtsanw\u00e4ltin Julia Dokara stillt ihr Kind in einem Gerichtssaal. +++ dpa-Bildfunk +++\" fetchpriority=\"high\" width=\"940\" height=\"529\" decoding=\"async\" data-nimg=\"1\" class=\"Image_image__SdgLQ Picture_image__vGN9W\" style=\"color:transparent\"   src=\"https:\/\/www.europesays.com\/de\/wp-content\/uploads\/2026\/08\/die-rechtsanwaeltin-julia-dokara-stillt-ihr-kind-in-einem-gerichtssaal-plusplusplus-dpa-bildfunk-plu.webp\"\/><\/p>\n<p>Die Rechtsanw\u00e4ltin Julia Dokara stillt ihr Kind in einem Gerichtssaal. +++ dpa-Bildfunk +++<\/p>\n<p>picture alliance\/dpa \/ Hannes P. Albert<\/p>\n<p class=\"AnnotatedMarkup_paragraph__IUT9l\">Ob Stillen oder Babywippen: Eine Juristin verbindet Kind und Beruf und teilt ihre Erlebnisse bei Instagram. Die Reaktionen im Netz unterscheiden sich von ihren Erfahrungen vor Ort.<\/p>\n<p class=\"AnnotatedMarkup_paragraph__IUT9l\">\u201eBitte lassen Sie sich nicht irritieren, ich muss nur kurz meine Brust auspacken\u201c, so schildert Anw\u00e4ltin Julia Dokara eine Szene vor Gericht, als sie in einem Prozess ihren kleinen Sohn gestillt hat. Das macht die Wiesbadener Juristin regelm\u00e4\u00dfig. Der Zeuge sei trotzdem verst\u00f6rt gewesen. Welche Reaktionen bekommt die 32-j\u00e4hrige Mutter sonst darauf, dass sie ihrem Kind im Gerichtssaal die Brust gibt? Dar\u00fcber gibt sie auch auf ihrem Instagram-Kanal mit rund 116.000 Followern Auskunft.<\/p>\n<p class=\"AnnotatedMarkup_paragraph__IUT9l\">\u201eIch stand drei Tage nach der Geburt wieder im Gerichtssaal. Aber nicht allein. Mit meinem Baby. Und zu zweit haben wir jeden Gerichtstermin gerockt\u201c, sagt Dokara. \u201eKein einziges Mal fiel irgendein Spruch. Nie!\u201c Damit habe sie zuvor niemals gerechnet, berichtet die promovierte Anw\u00e4ltin f\u00fcr Miet- und Arbeitsrecht auf Instagram.<\/p>\n<p class=\"AnnotatedMarkup_paragraph__IUT9l\">Warum schon so rasch nach der Geburt zur\u00fcck ins Gericht? Bei ihrem ersten Sohn habe sie noch mit abgepumpter Milch und Unterst\u00fctzung ihrer Familie versucht, f\u00fcr Prozesse frei zu sein, aber Stillprobleme bekommen, sagt Dokara. Also sei ihr klar gewesen, das zweite Kind lieber in Gerichtss\u00e4le mitzunehmen.<\/p>\n<p>\u201eMieter drohte auf der Stra\u00dfe zu stehen\u201c<\/p>\n<p class=\"AnnotatedMarkup_paragraph__IUT9l\">Urspr\u00fcnglich habe sie drei Wochen nach der Geburt noch keine Gerichtstermine wahrnehmen wollen. \u201eDoch es gab ein Eilverfahren. Ein Vermieter hatte Wohnungsschl\u00fcssel ausgetauscht, mein Mandant drohte als Mieter auf der Stra\u00dfe zu stehen, das konnte nicht warten\u201c, erkl\u00e4rt die 32-J\u00e4hrige. \u201eIn dem Verfahren haben wir uns positiv verglichen\u201c, erg\u00e4nzt sie. Schlie\u00dflich habe es einen halbj\u00e4hrigen Aufschub f\u00fcr den Mieter in der Wohnung gegeben.<\/p>\n<p class=\"AnnotatedMarkup_paragraph__IUT9l\">Mittlerweile habe sie in vielen Prozessen gestillt. Richter, Mandanten, sogar gegnerische Anw\u00e4lte &#8211; alle seien verst\u00e4ndnisvoll gewesen. Sie habe herumlaufen und wippen d\u00fcrfen, ein junger Richter habe sogar angeboten, ihr Baby zu schaukeln, erz\u00e4hlt Dokara der dpa. Sie habe ihre Erlebnisse gepostet, um zu zeigen, dass Stillen auch in der \u00d6ffentlichkeit legitim und legal sei: \u201eJede Mutter hat dieses Recht.\u201c<\/p>\n<p class=\"AnnotatedMarkup_paragraph__IUT9l\">Im Netz hat Julia Dokara viele positive Kommentare bekommen wie etwa \u201eRespekt! Hammer Frau und Mutter!\u201c. Aber sie polarisiert auch, es gibt ebenso Kritik, beispielsweise: \u201eBei aller Mutterliebe, aber so was geht wirklich nicht. W\u00e4re ich deine Mandantin, ich h\u00e4tte dich gefeuert.\u201c Er w\u00fcrde nicht sehen wollen, dass seine Anw\u00e4ltin ihr Kind stillt und abgelenkt sei, so dieser Nutzer.<\/p>\n<p class=\"AnnotatedMarkup_paragraph__IUT9l\">Verwendete Quellen: raf\/dpa<\/p>\n","protected":false},"excerpt":{"rendered":"Zeuge ist verst\u00f6rt!Im Gericht! Mutter stillt Baby und sorgt f\u00fcr Aufsehen Die Rechtsanw\u00e4ltin Julia Dokara stillt ihr Kind&hellip;\n","protected":false},"author":2,"featured_media":1267899,"comment_status":"","ping_status":"","sticky":false,"template":"","format":"standard","meta":{"footnotes":"","_share_on_mastodon":"0"},"categories":[1847],"tags":[3364,29,260945,548,663,3934,553,3236,30,13,2052,1015,1114,14,15,12,4544],"class_list":["post-1267898","post","type-post","status-publish","format-standard","has-post-thumbnail","category-wiesbaden","tag-de","tag-deutschland","tag-digital-news-desk","tag-eu","tag-europa","tag-europe","tag-familie","tag-frauen","tag-germany","tag-headlines","tag-hessen","tag-justiz","tag-kinder","tag-nachrichten","tag-news","tag-schlagzeilen","tag-wiesbaden"],"share_on_mastodon":{"url":"https:\/\/pubeurope.com\/@de\/117179588949516687","error":""},"_links":{"self":[{"href":"https:\/\/www.europesays.com\/de\/wp-json\/wp\/v2\/posts\/1267898","targetHints":{"allow":["GET"]}}],"collection":[{"href":"https:\/\/www.europesays.com\/de\/wp-json\/wp\/v2\/posts"}],"about":[{"href":"https:\/\/www.europesays.com\/de\/wp-json\/wp\/v2\/types\/post"}],"author":[{"embeddable":true,"href":"https:\/\/www.europesays.com\/de\/wp-json\/wp\/v2\/users\/2"}],"replies":[{"embeddable":true,"href":"https:\/\/www.europesays.com\/de\/wp-json\/wp\/v2\/comments?post=1267898"}],"version-history":[{"count":0,"href":"https:\/\/www.europesays.com\/de\/wp-json\/wp\/v2\/posts\/1267898\/revisions"}],"wp:featuredmedia":[{"embeddable":true,"href":"https:\/\/www.europesays.com\/de\/wp-json\/wp\/v2\/media\/1267899"}],"wp:attachment":[{"href":"https:\/\/www.europesays.com\/de\/wp-json\/wp\/v2\/media?parent=1267898"}],"wp:term":[{"taxonomy":"category","embeddable":true,"href":"https:\/\/www.europesays.com\/de\/wp-json\/wp\/v2\/categories?post=1267898"},{"taxonomy":"post_tag","embeddable":true,"href":"https:\/\/www.europesays.com\/de\/wp-json\/wp\/v2\/tags?post=1267898"}],"curies":[{"name":"wp","href":"https:\/\/api.w.org\/{rel}","templated":true}]}}