{"id":1267939,"date":"2026-08-29T16:13:21","date_gmt":"2026-08-29T16:13:21","guid":{"rendered":"https:\/\/www.europesays.com\/de\/1267939\/"},"modified":"2026-08-29T16:13:21","modified_gmt":"2026-08-29T16:13:21","slug":"deutschland-vermutet-russland-hinter-drohnen-in-leipzig","status":"publish","type":"post","link":"https:\/\/www.europesays.com\/de\/1267939\/","title":{"rendered":"Deutschland vermutet Russland hinter Drohnen in Leipzig"},"content":{"rendered":"<p>Die deutsche Regierung sieht einem Medienbericht zufolge Russland hinter dem Drohnenvorfall in Leipzig. Berlin plane, in den kommenden Tagen Moskau offiziell f\u00fcr den versuchten Sprengstoffdrohnenanschlag von Anfang August verantwortlich zu machen, berichteten die Welt am Sonntag und das Portal Politico am Samstag unter Verweis auf \u201edrei mit dem Vorgang vertraute Personen\u201c. Demnach sollen zeitgleich \u201eumfangreiche\u201c Ma\u00dfnahmen angek\u00fcndigt werden.<\/p>\n<p>Den Berichten zufolge geht es um eine Kombination von direkten Ma\u00dfnahmen Deutschlands und neuer EU-Sanktionen. Daher sei die Ank\u00fcndigung f\u00fcr Anfang kommender Woche parallel zum EU-Au\u00dfenministertreffen in Irland am Dienstag geplant. Der deutsche Bundeskanzler Friedrich Merz k\u00f6nnte die Entscheidung demnach aber auch vorziehen.<\/p>\n<p>Am Abend des 4. August war am Flughafen Leipzig eine mit Sprengstoff beladene Drohne entdeckt worden. In ihrer N\u00e4he befanden sich mehrere ukrainische Frachtflugzeuge. Der Flughafen Leipzig gilt als Umschlagplatz f\u00fcr milit\u00e4rische Hilfslieferungen f\u00fcr die Ukraine im Abwehrkrieg gegen Russland. Berichten zufolge wurden in Leipzig mehrere Drohnen eingesetzt.<\/p>\n<p>                \u00d6ffentliche Beschuldigung steht bevor                                    <\/p>\n<p>Merz hatte am Donnerstag in einem RTL-Interview gesagt, seine Regierung werde die Verantwortlichen des Vorfalls in K\u00fcrze benennen. Der deutsche Innenminister Alexander Dobrindt hat bisher nur von \u201efremden M\u00e4chten\u201c gesprochen. Ein Regierungssprecher sagte in Reaktion auf die Medienberichte am Samstag: \u201eDie Bundesregierung beteiligt sich nicht an Spekulationen. Relevant ist allein die offizielle Zuordnung, die die Bundesregierung nach eigenem Ermessen und unter Abw\u00e4gung aller Ermittlungsergebnisse vornimmt.\u201c<\/p>\n<p>Der Kreml lie\u00df indes durch seinen Sprecher Dmitri Peskow wissen, man sehe keine Aussicht auf verbesserte Beziehungen zur Europ\u00e4ischen Union. Europa treffe Aussagen, die darauf hindeuteten, dass es Russland als \u201eGegner und sogar als Feind\u201c betrachte. Auf welche \u00c4u\u00dferungen sich Peskow genau bezog, blieb zun\u00e4chst unklar. Die derzeitigen EU-Politiker verhielten sich Russland gegen\u00fcber konfrontativ, \u201enicht nur in Worten, sondern auch in Taten\u201c, f\u00fcgt er hinzu. \u201eSie mobilisieren die milit\u00e4rischen F\u00e4higkeiten Europas und richten sie gegen unser Land, w\u00e4hrend sie sich direkt an Feindseligkeiten gegen uns beteiligen.\u201c<\/p>\n<p>apa<\/p>\n","protected":false},"excerpt":{"rendered":"Die deutsche Regierung sieht einem Medienbericht zufolge Russland hinter dem Drohnenvorfall in Leipzig. Berlin plane, in den kommenden&hellip;\n","protected":false},"author":2,"featured_media":1267940,"comment_status":"","ping_status":"","sticky":false,"template":"","format":"standard","meta":{"footnotes":"","_share_on_mastodon":"0"},"categories":[2],"tags":[331,3924,332,3922,19322,3364,29,8737,30,1724,13,19324,3074,14,3923,15,3921,19319,1433,19320,16,19323,12,265,19318,19317,19321,19325,103],"class_list":["post-1267939","post","type-post","status-publish","format-standard","has-post-thumbnail","category-deutschland","tag-aktuelle-nachrichten","tag-aktuelle-nachrichten-aus-deutschland","tag-aktuelle-news","tag-aktuelle-news-aus-deutschland","tag-chronik","tag-de","tag-deutschland","tag-diskussion","tag-germany","tag-gesellschaft","tag-headlines","tag-mediengeschehen","tag-meinung","tag-nachrichten","tag-nachrichten-aus-deutschland","tag-news","tag-news-aus-deutschland","tag-nordtirol","tag-oesterreich","tag-osttirol","tag-politik","tag-presseklick","tag-schlagzeilen","tag-sport","tag-suedtirol","tag-unsertirol24","tag-ut24","tag-ut24-blog","tag-welt"],"share_on_mastodon":{"url":"https:\/\/pubeurope.com\/@de\/117179685708945144","error":""},"_links":{"self":[{"href":"https:\/\/www.europesays.com\/de\/wp-json\/wp\/v2\/posts\/1267939","targetHints":{"allow":["GET"]}}],"collection":[{"href":"https:\/\/www.europesays.com\/de\/wp-json\/wp\/v2\/posts"}],"about":[{"href":"https:\/\/www.europesays.com\/de\/wp-json\/wp\/v2\/types\/post"}],"author":[{"embeddable":true,"href":"https:\/\/www.europesays.com\/de\/wp-json\/wp\/v2\/users\/2"}],"replies":[{"embeddable":true,"href":"https:\/\/www.europesays.com\/de\/wp-json\/wp\/v2\/comments?post=1267939"}],"version-history":[{"count":0,"href":"https:\/\/www.europesays.com\/de\/wp-json\/wp\/v2\/posts\/1267939\/revisions"}],"wp:featuredmedia":[{"embeddable":true,"href":"https:\/\/www.europesays.com\/de\/wp-json\/wp\/v2\/media\/1267940"}],"wp:attachment":[{"href":"https:\/\/www.europesays.com\/de\/wp-json\/wp\/v2\/media?parent=1267939"}],"wp:term":[{"taxonomy":"category","embeddable":true,"href":"https:\/\/www.europesays.com\/de\/wp-json\/wp\/v2\/categories?post=1267939"},{"taxonomy":"post_tag","embeddable":true,"href":"https:\/\/www.europesays.com\/de\/wp-json\/wp\/v2\/tags?post=1267939"}],"curies":[{"name":"wp","href":"https:\/\/api.w.org\/{rel}","templated":true}]}}