{"id":1267964,"date":"2026-08-29T16:36:50","date_gmt":"2026-08-29T16:36:50","guid":{"rendered":"https:\/\/www.europesays.com\/de\/1267964\/"},"modified":"2026-08-29T16:36:50","modified_gmt":"2026-08-29T16:36:50","slug":"hessen-remis-gegen-essen-wehen-wiesbaden-wartet-weiter-auf-ersten-sieg","status":"publish","type":"post","link":"https:\/\/www.europesays.com\/de\/1267964\/","title":{"rendered":"Hessen: Remis gegen Essen: Wehen Wiesbaden wartet weiter auf ersten Sieg"},"content":{"rendered":"<p>            <img loading=\"lazy\" decoding=\"async\" class=\"ts-image\" src=\"https:\/\/www.europesays.com\/de\/wp-content\/uploads\/2026\/08\/hr-neuzugang-marcus-mueller-li-vom-svww-lieferte-sich-hier-einen-zweikampf-mit-ben-huening-von-rot-w.jpeg\" alt=\"svww-rwe\" title=\"Neuzugang Marcus M\u00fcller (li.) vom SVWW lieferte sich hier einen Zweikampf mit Ben H\u00fcning von Rot-Weiss Essen. Die Partie endete torlos.  | Imago\"\/><\/p>\n<p class=\"metatextline\">Stand: 29.08.2026 \u2022 16:10 Uhr<\/p>\n<p class=\"article-head__shorttext\">\n        <strong>Der Fehlstart f\u00fcr Wehen Wiesbaden in Liga 3 ist besiegelt. Der SVWW holt sich im dritten Ligaspiel wenigstens den ersten Punkt. Zwei Neuzug\u00e4nge geben ihr Deb\u00fct &#8211; einer davon h\u00e4tte beinahe einen traumhaften Einstand feiern k\u00f6nnen.<\/strong>\n    <\/p>\n<p class=\"textabsatz m-ten m-offset-one l-eight l-offset-two columns twelve\">Nach zwei Pleiten zum Saisonstart hat der SV Wehen Wiesbaden auch im dritten Spiel in der 3. Liga den ersten Saisonsieg verpasst. Das Team kam am Samstag im Heimspiel gegen Rot-Weiss Essen nicht \u00fcber ein 0:0 hinaus. Der Fehlstart in die Saison ist besiegelt. Wehen Wiesbaden d\u00fcmpelt damit im Tabellenkeller.<\/p>\n<p class=\"textabsatz m-ten m-offset-one l-eight l-offset-two columns twelve\">Die Gastgeber begannen in der Startelf mit Neuzugang Marcus M\u00fcller, der von Zweitligist Holstein Kiel ausgeliehen wurde. Doch der St\u00fcrmer, in der Doppelspitze mit Moritz Flotho im 4-4-2-System aufgeboten, konnte keine entscheidenden Impulse setzen.<\/p>\n<p class=\"textabsatz m-ten m-offset-one l-eight l-offset-two columns twelve\">Die G\u00e4ste, die mit einem Sieg und einer Niederlage in die Saison gestartet waren, begannen schwungvoller und offensiver. RWE erspielte sich im ersten Durchgang auch ein Chancenplus. Der SVWW kam seltener gef\u00e4hrlich vors Tor. Bei einer der besten Chancen strich ein Schuss von Lukas Schleimer \u00fcbers Tor (14.).<\/p>\n<p>    Neuzugang Massimo eingewechselt und gef\u00e4hrlich<\/p>\n<p class=\"textabsatz m-ten m-offset-one l-eight l-offset-two columns twelve\">In der zweiten H\u00e4lfte wurde dann auch der frisch verpflichtete Roberto Massimo eingewechselt (58.). Der vom polnischen Vize-Meister Gornik Zabrze gekommene Mittelfeldspieler f\u00fchrte sich Sekunden sp\u00e4ter auch gleich ein, scheiterte aber mit einem Schuss am G\u00e4ste-Torwart. Es h\u00e4tte ein traumhafter Einstand werden k\u00f6nnen. Wiesbaden wurde im zweiten Durchgang mutiger und erspielte sich deutlich mehr M\u00f6glichkeiten &#8211; lie\u00df aber alle ungenutzt.<\/p>\n<p class=\"textabsatz m-ten m-offset-one l-eight l-offset-two columns twelve\">Sportchef Uwe St\u00f6ver k\u00fcndigte bereits vor dem Spiel an, dass sich bei Zu- und Abg\u00e4ngen bis zum Ende der Transferperiode am Dienstag noch etwas tun wird. Es seien noch personelle Ver\u00e4nderungen im Kader zu erwarten. Im n\u00e4chsten Ligaspiel muss der SVWW am Samstag bei Hansa Rostock antreten.<\/p>\n<p>SV Wehen Wiesbaden &#8211; Rot-Weiss Essen 0:0<\/p>\n<p>            <strong>Wiesbaden<\/strong>: Stritzel &#8211; Fechner, Gillekens (74.H\u00fcbner), Janitzek &#8211; Nink, Schleimer (58.Massimo), G\u00f6z\u00fcsirin, Greilinger, Ati Allah (46.Kalem), M\u00fcller (87.May) &#8211; Flotho<br \/><strong>Essen<\/strong>: Golz &#8211; Hofmann, H\u00fcning, Geschwill, Bouebari &#8211; Sietan, Menzel, Obuz (69.Abiama), Telalovic (85.Reisig), Pesch (74.Brumme) &#8211; Janssen (69.Cuber Potocnik)<\/p>\n<p><strong>Tore<\/strong>: &#8211;<br \/><strong>Gelbe Karten<\/strong>: Fechner, H\u00fcbner, Janitzek, Kalem \/ Hofmann<\/p>\n<p><strong>Schiedsrichter<\/strong>: Exuzidis (Castrop-Rauxel)<br \/><strong>Zuschauer<\/strong>: 4.329<\/p>\n<p>                                        <a class=\"backlink__link\" href=\"https:\/\/www.hessenschau.de\/sport\/fussball\/wehen-wiesbaden\/remis-gegen-essen-wehen-wiesbaden-wartet-weiter-auf-ersten-sieg--v1,svww-essen-112.html\" rel=\"nofollow noopener\" target=\"_blank\"><\/p>\n<p>                                                <img decoding=\"async\" src=\"https:\/\/images.tagesschau.de\/image\/d5dbef2b-a561-4a5d-8a3f-af75f4c80994\/AAABlap_bik\/AAABnR8VW9w\/original\/lra-hr-logo-100.svg\" alt=\"Hessischer Rundfunk\"\/><\/p>\n<p>                                        <\/a><\/p>\n","protected":false},"excerpt":{"rendered":"Stand: 29.08.2026 \u2022 16:10 Uhr Der Fehlstart f\u00fcr Wehen Wiesbaden in Liga 3 ist besiegelt. Der SVWW holt&hellip;\n","protected":false},"author":2,"featured_media":1267965,"comment_status":"","ping_status":"","sticky":false,"template":"","format":"standard","meta":{"footnotes":"","_share_on_mastodon":"0"},"categories":[1834],"tags":[3364,29,3688,30,2052,12591,1209],"class_list":["post-1267964","post","type-post","status-publish","format-standard","has-post-thumbnail","category-essen","tag-de","tag-deutschland","tag-essen","tag-germany","tag-hessen","tag-hr","tag-nordrhein-westfalen"],"share_on_mastodon":{"url":"https:\/\/pubeurope.com\/@de\/117179777983166927","error":""},"_links":{"self":[{"href":"https:\/\/www.europesays.com\/de\/wp-json\/wp\/v2\/posts\/1267964","targetHints":{"allow":["GET"]}}],"collection":[{"href":"https:\/\/www.europesays.com\/de\/wp-json\/wp\/v2\/posts"}],"about":[{"href":"https:\/\/www.europesays.com\/de\/wp-json\/wp\/v2\/types\/post"}],"author":[{"embeddable":true,"href":"https:\/\/www.europesays.com\/de\/wp-json\/wp\/v2\/users\/2"}],"replies":[{"embeddable":true,"href":"https:\/\/www.europesays.com\/de\/wp-json\/wp\/v2\/comments?post=1267964"}],"version-history":[{"count":0,"href":"https:\/\/www.europesays.com\/de\/wp-json\/wp\/v2\/posts\/1267964\/revisions"}],"wp:featuredmedia":[{"embeddable":true,"href":"https:\/\/www.europesays.com\/de\/wp-json\/wp\/v2\/media\/1267965"}],"wp:attachment":[{"href":"https:\/\/www.europesays.com\/de\/wp-json\/wp\/v2\/media?parent=1267964"}],"wp:term":[{"taxonomy":"category","embeddable":true,"href":"https:\/\/www.europesays.com\/de\/wp-json\/wp\/v2\/categories?post=1267964"},{"taxonomy":"post_tag","embeddable":true,"href":"https:\/\/www.europesays.com\/de\/wp-json\/wp\/v2\/tags?post=1267964"}],"curies":[{"name":"wp","href":"https:\/\/api.w.org\/{rel}","templated":true}]}}